{"id":10213,"date":"2017-10-30T15:19:06","date_gmt":"2017-10-30T13:19:06","guid":{"rendered":"https:\/\/www.pimealdia.org\/les-pimes-catalanes-no-paren\/"},"modified":"2017-10-31T11:44:58","modified_gmt":"2017-10-31T09:44:58","slug":"les-pimes-catalanes-no-paren","status":"publish","type":"post","link":"https:\/\/www.pimealdia.org\/es\/les-pimes-catalanes-no-paren\/","title":{"rendered":"Las pymes catalanas no paran"},"content":{"rendered":"<p>La crisis econ\u00f3mica hizo estragos. La salida de esta, m\u00e1s o menos evidente dependiente de los sectores, se est\u00e1 haciendo cada vez m\u00e1s evidente. Las pymes catalanas no paran. De hecho, no han parado de luchar, de superar las piedras que se han encontrado en el camino y de persistir para poder prepararse para, alg\u00fan d\u00eda, volver a crecer.<\/p>\n<p>Incluso con las incertidumbres que nos han acompa\u00f1ado en los \u00faltimos tiempos, no paran. No se lo pueden permitir. Su posici\u00f3n individual no es tanto dominante ni tendr\u00e1n nunca la repercusi\u00f3n medi\u00e1tica que tienen otros &#8220;hermanos mayores&#8221;. Pero aqu\u00ed est\u00e1n, y en conjunto (un 99% concretamente), tienen un potencial inigualable.<\/p>\n<p>https:\/\/www.youtube.com\/watch?v=FQ2o1Wig1w8<\/p>\n<p>Desde el \u00e1rea financiera de <a href=\"https:\/\/www.pimec.org\/ca\/pimes-autonoms\/serveis\/finances\" target=\"_blank\" rel=\"noopener noreferrer\"> PIMEC <\/a> hemos colaborado el 2017 con 12 empresas con proyectos estrat\u00e9gicos muy espec\u00edficos de crecimiento y mejora de la competitividad, ayud\u00e1ndolas a encontrar los recursos financieros necesarios para ejecutarlos.<\/p>\n<p>Proyectos que se han traducido en inversiones productivas muy importantes y en una significativa creaci\u00f3n de nuevos puestos de trabajo. Sectores tradicionales con un fuerte componente de <a href=\"https:\/\/www.pimealdia.org\/es\/category\/tecnologia\/\" target=\"_blank\" rel=\"noopener noreferrer\"> innovaci\u00f3n <\/a> continua, de todos los territorios de Catalu\u00f1a y con una clara apuesta por la <a href=\"https:\/\/www.pimealdia.org\/es\/category\/internacional-es\/\" target=\"_blank\" rel=\"noopener noreferrer\"> internacionalizaci\u00f3n.<\/a><\/p>\n<p><strong><img loading=\"lazy\" class=\"size-medium wp-image-9944 alignleft\" src=\"https:\/\/www.pimealdia.org\/wp-content\/uploads\/2017\/10\/los-valores-humanos-y-la-\u00e9tica-1-300x201.jpg\" alt=\"\" width=\"300\" height=\"201\" srcset=\"https:\/\/www.pimealdia.org\/wp-content\/uploads\/2017\/10\/los-valores-humanos-y-la-\u00e9tica-1-300x201.jpg 300w, https:\/\/www.pimealdia.org\/wp-content\/uploads\/2017\/10\/los-valores-humanos-y-la-\u00e9tica-1-600x401.jpg 600w, https:\/\/www.pimealdia.org\/wp-content\/uploads\/2017\/10\/los-valores-humanos-y-la-\u00e9tica-1-400x268.jpg 400w, https:\/\/www.pimealdia.org\/wp-content\/uploads\/2017\/10\/los-valores-humanos-y-la-\u00e9tica-1.jpg 640w\" sizes=\"(max-width: 300px) 100vw, 300px\" \/>M\u00e1s concretamente, la inversi\u00f3n productiva total del conjunto de estos proyectos ha sido de 28M \u20ac. Solo en el a\u00f1o 2017 el desarrollo de estos proyectos ha provocado la creaci\u00f3n de 243 nuevos puestos de trabajo, un 15% de los cuales destinados a trabajadores desfavorecidos, con un equivalente econ\u00f3mico de 6M \u20ac. <\/strong><\/p>\n<p>Es un orgullo poder asesorar desde el \u00e1rea financiera a un volumen anual aproximado de 1.000 pymes para ayudarlas a potenciar sus negocios.<\/p>\n<p><strong>\u00a1Nosotros tampoco paramos! <\/strong><\/p>\n<p>\u00bfY t\u00fa? \u00a1Si no paras, cont\u00e1ctanos!<\/p>\n","protected":false},"excerpt":{"rendered":"<p>La crisis econ\u00f3mica hizo estragos. La salida de esta, m\u00e1s o menos evidente dependiente de los sectores, se est\u00e1 haciendo cada vez m\u00e1s evidente. Las pymes catalanas no paran. De hecho, no han parado de luchar, de superar las piedras que se han encontrado en el camino y de persistir para poder prepararse para, alg\u00fan d\u00eda, volver a crecer. Incluso con las incertidumbres que nos han acompa\u00f1ado en los \u00faltimos tiempos, no paran. No se lo pueden permitir. Su posici\u00f3n individual no es tanto dominante ni tendr\u00e1n nunca la repercusi\u00f3n medi\u00e1tica que tienen otros &#8220;hermanos mayores&#8221;. Pero aqu\u00ed est\u00e1n, y<\/p>\n","protected":false},"author":48,"featured_media":10230,"comment_status":"open","ping_status":"closed","sticky":false,"template":"","format":"standard","meta":[],"categories":[330],"tags":[],"_links":{"self":[{"href":"https:\/\/www.pimealdia.org\/es\/wp-json\/wp\/v2\/posts\/10213"}],"collection":[{"href":"https:\/\/www.pimealdia.org\/es\/wp-json\/wp\/v2\/posts"}],"about":[{"href":"https:\/\/www.pimealdia.org\/es\/wp-json\/wp\/v2\/types\/post"}],"author":[{"embeddable":true,"href":"https:\/\/www.pimealdia.org\/es\/wp-json\/wp\/v2\/users\/48"}],"replies":[{"embeddable":true,"href":"https:\/\/www.pimealdia.org\/es\/wp-json\/wp\/v2\/comments?post=10213"}],"version-history":[{"count":6,"href":"https:\/\/www.pimealdia.org\/es\/wp-json\/wp\/v2\/posts\/10213\/revisions"}],"predecessor-version":[{"id":10236,"href":"https:\/\/www.pimealdia.org\/es\/wp-json\/wp\/v2\/posts\/10213\/revisions\/10236"}],"wp:featuredmedia":[{"embeddable":true,"href":"https:\/\/www.pimealdia.org\/es\/wp-json\/wp\/v2\/media\/10230"}],"wp:attachment":[{"href":"https:\/\/www.pimealdia.org\/es\/wp-json\/wp\/v2\/media?parent=10213"}],"wp:term":[{"taxonomy":"category","embeddable":true,"href":"https:\/\/www.pimealdia.org\/es\/wp-json\/wp\/v2\/categories?post=10213"},{"taxonomy":"post_tag","embeddable":true,"href":"https:\/\/www.pimealdia.org\/es\/wp-json\/wp\/v2\/tags?post=10213"}],"curies":[{"name":"wp","href":"https:\/\/api.w.org\/{rel}","templated":true}]}}