{"id":10330,"date":"2017-11-03T15:59:46","date_gmt":"2017-11-03T13:59:46","guid":{"rendered":"https:\/\/www.pimealdia.org\/?p=10330\/"},"modified":"2017-11-03T16:00:24","modified_gmt":"2017-11-03T14:00:24","slug":"clatellada-hivernal-prediccio-meteorologica-del-4-al-10-de-novembre-2017","status":"publish","type":"post","link":"https:\/\/www.pimealdia.org\/es\/clatellada-hivernal-prediccio-meteorologica-del-4-al-10-de-novembre-2017\/","title":{"rendered":"Varapalo invernal: predicci\u00f3n meteorol\u00f3gica del 4 al 10 de noviembre 2017"},"content":{"rendered":"<p>Los cuerpos todav\u00eda los tenemos acostumbrados al ambiente suave, templado de octubre. Pero esto se acaba y <strong> nos tendremos que adaptar en pocas horas a un ambiente invernal <\/strong>. Les anunciamos algunas lluvias o incluso alguna tormenta para el s\u00e1bado, nieve domingo en el Pirineo sobre todo en la cara norte y entrada de una fuerte tramontana y mistral para domingo y lunes.<\/p>\n<p><img loading=\"lazy\" class=\"alignnone wp-image-10313 size-full\" src=\"https:\/\/www.pimealdia.org\/wp-content\/uploads\/2017\/11\/NEU.jpg\" alt=\"\" width=\"665 \" height=\" 150 \" srcset=\"https:\/\/www.pimealdia.org\/wp-content\/uploads\/2017\/11\/NEU.jpg 665w, https:\/\/www.pimealdia.org\/wp-content\/uploads\/2017\/11\/NEU-300x68.jpg 300w, https:\/\/www.pimealdia.org\/wp-content\/uploads\/2017\/11\/NEU-600x135.jpg 600w, https:\/\/www.pimealdia.org\/wp-content\/uploads\/2017\/11\/NEU-400x90.jpg 400w\" sizes=\"(max-width: 665px) 100vw, 665px\" \/><\/p>\n<blockquote><p>Todo ello abrir\u00e1 las puertas a una entrada de aire fr\u00edo contundente que, sin ser nada del otro mundo, contrastar\u00e1 con las temperaturas tan suaves de las \u00faltimas semanas<\/p><\/blockquote>\n<p><strong> Prepare la ropa de abrigo a partir del domingo por la tarde, h\u00e1ganos caso <\/strong>.<\/p>\n<p><img loading=\"lazy\" class=\"size-medium wp-image-10326 alignright\" src=\"https:\/\/www.pimealdia.org\/wp-content\/uploads\/2017\/11\/meteorologia-22-300x196.jpg\" alt=\"\" width=\"300\" height=\"196\" srcset=\"https:\/\/www.pimealdia.org\/wp-content\/uploads\/2017\/11\/meteorologia-22-300x196.jpg 300w, https:\/\/www.pimealdia.org\/wp-content\/uploads\/2017\/11\/meteorologia-22-600x392.jpg 600w, https:\/\/www.pimealdia.org\/wp-content\/uploads\/2017\/11\/meteorologia-22-400x261.jpg 400w, https:\/\/www.pimealdia.org\/wp-content\/uploads\/2017\/11\/meteorologia-22.jpg 612w\" sizes=\"(max-width: 300px) 100vw, 300px\" \/> Ya puede decidirse a comprar ese abrigo, aquel jersey, aquellos guantes o aquella bufanda que hasta ahora se dejaba entrever en los escaparates pero no se atrev\u00eda ni a mirar detenidamente por el calor que ten\u00edamos. Adem\u00e1s el viento aumentar\u00e1 la sensaci\u00f3n de frialdad.<\/p>\n<p>Las calefacciones deber\u00e1n conectarse la mayor parte de los d\u00edas de la semana pr\u00f3xima, por lo tanto el consumo energ\u00e9tico aumentar\u00e1 notablemente. Para mantener los hogares agradables aproveche los d\u00edas soleados para tener las ventanas orientadas al sur y oeste cerradas pero sin cortinas, as\u00ed provocar\u00e1n un &#8220;mini-efecto invernadero&#8221;.<\/p>\n<p>La baja humedad de lunes y martes ser\u00e1 favorable para secar interiores reci\u00e9n pintados o para hacer rehabilitaciones y l\u00e1stima que en Catalu\u00f1a no tenemos demasiado parques e\u00f3licos pero el viento soplar\u00e1 duro durante algunas jornadas.<\/p>\n<p><img loading=\"lazy\" class=\"size-medium wp-image-10319 alignleft\" src=\"https:\/\/www.pimealdia.org\/wp-content\/uploads\/2017\/11\/meteorlogia-10-300x225.jpg\" alt=\"\" width=\"300\" height=\"225\" srcset=\"https:\/\/www.pimealdia.org\/wp-content\/uploads\/2017\/11\/meteorlogia-10-300x225.jpg 300w, https:\/\/www.pimealdia.org\/wp-content\/uploads\/2017\/11\/meteorlogia-10-400x300.jpg 400w, https:\/\/www.pimealdia.org\/wp-content\/uploads\/2017\/11\/meteorlogia-10.jpg 591w\" sizes=\"(max-width: 300px) 100vw, 300px\" \/> <strong>El sector agr\u00edcola <\/strong> debe tener presente que la noche del lunes al martes el viento disminuir\u00e1 mucho o incluso desaparecer\u00e1 y, con el cielo despejado, se podr\u00e1n registrarse las primeras heladas en zonas bajas del interior, heladas que en alg\u00fan lugar no nos extra\u00f1ar\u00eda que fueran &#8220;negros&#8221;, es decir, aquellas que no se ven porque no hay humedad y por tanto no hay escarcha, pero dejan las hojas de algunas plantas ennegrecidas.<\/p>\n<p><img loading=\"lazy\" class=\"size-full wp-image-10322 alignright\" src=\"https:\/\/www.pimealdia.org\/wp-content\/uploads\/2017\/11\/meteorologia-21.jpg\" alt=\"\" width=\"281\" height=\"179\" \/> A veces recibimos llamadas de <strong> productoras de cine o de spots publicitarios <\/strong> pidi\u00e9ndonos qu\u00e9 visibilidad habr\u00e1 para un rodaje, pues bien el lunes pr\u00f3ximo y gran parte del martes ser\u00e1n dos jornadas de visibilidad excepcional, atm\u00f3sfera limpia, transparente, casi &#8220;met\u00e1lica&#8221; como dir\u00eda Julio Verne. Y a partir del mi\u00e9rcoles, segunda bocanada fr\u00eda.<\/p>\n<p>Por gentileza de <a href=\"http:\/\/www.taikometeorologia.com\/\" target=\"_blank\" rel=\"noopener noreferrer\"> taiko Meteorolog\u00eda <\/a><\/p>\n","protected":false},"excerpt":{"rendered":"<p>Los cuerpos todav\u00eda los tenemos acostumbrados al ambiente suave, templado de octubre. Pero esto se acaba y nos tendremos que adaptar en pocas horas a un ambiente invernal . Les anunciamos algunas lluvias o incluso alguna tormenta para el s\u00e1bado, nieve domingo en el Pirineo sobre todo en la cara norte y entrada de una fuerte tramontana y mistral para domingo y lunes. Todo ello abrir\u00e1 las puertas a una entrada de aire fr\u00edo contundente que, sin ser nada del otro mundo, contrastar\u00e1 con las temperaturas tan suaves de las \u00faltimas semanas Prepare la ropa de abrigo a partir del<\/p>\n","protected":false},"author":60,"featured_media":10341,"comment_status":"open","ping_status":"closed","sticky":false,"template":"","format":"standard","meta":[],"categories":[338],"tags":[],"_links":{"self":[{"href":"https:\/\/www.pimealdia.org\/es\/wp-json\/wp\/v2\/posts\/10330"}],"collection":[{"href":"https:\/\/www.pimealdia.org\/es\/wp-json\/wp\/v2\/posts"}],"about":[{"href":"https:\/\/www.pimealdia.org\/es\/wp-json\/wp\/v2\/types\/post"}],"author":[{"embeddable":true,"href":"https:\/\/www.pimealdia.org\/es\/wp-json\/wp\/v2\/users\/60"}],"replies":[{"embeddable":true,"href":"https:\/\/www.pimealdia.org\/es\/wp-json\/wp\/v2\/comments?post=10330"}],"version-history":[{"count":3,"href":"https:\/\/www.pimealdia.org\/es\/wp-json\/wp\/v2\/posts\/10330\/revisions"}],"predecessor-version":[{"id":10333,"href":"https:\/\/www.pimealdia.org\/es\/wp-json\/wp\/v2\/posts\/10330\/revisions\/10333"}],"wp:featuredmedia":[{"embeddable":true,"href":"https:\/\/www.pimealdia.org\/es\/wp-json\/wp\/v2\/media\/10341"}],"wp:attachment":[{"href":"https:\/\/www.pimealdia.org\/es\/wp-json\/wp\/v2\/media?parent=10330"}],"wp:term":[{"taxonomy":"category","embeddable":true,"href":"https:\/\/www.pimealdia.org\/es\/wp-json\/wp\/v2\/categories?post=10330"},{"taxonomy":"post_tag","embeddable":true,"href":"https:\/\/www.pimealdia.org\/es\/wp-json\/wp\/v2\/tags?post=10330"}],"curies":[{"name":"wp","href":"https:\/\/api.w.org\/{rel}","templated":true}]}}