{"id":10842,"date":"2017-11-23T15:28:29","date_gmt":"2017-11-23T13:28:29","guid":{"rendered":"https:\/\/www.pimealdia.org\/evolucio-de-la-negociacio-collectiva-octubre-de-2017\/"},"modified":"2017-11-23T16:18:29","modified_gmt":"2017-11-23T14:18:29","slug":"evolucio-de-la-negociacio-collectiva-octubre-de-2017","status":"publish","type":"post","link":"https:\/\/www.pimealdia.org\/es\/evolucio-de-la-negociacio-collectiva-octubre-de-2017\/","title":{"rendered":"Evoluci\u00f3n de la negociaci\u00f3n colectiva octubre de 2017"},"content":{"rendered":"<p>Con la publicaci\u00f3n de los datos del mes de octubre de 2017, seguimos con el an\u00e1lisis de la evoluci\u00f3n de la negociaci\u00f3n colectiva, a fin de dar herramientas a empresas, gremios y patronales sectoriales que permitan afrontar con las m\u00e1ximas garant\u00edas posibles la negociaci\u00f3n colectiva.<\/p>\n<p><img loading=\"lazy\" class=\"size-medium wp-image-10473 alignleft\" src=\"https:\/\/www.pimealdia.org\/wp-content\/uploads\/2017\/11\/crowdfunding-11-300x200.jpg\" alt=\"\" width=\"300\" height=\"200\" srcset=\"https:\/\/www.pimealdia.org\/wp-content\/uploads\/2017\/11\/crowdfunding-11-300x200.jpg 300w, https:\/\/www.pimealdia.org\/wp-content\/uploads\/2017\/11\/crowdfunding-11-1024x683.jpg 1024w, https:\/\/www.pimealdia.org\/wp-content\/uploads\/2017\/11\/crowdfunding-11-1000x667.jpg 1000w, https:\/\/www.pimealdia.org\/wp-content\/uploads\/2017\/11\/crowdfunding-11-800x534.jpg 800w, https:\/\/www.pimealdia.org\/wp-content\/uploads\/2017\/11\/crowdfunding-11-600x400.jpg 600w, https:\/\/www.pimealdia.org\/wp-content\/uploads\/2017\/11\/crowdfunding-11-400x267.jpg 400w, https:\/\/www.pimealdia.org\/wp-content\/uploads\/2017\/11\/crowdfunding-11.jpg 1300w\" sizes=\"(max-width: 300px) 100vw, 300px\" \/> Primeramente, y como dato m\u00e1s destacable de la publicaci\u00f3n de octubre, hay que decir que <strong> la subida salarial media pactada en los convenios colectivos registrados hasta octubre de 2017, se situ\u00f3 en el + 1,4%, bastante por encima de c\u00f3mo se cerr\u00f3 el mismo mes del a\u00f1o 2016 (+1,08%),<\/strong> seg\u00fan cifras provisionales del Ministerio de Empleo y indican un repunte significativo con respecto a los aumentos salariales contemplados en convenio<strong>.<\/strong><\/p>\n<h4><strong> Convenios colectivos <\/strong><\/h4>\n<p><strong> <img loading=\"lazy\" class=\"size-full wp-image-10832 alignleft\" src=\"https:\/\/www.pimealdia.org\/wp-content\/uploads\/2017\/11\/Morosos-4.jpg\" alt=\" \" width=\" 272 \" height=\" 181 \" \/> Se ha podido constatar un m\u00ednimo aumento del n\u00famero de convenios firmados con 967 convenios firmados, frente a los 961 del a\u00f1o pasado en estas fechas, que implican un aumento del +0 , 62%), <\/strong> los que, como es habitual predominan los de empresa, 721 convenios de empresa registrados y 246 de \u00e1mbito superior.<\/p>\n<h4><strong> Jornada laboral <\/strong><\/h4>\n<p>En relaci\u00f3n a la jornada media pactada, el 73,45% de las personas trabajadoras, se sit\u00faa en el tramo de entre 1.712 horas y 1.803 horas, que equivaldr\u00edan a una horquilla de entre 37,5 horas y 39,5 horas semanales .<\/p>\n<h4><strong>Inaplicaci\u00f3n de convenios<\/strong><\/h4>\n<p><img loading=\"lazy\" class=\"size-medium wp-image-9944 alignleft\" src=\"https:\/\/www.pimealdia.org\/wp-content\/uploads\/2017\/10\/los-valores-humanos-y-la-\u00e9tica-1-300x201.jpg\" alt=\"\" width=\"300\" height=\"201\" srcset=\"https:\/\/www.pimealdia.org\/wp-content\/uploads\/2017\/10\/los-valores-humanos-y-la-\u00e9tica-1-300x201.jpg 300w, https:\/\/www.pimealdia.org\/wp-content\/uploads\/2017\/10\/los-valores-humanos-y-la-\u00e9tica-1-600x401.jpg 600w, https:\/\/www.pimealdia.org\/wp-content\/uploads\/2017\/10\/los-valores-humanos-y-la-\u00e9tica-1-400x268.jpg 400w, https:\/\/www.pimealdia.org\/wp-content\/uploads\/2017\/10\/los-valores-humanos-y-la-\u00e9tica-1.jpg 640w\" sizes=\"(max-width: 300px) 100vw, 300px\" \/>Aunque este dato ha mejorado de manera significativa, con una reducci\u00f3n del -18&#8217;49% por debajo de la del a\u00f1o anterior, a\u00fan est\u00e1 por encima de lo que ser\u00eda deseable, con 939 inaplicaci\u00f3n en estos once meses que afecta a un total de 18.298 personas trabajadoras (un -31,36% respecto al mismo periodo del a\u00f1o anterior). Sin embargo, este dato debe seguir siendo motivo de an\u00e1lisis por los negociadores de convenios de sector, a fin de encontrar mecanismos \u00e1giles que permitan la adaptaci\u00f3n de todas las empresas afectadas a las condiciones pactadas sin tener que recurrir a los descuelgues.<\/p>\n<p>Por otra parte, <strong> hay que hacer tambi\u00e9n el an\u00e1lisis de cu\u00e1les son aquellas empresas que han tenido que recurrir mayoritariamente a este mecanismo para garantizar su viabilidad <\/strong>. En este sentido, una vez m\u00e1s, constatamos que son las pymes, las que han realizado un mayor n\u00famero de inaplicaci\u00f3n con un 86,6%, del total.<\/p>\n<p><img loading=\"lazy\" class=\"aligncenter wp-image-10837 size-full\" src=\"https:\/\/www.pimealdia.org\/wp-content\/uploads\/2017\/11\/banner-saludando-manos.jpg\" alt=\"\" width=\"665\" height=\"200\" srcset=\"https:\/\/www.pimealdia.org\/wp-content\/uploads\/2017\/11\/banner-saludando-manos.jpg 665w, https:\/\/www.pimealdia.org\/wp-content\/uploads\/2017\/11\/banner-saludando-manos-300x90.jpg 300w, https:\/\/www.pimealdia.org\/wp-content\/uploads\/2017\/11\/banner-saludando-manos-600x180.jpg 600w, https:\/\/www.pimealdia.org\/wp-content\/uploads\/2017\/11\/banner-saludando-manos-400x120.jpg 400w\" sizes=\"(max-width: 665px) 100vw, 665px\" \/><\/p>\n<p>Respecto a las condiciones de trabajo inaplicadas, destaca especialmente el descolgamiento de la cuant\u00eda salarial (90,2% de). Cabe destacar tambi\u00e9n que la gran mayor\u00eda de inaplicaci\u00f3n (el 88,8%), se han resuelto con acuerdo en el periodo de consultas y que el 96,9% han inaplicado un convenio o varios de \u00e1mbito superior al de empresa.<\/p>\n<p>Desde PIMEC, queremos recomendar la necesidad de comenzar a establecer sistemas de retribuci\u00f3n variable en los convenios, para poder acercar la productividad real a la retribuci\u00f3n de las personas trabajadoras.<\/p>\n","protected":false},"excerpt":{"rendered":"<p>Con la publicaci\u00f3n de los datos del mes de octubre de 2017, seguimos con el an\u00e1lisis de la evoluci\u00f3n de la negociaci\u00f3n colectiva, a fin de dar herramientas a empresas, gremios y patronales sectoriales que permitan afrontar con las m\u00e1ximas garant\u00edas posibles la negociaci\u00f3n colectiva. Primeramente, y como dato m\u00e1s destacable de la publicaci\u00f3n de octubre, hay que decir que la subida salarial media pactada en los convenios colectivos registrados hasta octubre de 2017, se situ\u00f3 en el + 1,4%, bastante por encima de c\u00f3mo se cerr\u00f3 el mismo mes del a\u00f1o 2016 (+1,08%), seg\u00fan cifras provisionales del Ministerio de<\/p>\n","protected":false},"author":5,"featured_media":10829,"comment_status":"open","ping_status":"closed","sticky":false,"template":"","format":"standard","meta":[],"categories":[342],"tags":[387],"_links":{"self":[{"href":"https:\/\/www.pimealdia.org\/es\/wp-json\/wp\/v2\/posts\/10842"}],"collection":[{"href":"https:\/\/www.pimealdia.org\/es\/wp-json\/wp\/v2\/posts"}],"about":[{"href":"https:\/\/www.pimealdia.org\/es\/wp-json\/wp\/v2\/types\/post"}],"author":[{"embeddable":true,"href":"https:\/\/www.pimealdia.org\/es\/wp-json\/wp\/v2\/users\/5"}],"replies":[{"embeddable":true,"href":"https:\/\/www.pimealdia.org\/es\/wp-json\/wp\/v2\/comments?post=10842"}],"version-history":[{"count":4,"href":"https:\/\/www.pimealdia.org\/es\/wp-json\/wp\/v2\/posts\/10842\/revisions"}],"predecessor-version":[{"id":10846,"href":"https:\/\/www.pimealdia.org\/es\/wp-json\/wp\/v2\/posts\/10842\/revisions\/10846"}],"wp:featuredmedia":[{"embeddable":true,"href":"https:\/\/www.pimealdia.org\/es\/wp-json\/wp\/v2\/media\/10829"}],"wp:attachment":[{"href":"https:\/\/www.pimealdia.org\/es\/wp-json\/wp\/v2\/media?parent=10842"}],"wp:term":[{"taxonomy":"category","embeddable":true,"href":"https:\/\/www.pimealdia.org\/es\/wp-json\/wp\/v2\/categories?post=10842"},{"taxonomy":"post_tag","embeddable":true,"href":"https:\/\/www.pimealdia.org\/es\/wp-json\/wp\/v2\/tags?post=10842"}],"curies":[{"name":"wp","href":"https:\/\/api.w.org\/{rel}","templated":true}]}}