{"id":10907,"date":"2017-11-28T15:09:26","date_gmt":"2017-11-28T13:09:26","guid":{"rendered":"https:\/\/www.pimealdia.org\/consequencies-politica-comercial-ue-pimes\/"},"modified":"2017-11-28T18:53:25","modified_gmt":"2017-11-28T16:53:25","slug":"consequencies-politica-comercial-ue-pimes","status":"publish","type":"post","link":"https:\/\/www.pimealdia.org\/es\/consequencies-politica-comercial-ue-pimes\/","title":{"rendered":"Consecuencias de la pol\u00edtica comercial de la UE para las pymes"},"content":{"rendered":"<p>\u00bfQu\u00e9 consecuencias tiene la pol\u00edtica comercial de la UE para las pymes? Actualmente la UE es la principal econom\u00eda mundial y principal importadora y exportadora, generando un 25% del PIB mundial con s\u00f3lo un 7% de su poblaci\u00f3n y teniendo un tejido empresarial del 99% de pymes.<\/p>\n<blockquote><p>Su papel es clave en el comercio mundial, y por tanto, imprescindible para el crecimiento econ\u00f3mico y para la creaci\u00f3n de puestos de trabajo en sus pa\u00edses miembros<\/p><\/blockquote>\n<p><img loading=\"lazy\" class=\"size-medium wp-image-9808 alignleft\" src=\"https:\/\/www.pimealdia.org\/wp-content\/uploads\/2017\/10\/empleo-en-Europa-1-300x200.jpg\" alt=\"\" width=\"300\" height=\"200\" \/> Los intercambios de la zona UE con el resto del mundo se doblaron de 1999 a 2010, y la cifra de puestos de trabajo generados directamente por las exportaciones de la zona UE, han crecido en un 67% en los \u00faltimos 20 a\u00f1os, llegando en la actualidad a 31 millones de puesto de trabajos, muchos de ellos en peque\u00f1as y medianas empresas.<\/p>\n<p>Este es el contexto actual en el que nos encontramos, pero las previsiones en el comercio mundial prev\u00e9n que, en un medio plazo, el 90% del crecimiento tenga lugar fuera de la UE. Por lo tanto, la Pol\u00edtica Comercial que se lleve a cabo con terceros pa\u00edses ser\u00e1 clave para las peque\u00f1as y medianas empresas. Esta es competencia exclusiva de la UE, que es quien la legislaci\u00f3n y quien firma los acuerdos comerciales internacionales con pa\u00edses y regiones de fuera de la Uni\u00f3n siendo actualmente un tema primordial en su agenda.<\/p>\n<p>Es por este motivo que la UE est\u00e1 en plena negociaci\u00f3n de diferentes acuerdos comerciales. Esto permitir\u00e1 a sus empresas mantener su competitividad y mejorar sus oportunidades comerciales superando las barreras de entrada de estos pa\u00edses.<\/p>\n<p>A continuaci\u00f3n se muestra en el mapa la compleja situaci\u00f3n del comercio en la UE:<\/p>\n<p><img loading=\"lazy\" class=\"aligncenter wp-image-10818\" src=\"https:\/\/www.pimealdia.org\/wp-content\/uploads\/2017\/11\/situaci\u00f3n-del-comercio-en-la-ue.jpg\" width=\"640\" height=\"480\" srcset=\"https:\/\/www.pimealdia.org\/wp-content\/uploads\/2017\/11\/situaci\u00f3n-del-comercio-en-la-ue.jpg 500w, https:\/\/www.pimealdia.org\/wp-content\/uploads\/2017\/11\/situaci\u00f3n-del-comercio-en-la-ue-300x225.jpg 300w, https:\/\/www.pimealdia.org\/wp-content\/uploads\/2017\/11\/situaci\u00f3n-del-comercio-en-la-ue-400x300.jpg 400w\" sizes=\"(max-width: 640px) 100vw, 640px\" \/><\/p>\n<p><strong> El comercio internacional <\/strong>es uno de los pilares de la estrategia Europa 2020, destinada a lograr una Uni\u00f3n m\u00e1s competitiva y ecol\u00f3gica con la pol\u00edtica comercial como principal motor de crecimiento, creaci\u00f3n de puestos de trabajo e inversi\u00f3n<strong>.<\/strong><\/p>\n<p>Sin embargo, tras el estancamiento de la OMC y de las negociaciones multilaterales del Programa de Doha para el Desarrollo, la Uni\u00f3n se vio obligada a buscar v\u00edas alternativas para garantizar un mejor acceso a terceros pa\u00edses aplicando una nueva estrategia de comercio e inversi\u00f3n : &#8220;Trade for All&#8221; basado en los 3 principios claves de<strong> eficacia<\/strong> (a la hora de crear nuevas oportunidades econ\u00f3micas),<strong> transparencia<\/strong> (en t\u00e9rminos de apertura de las negociaciones a un mayor control p\u00fablico) y<strong> valores<\/strong> (no s\u00f3lo intereses) .<\/p>\n<h4>Nueva estrategia de comercio e inversi\u00f3n: &#8220;Trade for All&#8221;<\/h4>\n<p>As\u00ed pues, la UE ha iniciado negociaciones con muchos pa\u00edses aplicando esta nueva estrategia que afectar\u00e1 de la siguiente manera a las <em> PYMES <\/em>:<\/p>\n<p><img loading=\"lazy\" class=\"alignnone size-full wp-image-9719\" src=\"https:\/\/www.pimealdia.org\/wp-content\/uploads\/2017\/10\/1bis.png\" alt=\"\" width=\"76 \" height=\" 77 \" srcset=\"https:\/\/www.pimealdia.org\/wp-content\/uploads\/2017\/10\/1bis.png 76w, https:\/\/www.pimealdia.org\/wp-content\/uploads\/2017\/10\/1bis-50x50.png 50w\" sizes=\"(max-width: 76px) 100vw, 76px\" \/> La nueva estrategia tiene por objetivo que las pymes puedan aprovechar con m\u00e1s facilidades las oportunidades que ofrecen los acuerdos de comercio, proponi\u00e9ndose disposiciones espec\u00edficas sobre pymes en todas las negociaciones. Esto significa:<\/p>\n<ul>\n<li>Pedir a los socios comerciales que creen portales web espec\u00edficos donde se pueda acceder a la informaci\u00f3n sobre los requisitos legales aplicables a los productos.<\/li>\n<li>Tener en cuenta las inquietudes de las pymes en todas las secciones de los acuerdos comerciales.<\/li>\n<\/ul>\n<p><img loading=\"lazy\" class=\"alignnone size-full wp-image-9728\" src=\"https:\/\/www.pimealdia.org\/wp-content\/uploads\/2017\/10\/2bis-1.png\" alt=\"\" width=\"68\" height=\"85\" \/> Al margen de las negociaciones de la Comisi\u00f3n:<\/p>\n<ul>\n<li>Trabajar\u00e1 con los Estados miembros para que \u00e9stos coordinen mejor la manera de implementar los acuerdos de comercio con sus estrategias nacionales con el fin de ayudar a las pymes a globalizarse.<\/li>\n<li>Realizar\u00e1 estudios peri\u00f3dicos sobre obst\u00e1culos que se encuentran las pymes en mercados concretos<\/li>\n<\/ul>\n<p><img loading=\"lazy\" class=\"wp-image-5441 alignleft\" src=\"https:\/\/www.pimealdia.org\/wp-content\/uploads\/2017\/05\/europa-en-afecta1-300x225.jpg\" alt=\"\" width=\"166\" height=\"124\" srcset=\"https:\/\/www.pimealdia.org\/wp-content\/uploads\/2017\/05\/europa-en-afecta1-300x225.jpg 300w, https:\/\/www.pimealdia.org\/wp-content\/uploads\/2017\/05\/europa-en-afecta1-600x450.jpg 600w, https:\/\/www.pimealdia.org\/wp-content\/uploads\/2017\/05\/europa-en-afecta1-400x300.jpg 400w, https:\/\/www.pimealdia.org\/wp-content\/uploads\/2017\/05\/europa-en-afecta1.jpg 640w\" sizes=\"(max-width: 166px) 100vw, 166px\" \/>De esta manera se espera obtener beneficios notables con estos acuerdos como la reducci\u00f3n de los aranceles medios en un 50%, as\u00ed como la contribuci\u00f3n en el crecimiento del PIB en un 2%. Sin embargo, la finalizaci\u00f3n de estos acuerdos a\u00fan puede llevar varios a\u00f1os &#8230;<\/p>\n<p>&nbsp;<\/p>\n<p>Recordemos que las pymes siguen encontr\u00e1ndose\u00a0<strong>obst\u00e1culos en la<a href=\"https:\/\/www.pimealdia.org\/es\/category\/internacional-es\/\" target=\"_blank\" rel=\"noopener noreferrer\"> internacionalizaci\u00f3n<\/a><\/strong>:<\/p>\n<ul>\n<li>una gran dispersi\u00f3n de normativas,<\/li>\n<li>falta de coordinaci\u00f3n entre las administraciones<\/li>\n<li>disparidades en la normativa laboral<\/li>\n<li>dificultades en el acceso a la informaci\u00f3n sobre nuevos mercados<\/li>\n<\/ul>\n<p>Suponiendo una afectaci\u00f3n directa a su competitividad y dificultando la adaptaci\u00f3n de estas empresas al cambio constante que la globalizaci\u00f3n impone en el actual escenario econ\u00f3mico.<\/p>\n<p>Ser\u00e1 pues un reto imperativo que la UE pueda agilizar al m\u00e1ximo estos acuerdos y su operativa pr\u00e1ctica.<\/p>\n","protected":false},"excerpt":{"rendered":"<p>\u00bfQu\u00e9 consecuencias tiene la pol\u00edtica comercial de la UE para las pymes? Actualmente la UE es la principal econom\u00eda mundial y principal importadora y exportadora, generando un 25% del PIB mundial con s\u00f3lo un 7% de su poblaci\u00f3n y teniendo un tejido empresarial del 99% de pymes. Su papel es clave en el comercio mundial, y por tanto, imprescindible para el crecimiento econ\u00f3mico y para la creaci\u00f3n de puestos de trabajo en sus pa\u00edses miembros Los intercambios de la zona UE con el resto del mundo se doblaron de 1999 a 2010, y la cifra de puestos de trabajo generados<\/p>\n","protected":false},"author":12,"featured_media":10905,"comment_status":"open","ping_status":"closed","sticky":false,"template":"","format":"standard","meta":[],"categories":[330],"tags":[781],"_links":{"self":[{"href":"https:\/\/www.pimealdia.org\/es\/wp-json\/wp\/v2\/posts\/10907"}],"collection":[{"href":"https:\/\/www.pimealdia.org\/es\/wp-json\/wp\/v2\/posts"}],"about":[{"href":"https:\/\/www.pimealdia.org\/es\/wp-json\/wp\/v2\/types\/post"}],"author":[{"embeddable":true,"href":"https:\/\/www.pimealdia.org\/es\/wp-json\/wp\/v2\/users\/12"}],"replies":[{"embeddable":true,"href":"https:\/\/www.pimealdia.org\/es\/wp-json\/wp\/v2\/comments?post=10907"}],"version-history":[{"count":6,"href":"https:\/\/www.pimealdia.org\/es\/wp-json\/wp\/v2\/posts\/10907\/revisions"}],"predecessor-version":[{"id":10920,"href":"https:\/\/www.pimealdia.org\/es\/wp-json\/wp\/v2\/posts\/10907\/revisions\/10920"}],"wp:featuredmedia":[{"embeddable":true,"href":"https:\/\/www.pimealdia.org\/es\/wp-json\/wp\/v2\/media\/10905"}],"wp:attachment":[{"href":"https:\/\/www.pimealdia.org\/es\/wp-json\/wp\/v2\/media?parent=10907"}],"wp:term":[{"taxonomy":"category","embeddable":true,"href":"https:\/\/www.pimealdia.org\/es\/wp-json\/wp\/v2\/categories?post=10907"},{"taxonomy":"post_tag","embeddable":true,"href":"https:\/\/www.pimealdia.org\/es\/wp-json\/wp\/v2\/tags?post=10907"}],"curies":[{"name":"wp","href":"https:\/\/api.w.org\/{rel}","templated":true}]}}