{"id":11078,"date":"2017-12-01T20:26:25","date_gmt":"2017-12-01T18:26:25","guid":{"rendered":"https:\/\/www.pimealdia.org\/desembre-dabans-prediccio-meteorologica-2-8-desembre-2017\/"},"modified":"2017-12-04T17:38:55","modified_gmt":"2017-12-04T15:38:55","slug":"desembre-dabans-prediccio-meteorologica-2-8-desembre-2017","status":"publish","type":"post","link":"https:\/\/www.pimealdia.org\/es\/desembre-dabans-prediccio-meteorologica-2-8-desembre-2017\/","title":{"rendered":"Un diciembre &#8220;Como los de antes&#8221;: predicci\u00f3n meteorol\u00f3gica del 2 al 8 de diciembre 2017"},"content":{"rendered":"<p>A menudo la gente de edad avanzada nos recuerda aquellos inviernos con fr\u00edos y nevadas constantes. Y tienen raz\u00f3n &#8230; en parte. La memoria meteorol\u00f3gica suele ser bastante mala y normalmente recordamos aquellos a\u00f1os concretos en que hizo grandes fr\u00edos y grandes nevadas, pero no recordamos los a\u00f1os sin fen\u00f3menos destacables, que tambi\u00e9n hab\u00eda.<\/p>\n<blockquote><p>Los inviernos de los 80 del siglo pasado fueron bastante fr\u00edos, no se los 90 y no est\u00e1n mal los fr\u00edos y las nevadas de los 2000. Ahora llevamos unos a\u00f1os con inviernos suaves<\/p><\/blockquote>\n<p>El calentamiento planetario es un hecho irrefutable pero no todo lo tenemos que relacionar con este fen\u00f3meno antropog\u00e9nico. <strong> Vamos al grano y hablando claro y catal\u00e1n: hace y har\u00e1 un fr\u00edo que hiela la cola de los perros<\/strong>. La entrada fr\u00eda contundente de hoy viernes 1 de diciembre es de primera categor\u00eda, con nevadita incluso en la misma costa. La noche ser\u00e1 g\u00e9lida, con viento y temperaturas bajo cero en gran parte del pa\u00eds, a excepci\u00f3n de puntos de la l\u00ednea costera.<img loading=\"lazy\" class=\"wp-image-11057 size-medium\" src=\"https:\/\/www.pimealdia.org\/wp-content\/uploads \/2017\/12\/Tavascan-ric-28-nov-1-300x180.jpg \" alt=\" \" width=\" 300 \" height=\" 180 \" \/><\/p>\n<figure id=\"attachment_11059\" aria-describedby=\"caption-attachment-11059\" style=\"width: 300px\" class=\"wp-caption alignleft\"><img loading=\"lazy\" class=\"size-medium wp-image-11059\" src=\"https:\/\/www.pimealdia.org\/wp-content\/uploads\/2017\/12\/Tavascan-r-i-c-28-nov-1-300x180.jpg\" alt=\"\" width=\"300\" height=\"180\" srcset=\"https:\/\/www.pimealdia.org\/wp-content\/uploads\/2017\/12\/Tavascan-r-i-c-28-nov-1-300x180.jpg 300w, https:\/\/www.pimealdia.org\/wp-content\/uploads\/2017\/12\/Tavascan-r-i-c-28-nov-1-600x361.jpg 600w, https:\/\/www.pimealdia.org\/wp-content\/uploads\/2017\/12\/Tavascan-r-i-c-28-nov-1-400x241.jpg 400w, https:\/\/www.pimealdia.org\/wp-content\/uploads\/2017\/12\/Tavascan-r-i-c-28-nov-1.jpg 700w\" sizes=\"(max-width: 300px) 100vw, 300px\" \/><figcaption id=\"caption-attachment-11059\" class=\"wp-caption-text\">Tavascan. Autores: Ramon Baylina y Conxi Ciurana<\/figcaption><\/figure>\n<p>El fin de semana las nevadas ir\u00e1n debilitando y restringiendo al Pirineo pero atenci\u00f3n a las temperaturas! las noches ser\u00e1n g\u00e9lidas. De lunes a mi\u00e9rcoles tendremos anticicl\u00f3n, sol todos los d\u00edas, noches muy fr\u00edas con fuertes heladas en el interior y zonas bajas y recuper\u00e1ndose en zonas elevadas, las t\u00edpicas inversiones t\u00e9rmicas. Pero atenci\u00f3n ya que el jueves comenzar\u00e1n a aparecer nubes, la temperatura se suavizar\u00e1 &#8230; esperando un nuevo cambio de tiempo que llegar\u00e1 el viernes con m\u00e1s fr\u00edo y nieve de momento en monta\u00f1a. Ya hablaremos la pr\u00f3xima semana.<\/p>\n<figure id=\"attachment_11062\" aria-describedby=\"caption-attachment-11062\" style=\"width: 300px\" class=\"wp-caption alignleft\"><img loading=\"lazy\" class=\"size-medium wp-image-11062\" src=\"https:\/\/www.pimealdia.org\/wp-content\/uploads\/2017\/12\/Valls-d\u00e0neu-r-i-c--300x139.jpg\" alt=\"\" width=\"300\" height=\"139\" srcset=\"https:\/\/www.pimealdia.org\/wp-content\/uploads\/2017\/12\/Valls-d\u00e0neu-r-i-c--300x139.jpg 300w, https:\/\/www.pimealdia.org\/wp-content\/uploads\/2017\/12\/Valls-d\u00e0neu-r-i-c--1024x474.jpg 1024w, https:\/\/www.pimealdia.org\/wp-content\/uploads\/2017\/12\/Valls-d\u00e0neu-r-i-c--1000x463.jpg 1000w, https:\/\/www.pimealdia.org\/wp-content\/uploads\/2017\/12\/Valls-d\u00e0neu-r-i-c--800x370.jpg 800w, https:\/\/www.pimealdia.org\/wp-content\/uploads\/2017\/12\/Valls-d\u00e0neu-r-i-c--600x278.jpg 600w, https:\/\/www.pimealdia.org\/wp-content\/uploads\/2017\/12\/Valls-d\u00e0neu-r-i-c--400x185.jpg 400w, https:\/\/www.pimealdia.org\/wp-content\/uploads\/2017\/12\/Valls-d\u00e0neu-r-i-c-.jpg 1800w\" sizes=\"(max-width: 300px) 100vw, 300px\" \/><figcaption id=\"caption-attachment-11062\" class=\"wp-caption-text\">Valls d&#8217;\u00c0neu. Autores: Ramon Baylina y Conxi Ciurana<\/figcaption><\/figure>\n<p>Les\u00a0animamos a salir de casa, a pasear bien abrigados, disfrutar de las luces de Navidad con una temperatura de crudo invierno, entrar en las tiendas calentitas y comprar esa camiseta de felpa, aquella estufita que le proporcionar\u00e1 una sensaci\u00f3n muy agradable, animarse con aquellas infusiones de hierbas con jengibre que calientan hasta la m\u00e9dula, quiz\u00e1s es el momento de cambiar las mantas por un edred\u00f3n &#8230; una recomendaci\u00f3n para el sector servicios desde ayuntamientos, las noches, madrugadas y primeras de la ma\u00f1ana de s\u00e1bado, domingo y lunes no regar superficies externas ya que pueden convertirse en pistas de patinaje.<\/p>\n<p>Vendr\u00e1n de gusto alimentos calentitos y desde luego vaya convenientemente equipado, bien abrigado que como dec\u00eda el poeta y dramaturgo espa\u00f1ol Luis de G\u00f3ngora &#8230; &#8220;\u00e1ndeme yo caliente y r\u00edase la gente&#8221;.<\/p>\n<p>Por gentileza de <a href=\"http:\/\/www.taikometeorologia.com\/\" target=\"_blank\" rel=\"noopener noreferrer\">Taiko Meteorolog\u00eda<\/a><\/p>\n","protected":false},"excerpt":{"rendered":"<p>A menudo la gente de edad avanzada nos recuerda aquellos inviernos con fr\u00edos y nevadas constantes. Y tienen raz\u00f3n &#8230; en parte. La memoria meteorol\u00f3gica suele ser bastante mala y normalmente recordamos aquellos a\u00f1os concretos en que hizo grandes fr\u00edos y grandes nevadas, pero no recordamos los a\u00f1os sin fen\u00f3menos destacables, que tambi\u00e9n hab\u00eda. Los inviernos de los 80 del siglo pasado fueron bastante fr\u00edos, no se los 90 y no est\u00e1n mal los fr\u00edos y las nevadas de los 2000. Ahora llevamos unos a\u00f1os con inviernos suaves El calentamiento planetario es un hecho irrefutable pero no todo lo tenemos<\/p>\n","protected":false},"author":60,"featured_media":10341,"comment_status":"open","ping_status":"closed","sticky":false,"template":"","format":"standard","meta":[],"categories":[338],"tags":[],"_links":{"self":[{"href":"https:\/\/www.pimealdia.org\/es\/wp-json\/wp\/v2\/posts\/11078"}],"collection":[{"href":"https:\/\/www.pimealdia.org\/es\/wp-json\/wp\/v2\/posts"}],"about":[{"href":"https:\/\/www.pimealdia.org\/es\/wp-json\/wp\/v2\/types\/post"}],"author":[{"embeddable":true,"href":"https:\/\/www.pimealdia.org\/es\/wp-json\/wp\/v2\/users\/60"}],"replies":[{"embeddable":true,"href":"https:\/\/www.pimealdia.org\/es\/wp-json\/wp\/v2\/comments?post=11078"}],"version-history":[{"count":3,"href":"https:\/\/www.pimealdia.org\/es\/wp-json\/wp\/v2\/posts\/11078\/revisions"}],"predecessor-version":[{"id":11081,"href":"https:\/\/www.pimealdia.org\/es\/wp-json\/wp\/v2\/posts\/11078\/revisions\/11081"}],"wp:featuredmedia":[{"embeddable":true,"href":"https:\/\/www.pimealdia.org\/es\/wp-json\/wp\/v2\/media\/10341"}],"wp:attachment":[{"href":"https:\/\/www.pimealdia.org\/es\/wp-json\/wp\/v2\/media?parent=11078"}],"wp:term":[{"taxonomy":"category","embeddable":true,"href":"https:\/\/www.pimealdia.org\/es\/wp-json\/wp\/v2\/categories?post=11078"},{"taxonomy":"post_tag","embeddable":true,"href":"https:\/\/www.pimealdia.org\/es\/wp-json\/wp\/v2\/tags?post=11078"}],"curies":[{"name":"wp","href":"https:\/\/api.w.org\/{rel}","templated":true}]}}