{"id":11224,"date":"2017-12-08T15:17:02","date_gmt":"2017-12-08T13:17:02","guid":{"rendered":"https:\/\/www.pimealdia.org\/continuara-lhivern-revoltat-prediccio-meteorologica-del-9-al-15-de-desembre-2017\/"},"modified":"2017-12-11T13:18:07","modified_gmt":"2017-12-11T11:18:07","slug":"continuara-lhivern-revoltat-prediccio-meteorologica-del-9-al-15-de-desembre-2017","status":"publish","type":"post","link":"https:\/\/www.pimealdia.org\/es\/continuara-lhivern-revoltat-prediccio-meteorologica-del-9-al-15-de-desembre-2017\/","title":{"rendered":"Continuar\u00e1 el invierno sublevado: predicci\u00f3n meteorol\u00f3gica del 9 al 15 de diciembre 2017"},"content":{"rendered":"<p>Decimos &#8220;invierno&#8221; ya que en meteorolog\u00eda esta estaci\u00f3n se inicia el 1 de diciembre y termina el \u00faltimo d\u00eda de febrero, as\u00ed que ya estamos en invierno de palabra &#8230; y de hechos. Ahora hace un a\u00f1o comenzaban a llevar nieve con helic\u00f3pteros hacia Baqueira y este a\u00f1o el panorama se presenta muy diferente y cuidado que este diciembre quiere ense\u00f1ar los dientes m\u00e1s de una vez.<\/p>\n<figure id=\"attachment_11208\" aria-describedby=\"caption-attachment-11208\" style=\"width: 300px\" class=\"wp-caption alignleft\"><img loading=\"lazy\" class=\"size-medium wp-image-11208\" src=\"https:\/\/www.pimealdia.org\/wp-content\/uploads\/2017\/12\/Ma\u00e7-6-12-17-300x200.jpg\" alt=\"\" width=\"300\" height=\"200\" srcset=\"https:\/\/www.pimealdia.org\/wp-content\/uploads\/2017\/12\/Ma\u00e7-6-12-17-300x200.jpg 300w, https:\/\/www.pimealdia.org\/wp-content\/uploads\/2017\/12\/Ma\u00e7-6-12-17-1024x683.jpg 1024w, https:\/\/www.pimealdia.org\/wp-content\/uploads\/2017\/12\/Ma\u00e7-6-12-17-1000x667.jpg 1000w, https:\/\/www.pimealdia.org\/wp-content\/uploads\/2017\/12\/Ma\u00e7-6-12-17-800x533.jpg 800w, https:\/\/www.pimealdia.org\/wp-content\/uploads\/2017\/12\/Ma\u00e7-6-12-17-600x400.jpg 600w, https:\/\/www.pimealdia.org\/wp-content\/uploads\/2017\/12\/Ma\u00e7-6-12-17-400x267.jpg 400w\" sizes=\"(max-width: 300px) 100vw, 300px\" \/><figcaption id=\"caption-attachment-11208\" class=\"wp-caption-text\">Escarcha en Ma\u00e7anet de la Selva. Autor: Alfred Rodr\u00edguez Pic\u00f3<\/figcaption><\/figure>\n<p>De momento el s\u00e1bado d\u00eda 9 ser\u00e1 inseguro hacia la costa, sobre todo la del sur de Girona y Barcelona con alguna lluvia y ambiente m\u00e1s fr\u00edo \u00a1abrigarse! Domingo m\u00e1s tranquilo &#8230; hasta la tarde cuando el viento empezar\u00e1 a coger empuje anunciando una perturbaci\u00f3n que el lunes por la ma\u00f1ana nos har\u00e1 coger el paraguas, poco o bastante rato, en todo el territorio, con nevadas en el Pirineo. El ambiente se enfriar\u00e1, qued\u00e1ndose as\u00ed pero sin lluvias, salvo algunas nevadas espor\u00e1dicas en el Pirineo hasta por lo menos el viernes.<\/p>\n<p><strong> Fr\u00edo de invierno pero sin hablar de ola de fr\u00edo<\/strong>. A\u00fan as\u00ed los vientos del norte, provenientes del norte del continente, no nos dejar\u00e1n, por lo tanto habr\u00e1 que ir abrigados, bien diferente de los \u00faltimos diciembres suaves, salvo en las zonas bajas del interior donde la niebla no desaparec\u00eda durante d\u00edas y d\u00edas.<\/p>\n<blockquote><p>Tendremos un ojo puesto en cambios m\u00e1s importantes a partir del fin de semana siguiente. El fr\u00edo lo tendremos garantizado durante varios d\u00edas<\/p><\/blockquote>\n<figure id=\"attachment_11211\" aria-describedby=\"caption-attachment-11211\" style=\"width: 300px\" class=\"wp-caption alignleft\"><img loading=\"lazy\" class=\"size-medium wp-image-11211\" src=\"https:\/\/www.pimealdia.org\/wp-content\/uploads\/2017\/12\/n2-300x200.jpg\" alt=\"\" width=\"300\" height=\"200\" srcset=\"https:\/\/www.pimealdia.org\/wp-content\/uploads\/2017\/12\/n2-300x200.jpg 300w, https:\/\/www.pimealdia.org\/wp-content\/uploads\/2017\/12\/n2-1024x683.jpg 1024w, https:\/\/www.pimealdia.org\/wp-content\/uploads\/2017\/12\/n2-1000x667.jpg 1000w, https:\/\/www.pimealdia.org\/wp-content\/uploads\/2017\/12\/n2-800x533.jpg 800w, https:\/\/www.pimealdia.org\/wp-content\/uploads\/2017\/12\/n2-600x400.jpg 600w, https:\/\/www.pimealdia.org\/wp-content\/uploads\/2017\/12\/n2-400x267.jpg 400w\" sizes=\"(max-width: 300px) 100vw, 300px\" \/><figcaption id=\"caption-attachment-11211\" class=\"wp-caption-text\">Escarcha en Ma\u00e7anet de la Selva. Autor: Alfred Rodr\u00edguez Pic\u00f3<\/figcaption><\/figure>\n<p>El lunes la perturbaci\u00f3n puede provocar vientos fuertes, as\u00ed que las compa\u00f1\u00edas de seguros tendr\u00e1n m\u00e1s trabajo del habitual, refuerce antenas, objetos que puedan ser llevados por las r\u00e1fagas y evitar\u00e1 sustos. Muchas hojas de los \u00e1rboles caer\u00e1n y los servicios de limpieza de calles y plazas tendr\u00e1n trabajo.<\/p>\n<p>La buena ventilaci\u00f3n favorecer\u00e1 el secado de fachadas e interiores de edificios, aproveche para pintar o rehabilitado, salvo lunes llover\u00e1 por la ma\u00f1ana. El resto de la semana poca lluvia.<\/p>\n<p>Los escaparates con ropa de invierno, las tiendas de electrodom\u00e9sticos donde venden radiadores y estufas ahora ya son atractivos, ya que las bajas temperaturas, como les coment\u00e1bamos, van para largo. La agricultura est\u00e1 dormida, el fr\u00edo mantiene la naturaleza con muy poca actividad y si tiene que trabajar en el exterior, las heladas de primeras horas podr\u00e1n volver a ser destacables.<\/p>\n<p>La alteraci\u00f3n mar\u00edtima ser\u00e1 notable entre el domingo noche y lunes y los mercados y ferias tendr\u00e1n una &#8220;ambientaci\u00f3n&#8221; de fr\u00edo invernal que ayudar\u00e1 a vender sus productos. Las pistas de esqu\u00ed, cada vez m\u00e1s animadas y con perspectivas meteorol\u00f3gicas bastante optimistas.<\/p>\n<p><strong>\u00a1Esto si que es invierno! <\/strong><\/p>\n<p>Por gentileza de <a href=\"http:\/\/www.taikometeorologia.com\/\" target=\"_blank\" rel=\"noopener noreferrer\"> taiko Meteorolog\u00eda <\/a><\/p>\n","protected":false},"excerpt":{"rendered":"<p>Decimos &#8220;invierno&#8221; ya que en meteorolog\u00eda esta estaci\u00f3n se inicia el 1 de diciembre y termina el \u00faltimo d\u00eda de febrero, as\u00ed que ya estamos en invierno de palabra &#8230; y de hechos. Ahora hace un a\u00f1o comenzaban a llevar nieve con helic\u00f3pteros hacia Baqueira y este a\u00f1o el panorama se presenta muy diferente y cuidado que este diciembre quiere ense\u00f1ar los dientes m\u00e1s de una vez. De momento el s\u00e1bado d\u00eda 9 ser\u00e1 inseguro hacia la costa, sobre todo la del sur de Girona y Barcelona con alguna lluvia y ambiente m\u00e1s fr\u00edo \u00a1abrigarse! Domingo m\u00e1s tranquilo &#8230; hasta<\/p>\n","protected":false},"author":60,"featured_media":10341,"comment_status":"open","ping_status":"closed","sticky":false,"template":"","format":"standard","meta":[],"categories":[338],"tags":[],"_links":{"self":[{"href":"https:\/\/www.pimealdia.org\/es\/wp-json\/wp\/v2\/posts\/11224"}],"collection":[{"href":"https:\/\/www.pimealdia.org\/es\/wp-json\/wp\/v2\/posts"}],"about":[{"href":"https:\/\/www.pimealdia.org\/es\/wp-json\/wp\/v2\/types\/post"}],"author":[{"embeddable":true,"href":"https:\/\/www.pimealdia.org\/es\/wp-json\/wp\/v2\/users\/60"}],"replies":[{"embeddable":true,"href":"https:\/\/www.pimealdia.org\/es\/wp-json\/wp\/v2\/comments?post=11224"}],"version-history":[{"count":4,"href":"https:\/\/www.pimealdia.org\/es\/wp-json\/wp\/v2\/posts\/11224\/revisions"}],"predecessor-version":[{"id":11228,"href":"https:\/\/www.pimealdia.org\/es\/wp-json\/wp\/v2\/posts\/11224\/revisions\/11228"}],"wp:featuredmedia":[{"embeddable":true,"href":"https:\/\/www.pimealdia.org\/es\/wp-json\/wp\/v2\/media\/10341"}],"wp:attachment":[{"href":"https:\/\/www.pimealdia.org\/es\/wp-json\/wp\/v2\/media?parent=11224"}],"wp:term":[{"taxonomy":"category","embeddable":true,"href":"https:\/\/www.pimealdia.org\/es\/wp-json\/wp\/v2\/categories?post=11224"},{"taxonomy":"post_tag","embeddable":true,"href":"https:\/\/www.pimealdia.org\/es\/wp-json\/wp\/v2\/tags?post=11224"}],"curies":[{"name":"wp","href":"https:\/\/api.w.org\/{rel}","templated":true}]}}