{"id":11449,"date":"2017-12-15T14:03:10","date_gmt":"2017-12-15T12:03:10","guid":{"rendered":"https:\/\/www.pimealdia.org\/11441\/"},"modified":"2017-12-15T14:34:16","modified_gmt":"2017-12-15T12:34:16","slug":"diciembre-temblando-buen-enero-y-mejor-ano-prediccion-meteorologica-del-16-al-22-de-diciembre-2017","status":"publish","type":"post","link":"https:\/\/www.pimealdia.org\/es\/diciembre-temblando-buen-enero-y-mejor-ano-prediccion-meteorologica-del-16-al-22-de-diciembre-2017\/","title":{"rendered":"Un diciembre temblando, un buen enero y un mejor a\u00f1o: predicci\u00f3n meteorol\u00f3gica del 16 al 22 de diciembre 2017"},"content":{"rendered":"<p>Si hacemos caso de la dicha, ya sabemos c\u00f3mo ser\u00e1 todo el pr\u00f3ximo a\u00f1o: \u00a1muy bueno! Pero mejor que maticemos un poco, al menos para los pr\u00f3ximos d\u00edas. Temblaremos si no nos abrigamos suficientemente ya que <strong> se presentan unas jornadas tranquilas pero bastante fr\u00edas<\/strong>.<\/p>\n<p>Este s\u00e1bado d\u00eda 16 ir\u00e1 penetrando aire fr\u00edo, del norte del continente, haciendo bajando los term\u00f3metros con tramontana, cierzo y alguna nevadita en la cara norte del Pirineo.<\/p>\n<figure id=\"attachment_11444\" aria-describedby=\"caption-attachment-11444\" style=\"width: 300px\" class=\"wp-caption alignleft\"><img loading=\"lazy\" class=\"wp-image-11444 size-medium\" src=\"https:\/\/www.pimealdia.org\/wp-content\/uploads\/2017\/12\/r-i-c-la-sireneta-300x186.jpg\" alt=\"\" width=\"300\" height=\"186\" srcset=\"https:\/\/www.pimealdia.org\/wp-content\/uploads\/2017\/12\/r-i-c-la-sireneta-300x186.jpg 300w, https:\/\/www.pimealdia.org\/wp-content\/uploads\/2017\/12\/r-i-c-la-sireneta-600x371.jpg 600w, https:\/\/www.pimealdia.org\/wp-content\/uploads\/2017\/12\/r-i-c-la-sireneta-400x247.jpg 400w, https:\/\/www.pimealdia.org\/wp-content\/uploads\/2017\/12\/r-i-c-la-sireneta.jpg 700w\" sizes=\"(max-width: 300px) 100vw, 300px\" \/><figcaption id=\"caption-attachment-11444\" class=\"wp-caption-text\">&#8220;La Sirenita del Pallars Sobir\u00e0 congelada&#8221;<br \/> Autores: Ramon Baylina y Conxi Ciurana<\/figcaption><\/figure>\n<p>A partir del domingo y sobre todo de lunes a jueves tendremos anticicl\u00f3n, sin\u00f3nimo de tranquilidad, Sol a raudales, falta de lluvias una semana m\u00e1s y alguna primera niebla engelante en zonas bajas del interior. Las heladas ser\u00e1n contundentes en el interior y los term\u00f3metros de d\u00eda podr\u00e1n subir un poco, pero al coincidir con los d\u00edas m\u00e1s cortos del a\u00f1o, el calor del Sol ser\u00e1 insuficiente para templar el ambiente.<\/p>\n<blockquote><p>Les avanzamos que las fiestas de Navidad podr\u00e1n ser algo m\u00e1s movidas, se retirar\u00e1 el anticicl\u00f3n, tendremos m\u00e1s dinamismo, pero vayamos por partes y no adelantemos acontecimientos<\/p><\/blockquote>\n<p>Hace un a\u00f1o ten\u00edamos un potente anticicl\u00f3n c\u00e1lido, dominaba el Sol con algunas nieblas en las llanuras interiores y las temperaturas eran muy suaves, especialmente en monta\u00f1a o incluso llevaban nieve con helic\u00f3pteros hacia algunas pistas de esqu\u00ed.<\/p>\n<p>Este a\u00f1o tambi\u00e9n tendremos anticicl\u00f3n pero con algunas diferencias notables: har\u00e1 bastante fr\u00edo y por lo tanto las pistas de esqu\u00ed, a falta de precipitaciones de nieve, podr\u00e1n fabricarla con los ca\u00f1ones. <strong>Buenas condiciones para esquiar gracias al ambiente fr\u00edo.<\/strong><\/p>\n<figure id=\"attachment_11447\" aria-describedby=\"caption-attachment-11447\" style=\"width: 300px\" class=\"wp-caption alignleft\"><img loading=\"lazy\" class=\"size-medium wp-image-11447\" src=\"https:\/\/www.pimealdia.org\/wp-content\/uploads\/2017\/12\/r-i-c-noguera-pall-300x166.jpg\" alt=\"\" width=\"300\" height=\"166\" srcset=\"https:\/\/www.pimealdia.org\/wp-content\/uploads\/2017\/12\/r-i-c-noguera-pall-300x166.jpg 300w, https:\/\/www.pimealdia.org\/wp-content\/uploads\/2017\/12\/r-i-c-noguera-pall-1024x567.jpg 1024w, https:\/\/www.pimealdia.org\/wp-content\/uploads\/2017\/12\/r-i-c-noguera-pall-1000x554.jpg 1000w, https:\/\/www.pimealdia.org\/wp-content\/uploads\/2017\/12\/r-i-c-noguera-pall-800x443.jpg 800w, https:\/\/www.pimealdia.org\/wp-content\/uploads\/2017\/12\/r-i-c-noguera-pall-600x332.jpg 600w, https:\/\/www.pimealdia.org\/wp-content\/uploads\/2017\/12\/r-i-c-noguera-pall-400x222.jpg 400w, https:\/\/www.pimealdia.org\/wp-content\/uploads\/2017\/12\/r-i-c-noguera-pall.jpg 1800w\" sizes=\"(max-width: 300px) 100vw, 300px\" \/><figcaption id=\"caption-attachment-11447\" class=\"wp-caption-text\">&#8220;La Noguera Pallaresa congelada&#8221;\u00a0<br \/>Autores: Ramon Baylina y Conxi Ciurana<\/figcaption><\/figure>\n<p>Precisamente este fr\u00edo m\u00e1s bien seco, la falta de nubosidad y el viento poco intenso continuar\u00e1 favoreciendo que se puedan realizar sin dificultades tareas al aire libre tales como pintar o rehabilitar fachadas, construcci\u00f3n, obra p\u00fablica, asfaltado, transportes por carretera -quiz\u00e1s con la aparici\u00f3n a partir del martes de algunas nieblas en las llanuras interiores- trabajos de jardiner\u00eda aunque habr\u00e1 que ir bien abrigado y sabiendo que en esta \u00e9poca del a\u00f1o la vegetaci\u00f3n est\u00e1 medio dormida. El estado de la mar, despu\u00e9s de la tramontana del fin de semana, estar\u00e1 tranquilo, pudiendo navegar sin complicaciones, si bien a partir del pr\u00f3ximo viernes volver\u00eda la tramontana.<\/p>\n<p>Ya ven, aprovechen este tiempo de calmas, fr\u00edo pero sin m\u00e1s complicaciones ya que la \u00faltima semana de diciembre y primeros de enero podr\u00edamos tener bastante m\u00e1s movimiento, la tranquilidad se acabar\u00eda y <strong> invierno nos ense\u00f1ar\u00eda sus garras m\u00e1s afiladas <\/strong>.<\/p>\n<p>Por gentileza de <a href=\"http:\/\/www.taikometeorologia.com\/\" target=\"_blank\" rel=\"noopener noreferrer\"> taiko Meteorolog\u00eda <\/a><\/p>\n","protected":false},"excerpt":{"rendered":"<p>Si hacemos caso de la dicha, ya sabemos c\u00f3mo ser\u00e1 todo el pr\u00f3ximo a\u00f1o: \u00a1muy bueno! Pero mejor que maticemos un poco, al menos para los pr\u00f3ximos d\u00edas. Temblaremos si no nos abrigamos suficientemente ya que se presentan unas jornadas tranquilas pero bastante fr\u00edas. Este s\u00e1bado d\u00eda 16 ir\u00e1 penetrando aire fr\u00edo, del norte del continente, haciendo bajando los term\u00f3metros con tramontana, cierzo y alguna nevadita en la cara norte del Pirineo. A partir del domingo y sobre todo de lunes a jueves tendremos anticicl\u00f3n, sin\u00f3nimo de tranquilidad, Sol a raudales, falta de lluvias una semana m\u00e1s y alguna primera<\/p>\n","protected":false},"author":60,"featured_media":10341,"comment_status":"open","ping_status":"closed","sticky":false,"template":"","format":"standard","meta":[],"categories":[338],"tags":[],"_links":{"self":[{"href":"https:\/\/www.pimealdia.org\/es\/wp-json\/wp\/v2\/posts\/11449"}],"collection":[{"href":"https:\/\/www.pimealdia.org\/es\/wp-json\/wp\/v2\/posts"}],"about":[{"href":"https:\/\/www.pimealdia.org\/es\/wp-json\/wp\/v2\/types\/post"}],"author":[{"embeddable":true,"href":"https:\/\/www.pimealdia.org\/es\/wp-json\/wp\/v2\/users\/60"}],"replies":[{"embeddable":true,"href":"https:\/\/www.pimealdia.org\/es\/wp-json\/wp\/v2\/comments?post=11449"}],"version-history":[{"count":4,"href":"https:\/\/www.pimealdia.org\/es\/wp-json\/wp\/v2\/posts\/11449\/revisions"}],"predecessor-version":[{"id":11454,"href":"https:\/\/www.pimealdia.org\/es\/wp-json\/wp\/v2\/posts\/11449\/revisions\/11454"}],"wp:featuredmedia":[{"embeddable":true,"href":"https:\/\/www.pimealdia.org\/es\/wp-json\/wp\/v2\/media\/10341"}],"wp:attachment":[{"href":"https:\/\/www.pimealdia.org\/es\/wp-json\/wp\/v2\/media?parent=11449"}],"wp:term":[{"taxonomy":"category","embeddable":true,"href":"https:\/\/www.pimealdia.org\/es\/wp-json\/wp\/v2\/categories?post=11449"},{"taxonomy":"post_tag","embeddable":true,"href":"https:\/\/www.pimealdia.org\/es\/wp-json\/wp\/v2\/tags?post=11449"}],"curies":[{"name":"wp","href":"https:\/\/api.w.org\/{rel}","templated":true}]}}