{"id":11534,"date":"2017-12-18T18:32:09","date_gmt":"2017-12-18T16:32:09","guid":{"rendered":"https:\/\/www.pimealdia.org\/benestar-personal-i-professional-a-traves-de-lautoconeixement\/"},"modified":"2017-12-18T18:54:42","modified_gmt":"2017-12-18T16:54:42","slug":"benestar-personal-i-professional-a-traves-de-lautoconeixement","status":"publish","type":"post","link":"https:\/\/www.pimealdia.org\/es\/benestar-personal-i-professional-a-traves-de-lautoconeixement\/","title":{"rendered":"Bienestar personal y profesional a trav\u00e9s del autoconocimiento"},"content":{"rendered":"<p><strong> Para\u00a0<\/strong><strong>edificar una identidad s\u00f3lida y el\u00a0<\/strong><strong>conocimiento m\u00e1s profundo de uno mismo, <\/strong> ganando confianza, seguridad y firmeza, necesitamos hacer un ejercicio de autoconocimiento. Saber qui\u00e9nes somos, d\u00f3nde estamos y hacia d\u00f3nde queremos ir, para caminar con seguridad y sentirnos propietarios de nuestro destino.<\/p>\n<blockquote><p>De todos los conocimientos posibles, el m\u00e1s sabio y \u00fatil es conocerse a s\u00ed mismo &#8211; William Shakespeare &#8211;<\/p><\/blockquote>\n<p><img loading=\"lazy\" class=\"wp-image-11515 alignright\" src=\"https:\/\/www.pimealdia.org\/wp-content\/uploads\/2017\/12\/autoconeixment-200x300.jpg\" alt=\"\" width=\"125\" height=\"188\" srcset=\"https:\/\/www.pimealdia.org\/wp-content\/uploads\/2017\/12\/autoconeixment-200x300.jpg 200w, https:\/\/www.pimealdia.org\/wp-content\/uploads\/2017\/12\/autoconeixment-267x400.jpg 267w, https:\/\/www.pimealdia.org\/wp-content\/uploads\/2017\/12\/autoconeixment.jpg 334w\" sizes=\"(max-width: 125px) 100vw, 125px\" \/> Conocerse a uno mismo es un <strong> compromiso de introspecci\u00f3n,<\/strong> una estrategia que requiere estar atentos a c\u00f3mo nos sentimos y respondemos ante situaciones personales y laborales<\/p>\n<p>Sirve para <strong> incrementar nuestra capacidad de vivir en el aqu\u00ed y el ahora <\/strong>con mayor conciencia y saber conducir nuestras acciones en los diferentes entornos.<\/p>\n<blockquote><p>La clave para <a href=\"https:\/\/www.pimealdia.org\/es\/lideratge-empresarial-estrategies-de-com-liderar-el-teu-equip\/\" target=\"_ blank\"> gestionar a otros de manera efectiva <\/a> es gestionarse a uno mismo primero. Cuanto m\u00e1s conoces de ti mismo, m\u00e1s puedes relacionarte con los dem\u00e1s, desde una posici\u00f3n de confianza, seguridad en uno mismo y fortaleza -Weisinger &#8211;<\/p><\/blockquote>\n<h2>El autoconocimiento es la base de la inteligencia emocional<\/h2>\n<p><strong> Howard Gardner explica que la inteligencia emocional tiene dos vertientes: <\/strong><\/p>\n<p><strong> La Inteligencia Intrapersonal <\/strong> es la capacidad de autoanalizarse y entender como somos, los procesos de pensamiento, las emociones, como reaccionamos, las capacidades y nuestras \u00e1reas de mejora.<\/p>\n<p><strong> La Inteligencia Interpersonal <\/strong> es la capacidad para entender la forma de ser de los dem\u00e1s. El fundamento de la empat\u00eda y las habilidades sociales para saber moverse en los diferentes entornos, laboral o personal.<\/p>\n<h4><\/h4>\n<h2><strong> Claves para desarrollar el autoconocimiento <\/strong><\/h2>\n<h3><strong> <img loading=\"lazy\" class=\"wp-image-11521 alignright\" src=\"https:\/\/www.pimealdia.org\/wp-content\/uploads\/2017\/12\/autoconeixement-2-300x205.jpg\" width=\"241\" height=\"165\" srcset=\"https:\/\/www.pimealdia.org\/wp-content\/uploads\/2017\/12\/autoconeixement-2-300x205.jpg 300w, https:\/\/www.pimealdia.org\/wp-content\/uploads\/2017\/12\/autoconeixement-2-600x409.jpg 600w, https:\/\/www.pimealdia.org\/wp-content\/uploads\/2017\/12\/autoconeixement-2-400x273.jpg 400w, https:\/\/www.pimealdia.org\/wp-content\/uploads\/2017\/12\/autoconeixement-2.jpg 733w\" sizes=\"(max-width: 241px) 100vw, 241px\" \/> Emoci\u00f3n y <a href=\"https:\/\/www.pimealdia.org\/es\/automotivacion-la-habilidad-mas-poderosa\/\" target=\"_ blank\"> motivaci\u00f3n <\/a> <\/strong><\/h3>\n<p>Saber m\u00e1s de nosotros mismos, saber c\u00f3mo sentimos. Ser conscientes de nuestras emociones, respuestas y motivaciones nos permite <strong> elegir una nueva estrategia de actuaci\u00f3n <\/strong>.<\/p>\n<h3><strong> Rasgos de la personalidad <\/strong><\/h3>\n<p>Los rasgos de personalidad son el conjunto de cualidades y rasgos innatos que nos definen la forma de ser, tiene origen en el nacimiento y los vamos manifestando a medida que crecemos en la interacci\u00f3n con el entorno. Ser conscientes de nuestra personalidad es importante para <strong> la integraci\u00f3n y la auto-aceptaci\u00f3n. <\/strong><\/p>\n<h3><strong> Car\u00e1cter: Creencias y Valores <\/strong><\/h3>\n<p>El car\u00e1cter es el factor que determina el comportamiento de una persona y viene de la interacci\u00f3n con nuestro sistema o entorno social. Es el conjunto de valores y creencias que definen nuestro comportamiento en la relaci\u00f3n con los dem\u00e1s va surgiendo de las experiencias aprendidas. Podemos <strong> conocer el arraigo de estas creencias, identificarlas y permitir el cambio <\/strong> si lo deseamos.<\/p>\n<h3><strong> <img loading=\"lazy\" class=\"wp-image-11525 alignright\" src=\"https:\/\/www.pimealdia.org\/wp-content\/uploads\/2017\/12\/autoconeixment-3-200x300.jpg\" width=\"139\" height=\"209\" srcset=\"https:\/\/www.pimealdia.org\/wp-content\/uploads\/2017\/12\/autoconeixment-3-200x300.jpg 200w, https:\/\/www.pimealdia.org\/wp-content\/uploads\/2017\/12\/autoconeixment-3-267x400.jpg 267w, https:\/\/www.pimealdia.org\/wp-content\/uploads\/2017\/12\/autoconeixment-3.jpg 334w\" sizes=\"(max-width: 139px) 100vw, 139px\" \/> Competencias <\/strong><\/h3>\n<p>Una competencia es la capacidad que poseemos en conocimientos, habilidades y car\u00e1cter con nuestro sistema de comportamientos e interacciones que desarrollamos en nuestra vida personal y profesional. <a href=\"https:\/\/www.pimealdia.org\/es\/7-tecniques-dentrenament-en-assertivitat\/\" target=\"_blank\" rel=\"noopener noreferrer\"> El entrenamiento<\/a>\u00a0en el desarrollo de <a href=\"https:\/\/www.pimealdia.org\/es\/desenvolupament-i-entrenament-de-les-soft-skills\/\" target=\"_blank\" rel=\"noopener noreferrer\"> competencias<\/a>\u00a0nos ayuda a <strong> crecer personal y profesionalmente y a construir un autoconcepto que nos ayuda en un mayor bienestar <\/strong>.<\/p>\n<h3>Escuchar a nuestro cuerpo<\/h3>\n<p>El cuerpo nunca miente, tiene su propio lenguaje. Nos habla a trav\u00e9s de s\u00edntomas y nos env\u00eda mensajes sobre c\u00f3mo somos, qu\u00e9 nos pasa y qu\u00e9 necesitamos.<br \/>\nEl autoconocimiento emocional es la <strong> capacidad de reconocer lo que sentimos<\/strong>, un factor esencial en la inteligencia emocional.<\/p>\n<blockquote><p>\u00a0Conocer bien a los dem\u00e1s es inteligente, conocer -se bien a s\u00ed mismo, es sabidur\u00eda -Einstein &#8211;<\/p><\/blockquote>\n<p><strong>\u00bfDeseas iniciar un proceso de autoconocimiento? <\/strong> podemos desarrollarlo juntos, marcar\u00a0 tu hoja de ruta.<\/p>\n<p>\u00a1Gracias!coa<\/p>\n","protected":false},"excerpt":{"rendered":"<p>Para\u00a0edificar una identidad s\u00f3lida y el\u00a0conocimiento m\u00e1s profundo de uno mismo, ganando confianza, seguridad y firmeza, necesitamos hacer un ejercicio de autoconocimiento. Saber qui\u00e9nes somos, d\u00f3nde estamos y hacia d\u00f3nde queremos ir, para caminar con seguridad y sentirnos propietarios de nuestro destino. De todos los conocimientos posibles, el m\u00e1s sabio y \u00fatil es conocerse a s\u00ed mismo &#8211; William Shakespeare &#8211; Conocerse a uno mismo es un compromiso de introspecci\u00f3n, una estrategia que requiere estar atentos a c\u00f3mo nos sentimos y respondemos ante situaciones personales y laborales Sirve para incrementar nuestra capacidad de vivir en el aqu\u00ed y el ahora<\/p>\n","protected":false},"author":64,"featured_media":11520,"comment_status":"open","ping_status":"closed","sticky":false,"template":"","format":"standard","meta":[],"categories":[330],"tags":[382],"_links":{"self":[{"href":"https:\/\/www.pimealdia.org\/es\/wp-json\/wp\/v2\/posts\/11534"}],"collection":[{"href":"https:\/\/www.pimealdia.org\/es\/wp-json\/wp\/v2\/posts"}],"about":[{"href":"https:\/\/www.pimealdia.org\/es\/wp-json\/wp\/v2\/types\/post"}],"author":[{"embeddable":true,"href":"https:\/\/www.pimealdia.org\/es\/wp-json\/wp\/v2\/users\/64"}],"replies":[{"embeddable":true,"href":"https:\/\/www.pimealdia.org\/es\/wp-json\/wp\/v2\/comments?post=11534"}],"version-history":[{"count":4,"href":"https:\/\/www.pimealdia.org\/es\/wp-json\/wp\/v2\/posts\/11534\/revisions"}],"predecessor-version":[{"id":11538,"href":"https:\/\/www.pimealdia.org\/es\/wp-json\/wp\/v2\/posts\/11534\/revisions\/11538"}],"wp:featuredmedia":[{"embeddable":true,"href":"https:\/\/www.pimealdia.org\/es\/wp-json\/wp\/v2\/media\/11520"}],"wp:attachment":[{"href":"https:\/\/www.pimealdia.org\/es\/wp-json\/wp\/v2\/media?parent=11534"}],"wp:term":[{"taxonomy":"category","embeddable":true,"href":"https:\/\/www.pimealdia.org\/es\/wp-json\/wp\/v2\/categories?post=11534"},{"taxonomy":"post_tag","embeddable":true,"href":"https:\/\/www.pimealdia.org\/es\/wp-json\/wp\/v2\/tags?post=11534"}],"curies":[{"name":"wp","href":"https:\/\/api.w.org\/{rel}","templated":true}]}}