{"id":11645,"date":"2017-12-20T17:20:25","date_gmt":"2017-12-20T15:20:25","guid":{"rendered":"https:\/\/www.pimealdia.org\/transitar-cap-una-nova-contractacio-publica\/"},"modified":"2017-12-20T17:33:49","modified_gmt":"2017-12-20T15:33:49","slug":"transitar-cap-una-nova-contractacio-publica","status":"publish","type":"post","link":"https:\/\/www.pimealdia.org\/es\/transitar-cap-una-nova-contractacio-publica\/","title":{"rendered":"Transitar hacia una nueva contrataci\u00f3n p\u00fablica"},"content":{"rendered":"<p>Algunas cosas empiezan a cambiar en la contrataci\u00f3n p\u00fablica desde la publicaci\u00f3n de la <a href=\"https:\/\/www.boe.es\/doue\/2014\/094\/L00065-00242.pdf\" target=\"_ blank\"> Directiva 2014\/24 \/ UE de 26 de febrero<\/a>\u00a0que podemos valorar de forma positiva aunque todav\u00eda queda mucho trabajo por hacer en la incorporaci\u00f3n de sus valores por parte de los poderes adjudicadores.<\/p>\n<ul>\n<li><strong><strong> En sentido positivo, <\/strong><\/strong>indicar que diferentes resoluciones ya empiezan a reflejar los nuevos par\u00e1metros en los que se mover\u00e1 la contrataci\u00f3n p\u00fablica a partir de ahora. Como ejemplo, podemos citar dos del <i> &#8220;Tribunal Administrativo de Contrataci\u00f3n P\u00fablica de la Comunidad de Madrid&#8221;<\/i> que corresponden a recursos presentados por<i> <\/i><i><em> AFELIN, Asociaciones federadas de Empresarios de Limpieza Nacionales, <\/em><\/i>anulando los pliegos y el procedimiento de licitaci\u00f3n.<img loading=\"lazy\" class=\"wp-image-10473 alignleft\" src=\"https:\/\/www.pimealdia.org\/wp-content\/uploads\/2017\/11\/crowdfunding-11-300x200.jpg\" alt=\"\" width=\" 341 \" height=\" 227 \" srcset=\"https:\/\/www.pimealdia.org\/wp-content\/uploads\/2017\/11\/crowdfunding-11-300x200.jpg 300w, https:\/\/www.pimealdia.org\/wp-content\/uploads\/2017\/11\/crowdfunding-11-1024x683.jpg 1024w, https:\/\/www.pimealdia.org\/wp-content\/uploads\/2017\/11\/crowdfunding-11-1000x667.jpg 1000w, https:\/\/www.pimealdia.org\/wp-content\/uploads\/2017\/11\/crowdfunding-11-800x534.jpg 800w, https:\/\/www.pimealdia.org\/wp-content\/uploads\/2017\/11\/crowdfunding-11-600x400.jpg 600w, https:\/\/www.pimealdia.org\/wp-content\/uploads\/2017\/11\/crowdfunding-11-400x267.jpg 400w, https:\/\/www.pimealdia.org\/wp-content\/uploads\/2017\/11\/crowdfunding-11.jpg 1300w\" sizes=\"(max-width: 300px) 100vw, 300px\" \/>\n<p>la primera, tiene relaci\u00f3n con la no justificaci\u00f3n de la no divisi\u00f3n del contrato en lotes. Acuerda anular los pliegos y procedimiento de licitaci\u00f3n ya que se concluye que<strong><strong><i><em> <strong> <em> &#8220;una mejor coordinaci\u00f3n del contrato desde los servicios t\u00e9cnicos no puede ser, por s\u00ed sola, raz\u00f3n suficiente para la no divisi\u00f3n en lotes&#8221;<\/em><\/strong><\/em><\/i><\/strong><\/strong> indica que se deber\u00e1 iniciar de nuevo el procedimiento, dividiendo el contrato en lotes y excluyente del contrato principal determinados servicios. La segunda, tiene relaci\u00f3n con la exigencia desmedida de determinadas certificaciones. Tambi\u00e9n anula los pliegos y procedimiento de licitaci\u00f3n y en relaci\u00f3n a certificados de gesti\u00f3n medioambiental indica que en los nuevos pliegos <strong> <em> &#8220;deber\u00e1 incluir la referencia expresa a la admisi\u00f3n de certificados equivalentes y de medidas de gesti\u00f3n de calidad y de gesti\u00f3n medioambiental equivalentes &#8220;. <\/em><\/strong>Ante la exigencia de otras certificaciones m\u00e1s minoritarias, como la SA 8000, la SGE 21 o la SR-10: 2001, concluye que <em><strong>&#8220;la exigencia de estos certificados no est\u00e1 justificada en relaci\u00f3n a los efectos que han de producir, por lo que, supone una limitaci\u00f3n indebida al principio de libre concurrencia. &#8221; <\/strong><\/em><\/p>\n<ul>\n<li><strong> En sentido negativo<\/strong>, indicar que los poderes adjudicadores a\u00fan no han asumido plenamente los nuevos par\u00e1metros en los que se ha de desarrollar la contrataci\u00f3n p\u00fablica a partir de ahora. <strong><br \/>\n<\/strong><\/li>\n<\/ul>\n<\/li>\n<\/ul>\n","protected":false},"excerpt":{"rendered":"<p>Algunas cosas empiezan a cambiar en la contrataci\u00f3n p\u00fablica desde la publicaci\u00f3n de la Directiva 2014\/24 \/ UE de 26 de febrero\u00a0que podemos valorar de forma positiva aunque todav\u00eda queda mucho trabajo por hacer en la incorporaci\u00f3n de sus valores por parte de los poderes adjudicadores. En sentido positivo, indicar que diferentes resoluciones ya empiezan a reflejar los nuevos par\u00e1metros en los que se mover\u00e1 la contrataci\u00f3n p\u00fablica a partir de ahora. Como ejemplo, podemos citar dos del &#8220;Tribunal Administrativo de Contrataci\u00f3n P\u00fablica de la Comunidad de Madrid&#8221; que corresponden a recursos presentados por AFELIN, Asociaciones federadas de Empresarios de<\/p>\n","protected":false},"author":13,"featured_media":11642,"comment_status":"open","ping_status":"closed","sticky":false,"template":"","format":"standard","meta":[],"categories":[330],"tags":[],"_links":{"self":[{"href":"https:\/\/www.pimealdia.org\/es\/wp-json\/wp\/v2\/posts\/11645"}],"collection":[{"href":"https:\/\/www.pimealdia.org\/es\/wp-json\/wp\/v2\/posts"}],"about":[{"href":"https:\/\/www.pimealdia.org\/es\/wp-json\/wp\/v2\/types\/post"}],"author":[{"embeddable":true,"href":"https:\/\/www.pimealdia.org\/es\/wp-json\/wp\/v2\/users\/13"}],"replies":[{"embeddable":true,"href":"https:\/\/www.pimealdia.org\/es\/wp-json\/wp\/v2\/comments?post=11645"}],"version-history":[{"count":3,"href":"https:\/\/www.pimealdia.org\/es\/wp-json\/wp\/v2\/posts\/11645\/revisions"}],"predecessor-version":[{"id":11648,"href":"https:\/\/www.pimealdia.org\/es\/wp-json\/wp\/v2\/posts\/11645\/revisions\/11648"}],"wp:featuredmedia":[{"embeddable":true,"href":"https:\/\/www.pimealdia.org\/es\/wp-json\/wp\/v2\/media\/11642"}],"wp:attachment":[{"href":"https:\/\/www.pimealdia.org\/es\/wp-json\/wp\/v2\/media?parent=11645"}],"wp:term":[{"taxonomy":"category","embeddable":true,"href":"https:\/\/www.pimealdia.org\/es\/wp-json\/wp\/v2\/categories?post=11645"},{"taxonomy":"post_tag","embeddable":true,"href":"https:\/\/www.pimealdia.org\/es\/wp-json\/wp\/v2\/tags?post=11645"}],"curies":[{"name":"wp","href":"https:\/\/api.w.org\/{rel}","templated":true}]}}