{"id":11703,"date":"2017-12-21T16:15:52","date_gmt":"2017-12-21T14:15:52","guid":{"rendered":"https:\/\/www.pimealdia.org\/aprendre-a-treballar-en-equip\/"},"modified":"2017-12-21T16:33:24","modified_gmt":"2017-12-21T14:33:24","slug":"aprendre-a-treballar-en-equip","status":"publish","type":"post","link":"https:\/\/www.pimealdia.org\/es\/aprendre-a-treballar-en-equip\/","title":{"rendered":"Aprender a trabajar en equipo"},"content":{"rendered":"<p>Trabajar en equipo es clave para el <strong> desarrollo personal y profesional <\/strong> de cada empleado y vital para el \u00e9xito de una empresa. Tiene un impacto positivo en dos direcciones: no s\u00f3lo se trata de obtener tiempos m\u00e1s cortos en todos los procesos realizados, sino tambi\u00e9n obtener resultados de mayor calidad con las metas trazadas, lo que se traduce en un beneficio cualitativo y cuantitativo fruto de un trabajo sin\u00e9rgico bien dirigido.<\/p>\n<p>Es por eso que las compa\u00f1\u00edas cada vez est\u00e1n m\u00e1s convencidas de la necesidad de estimular las diferentes <a href=\"https:\/\/www.pimealdia.org\/es\/desenvolupament-i-entrenament-de-les-soft-skills\/ \" target=\" _ blank \"> competencias <\/a> que resultan claves para que el trabajo en conjunto aporte los beneficios esperados en el desarrollo de cada proyecto.<\/p>\n<p><img loading=\"lazy\" class=\"wp-image-9795 alignleft\" src=\"https:\/\/www.pimealdia.org\/wp-content\/uploads\/2017\/10\/lideratge-emocional-4-300x214.jpg\" alt=\"\" width=\"352\" height=\"251\" srcset=\"https:\/\/www.pimealdia.org\/wp-content\/uploads\/2017\/10\/lideratge-emocional-4-300x214.jpg 300w, https:\/\/www.pimealdia.org\/wp-content\/uploads\/2017\/10\/lideratge-emocional-4-800x571.jpg 800w, https:\/\/www.pimealdia.org\/wp-content\/uploads\/2017\/10\/lideratge-emocional-4-600x428.jpg 600w, https:\/\/www.pimealdia.org\/wp-content\/uploads\/2017\/10\/lideratge-emocional-4-400x285.jpg 400w, https:\/\/www.pimealdia.org\/wp-content\/uploads\/2017\/10\/lideratge-emocional-4.jpg 960w\" sizes=\"(max-width: 352px) 100vw, 352px\" \/> Perseguir un objetivo com\u00fan es <a href=\"https:\/\/www.pimealdia.org\/es\/5-tecniques-que-us-ajudaran-a-motivar-els-equips -de-trabajo \/ \" target=\" _ blank \"> la motivaci\u00f3n<\/a>\u00a0principal que debe impulsar a cada persona al desarrollo m\u00e1ximo de sus capacidades. Para trabajar cooperativamente <a href=\"https:\/\/www.pimealdia.org\/es\/escoltar-es-el-primer-pas-per-aconseguir-una-comunicacio-efectiva\/\" target=\"_ blank\"> hay que aprender a escuchar y valorar las opiniones de los dem\u00e1s,<\/a>\u00a0que pueden resultar m\u00e1s \u00fatiles que las nuestras a la hora de conseguir el objetivo com\u00fan. Un equipo que trabaja bien en conjunto entiende las <a href=\"https:\/\/www.pimealdia.org\/es\/benestar-personal-i-professional-a-traves-de-lautoconeixement\/\" target=\"_ blank\"> fortalezas y debilidades de cada miembro, <\/a> y es capaz de dividirse las tareas en funci\u00f3n de la capacidad de cada persona.<\/p>\n<p>El trabajo de todas las personas es importante. Los \u00e9xitos o los fracasos de pertenecer a todos los miembros del equipo, quienes deben tener entre ellos una <a href=\"https:\/\/www.pimealdia.org\/es\/6-consells-per-a-escoltar -de-forma-efectiva \/ \" target=\" _ blank \"> comunicaci\u00f3n <\/a> que ayude a reducir errores y generar confianza en los dem\u00e1s. En este punto, es importante no dejarse llevar por los sentimientos de falta de conexi\u00f3n ante alguno de los miembros del grupo. Hay que saber dejar junto juicios y prejuicios para conseguir una mejor formar de relacionarse con esa persona y cumplir los objetivos comunes.<\/p>\n<p><img loading=\"lazy\" class=\"size-medium wp-image-9563 alignleft\" src=\"https:\/\/www.pimealdia.org\/wp-content\/uploads\/2017\/10\/motivar-als-equips-de-treball-300x225.jpg\" alt=\"\" width=\"300\" height=\"225\" srcset=\"https:\/\/www.pimealdia.org\/wp-content\/uploads\/2017\/10\/motivar-als-equips-de-treball-300x225.jpg 300w, https:\/\/www.pimealdia.org\/wp-content\/uploads\/2017\/10\/motivar-als-equips-de-treball-600x450.jpg 600w, https:\/\/www.pimealdia.org\/wp-content\/uploads\/2017\/10\/motivar-als-equips-de-treball-400x300.jpg 400w, https:\/\/www.pimealdia.org\/wp-content\/uploads\/2017\/10\/motivar-als-equips-de-treball.jpg 640w\" sizes=\"(max-width: 300px) 100vw, 300px\" \/>Respecto a las ventajas que supone para una empresa <a href=\" https:\/\/www.pimealdia.org\/es\/lideratge-empresarial-estrategies- de-como-liderar-tu-equipo \/ \" target=\" _ blank \"> el trabajo en equipo<\/a>\u00a0cabe destacar que, cuando una tarea es entregada a un equipo bien entrenado y eficiente, es completada con m\u00e1s precisi\u00f3n y m\u00e1s r\u00e1pidamente, lo que permite a la compa\u00f1\u00eda asumir m\u00e1s trabajo y generar m\u00e1s ingresos sin necesidad de contratar m\u00e1s personal. Esto es especialmente \u00fatil cuando se consiguen equipos eficientes conformados por empleados de diferentes departamentos.<\/p>\n<p>Por otro lado, trabajando en equipo el personal se siente m\u00e1s c\u00f3modo para ofrecer <a href=\"https:\/\/www.pimealdia.org\/es\/escoltar-es-el-primer-pas-per-aconseguir-una-comunicacio -efectiva \/ \" target=\" _ blank \"> sugerencias y surgen intercambios de ideas de m\u00e1s calidad<\/a>, por lo que la compa\u00f1\u00eda se beneficia de la gran variedad de sugerencias que provienen de equipos eficaces. La mejor manera de enfrentarse a retos particularmente dif\u00edciles es a trav\u00e9s de personas que se identifican con los prop\u00f3sitos de la compa\u00f1\u00eda, con un <a href=\"https:\/\/www.pimealdia.org\/es\/cultura-corporativa -como-a-clave-de-la-competitividad-empresarial \/ \" target=\" _ blank \"> sentido de pertenencia<\/a>\u00a0que hace del compromiso una realidad.<\/p>\n<p><img loading=\"lazy\" class=\"size-medium wp-image-5882 alignleft\" src=\"https:\/\/www.pimealdia.org\/wp-content\/uploads\/2017\/06\/outdoor-trainning-300x171.png\" alt=\"\" width=\"300\" height=\"171\" srcset=\"https:\/\/www.pimealdia.org\/wp-content\/uploads\/2017\/06\/outdoor-trainning-300x171.png 300w, https:\/\/www.pimealdia.org\/wp-content\/uploads\/2017\/06\/outdoor-trainning-400x229.png 400w, https:\/\/www.pimealdia.org\/wp-content\/uploads\/2017\/06\/outdoor-trainning.png 504w\" sizes=\"(max-width: 300px) 100vw, 300px\" \/> Para un mejor trabajo en equipo hay que tener metas claras y compartidas. Si los <a href=\"https:\/\/www.pimealdia.org\/es\/el-recurs-mes-important-de-lempresa-es-el-capital-huma\/\" target=\"_ blank\"> integrantes de los equipos<\/a>\u00a0pierden el sentido de la tarea que realizan es m\u00e1s f\u00e1cil que los resultados de su trabajo queden reducidos a metas a corto plazo o tareas puntuales, cuando deber\u00edan ser entendidos como una pr\u00e1ctica diaria sistematizada y bien reglamentada .<\/p>\n<p>Por el contrario, entrenando a los empleados de una compa\u00f1\u00eda en <a href=\"https:\/\/www.pimealdia.org\/es\/7-tecniques-dentrenament-en-assertivitat\/\" target=\"_ blank\"> las competencias<\/a>\u00a0que son la base del trabajo conjunto, se pueden conseguir procesos que hacen m\u00e1s f\u00e1cil la consecuci\u00f3n de objetivos, al tiempo que se contribuye a la mejora de la calidad de vida laboral de los miembros del equipo, se agrega valor a los procesos y cada integrante pone al servicio del equipo sus m\u00e1s destacadas competencias.<\/p>\n<p>Mientras m\u00e1s personas se comprometan con la realizaci\u00f3n de una actividad, mejores y m\u00e1s efectivos ser\u00e1n los resultados. Por otra parte, esta f\u00f3rmula de trabajo es inherente a la calidad de <a href=\"https:\/\/www.pimealdia.org\/es\/treball-humor-bon-equip\/\" target=\"_ blank\"> el ambiente laboral y el \u00e1nimo de los trabajadores<\/a>, ya que logran desarrollar de manera eficiente la autoestima de cada persona del organitzaci\u00f3.<\/p>\n<p>El objetivo del trabajo en equipo es, en \u00faltima medida, poner m\u00e1s capacidades, inteligencias, ideas y destrezas al servicio de una tarea o actividad, de tal manera que los resultados se den de manera m\u00e1s r\u00e1pida y con m\u00e1s calidad.<\/p>\n<p>Trabajar de manera conjunta y eficazmente es algo que se puede aprender y entrenar. La formaci\u00f3n del personal en esta materia es el primer paso para alcanzar los objetivos que la compa\u00f1\u00eda se ha propuesto.<\/p>\n","protected":false},"excerpt":{"rendered":"<p>Trabajar en equipo es clave para el desarrollo personal y profesional de cada empleado y vital para el \u00e9xito de una empresa. Tiene un impacto positivo en dos direcciones: no s\u00f3lo se trata de obtener tiempos m\u00e1s cortos en todos los procesos realizados, sino tambi\u00e9n obtener resultados de mayor calidad con las metas trazadas, lo que se traduce en un beneficio cualitativo y cuantitativo fruto de un trabajo sin\u00e9rgico bien dirigido. Es por eso que las compa\u00f1\u00edas cada vez est\u00e1n m\u00e1s convencidas de la necesidad de estimular las diferentes competencias que resultan claves para que el trabajo en conjunto aporte<\/p>\n","protected":false},"author":7,"featured_media":11698,"comment_status":"open","ping_status":"closed","sticky":false,"template":"","format":"standard","meta":[],"categories":[330],"tags":[382],"_links":{"self":[{"href":"https:\/\/www.pimealdia.org\/es\/wp-json\/wp\/v2\/posts\/11703"}],"collection":[{"href":"https:\/\/www.pimealdia.org\/es\/wp-json\/wp\/v2\/posts"}],"about":[{"href":"https:\/\/www.pimealdia.org\/es\/wp-json\/wp\/v2\/types\/post"}],"author":[{"embeddable":true,"href":"https:\/\/www.pimealdia.org\/es\/wp-json\/wp\/v2\/users\/7"}],"replies":[{"embeddable":true,"href":"https:\/\/www.pimealdia.org\/es\/wp-json\/wp\/v2\/comments?post=11703"}],"version-history":[{"count":3,"href":"https:\/\/www.pimealdia.org\/es\/wp-json\/wp\/v2\/posts\/11703\/revisions"}],"predecessor-version":[{"id":11706,"href":"https:\/\/www.pimealdia.org\/es\/wp-json\/wp\/v2\/posts\/11703\/revisions\/11706"}],"wp:featuredmedia":[{"embeddable":true,"href":"https:\/\/www.pimealdia.org\/es\/wp-json\/wp\/v2\/media\/11698"}],"wp:attachment":[{"href":"https:\/\/www.pimealdia.org\/es\/wp-json\/wp\/v2\/media?parent=11703"}],"wp:term":[{"taxonomy":"category","embeddable":true,"href":"https:\/\/www.pimealdia.org\/es\/wp-json\/wp\/v2\/categories?post=11703"},{"taxonomy":"post_tag","embeddable":true,"href":"https:\/\/www.pimealdia.org\/es\/wp-json\/wp\/v2\/tags?post=11703"}],"curies":[{"name":"wp","href":"https:\/\/api.w.org\/{rel}","templated":true}]}}