{"id":11714,"date":"2017-12-21T17:31:31","date_gmt":"2017-12-21T15:31:31","guid":{"rendered":"https:\/\/www.pimealdia.org\/com-puc-convertir-me-en-una-persona-mes-efectiva\/"},"modified":"2017-12-21T18:38:38","modified_gmt":"2017-12-21T16:38:38","slug":"com-puc-convertir-me-en-una-persona-mes-efectiva","status":"publish","type":"post","link":"https:\/\/www.pimealdia.org\/es\/com-puc-convertir-me-en-una-persona-mes-efectiva\/","title":{"rendered":"\u00bfC\u00f3mo puedo convertirme en una persona m\u00e1s efectiva?"},"content":{"rendered":"<header class=\"entry-content-header\">\n<p class=\"post-title entry-title\">En mi experiencia profesional, las personas con las que me relaciono personal y laboralmente, a menudo me manifiestan la constante preocupaci\u00f3n de c\u00f3mo conseguir ser una persona m\u00e1s efectiva en la vida y en el trabajo.<\/p>\n<\/header>\n<div class=\"entry-content\">\n<p><img loading=\"lazy\" class=\"wp-image-11521 alignleft\" src=\"https:\/\/www.pimealdia.org\/wp-content\/uploads\/2017\/12\/autoconeixement-2-300x205.jpg\" alt=\"\" width=\" 266 \" height=\" 182 \" srcset=\"https:\/\/www.pimealdia.org\/wp-content\/uploads\/2017\/12\/autoconeixement-2-300x205.jpg 300w, https:\/\/www.pimealdia.org\/wp-content\/uploads\/2017\/12\/autoconeixement-2-600x409.jpg 600w, https:\/\/www.pimealdia.org\/wp-content\/uploads\/2017\/12\/autoconeixement-2-400x273.jpg 400w, https:\/\/www.pimealdia.org\/wp-content\/uploads\/2017\/12\/autoconeixement-2.jpg 733w\" sizes=\"(max-width: 300px) 100vw, 300px\" \/> Esta preocupaci\u00f3n cada vez m\u00e1s generalizada, se justifica por estar en un entorno vol\u00e1til, incierto, complejo y ambiguo, en el que se interact\u00faa a mayor velocidad por el entorno tecnol\u00f3gico en el que vivimos, donde los recursos generan m\u00e1s oportunidades para mejorar el bienestar personal de los que han de generar bienestar en el trabajo, sin embargo, <strong> la exigencia es mayor y la presi\u00f3n tambi\u00e9n. <\/strong><\/p>\n<p style=\"text-align: center;\"><strong> &#8220;El misterio final es uno mismo&#8221; Oscar Wilde <\/strong><\/p>\n<p><strong>La autogesti\u00f3n y el empoderamiento<\/strong> acompa\u00f1an a las personas para que alcancen sus objetivos por s\u00ed mismos y decidan el camino para hacerlo. Incluyen aquellos aspectos de una buena organizaci\u00f3n personal y profesional, para asumir nuevas competencias y ser l\u00edderes de nuestro destino.<\/p>\n<p><strong> \u00bfQu\u00e9 piensas de ti mismo? \u00bfC\u00f3mo quieres sentirte en tu vida? <\/strong><\/p>\n<p>Es muy importante ser uno mismo, trabajar en lo que hace sentirnos bien, respetar a los dem\u00e1s y tener consideraci\u00f3n hacia su forma de ver la vida. Nuestros pensamientos crean nuestra realidad, lo que damos a los dem\u00e1s, lo recibimos.<\/p>\n<p style=\"text-align: center;\"><em> <strong> Cuida tus pensamientos, porque se volver\u00e1n palabras. <\/strong> <\/em><\/p>\n<p style=\"text-align: center;\"><em> <strong> Cuida tus palabras, porque se transformar\u00e1n en actos. <\/strong> <\/em><\/p>\n<p style=\"text-align: center;\"><em> <strong> Cuida tus actos, porque se har\u00e1n costumbre. <\/strong> <\/em><\/p>\n<p style=\"text-align: center;\"><em> <strong> Cuida tus costumbres, porque forjar\u00e1n tu car\u00e1cter. <\/strong> <\/em><\/p>\n<p style=\"text-align: center;\"><em> <strong> Cuida tu car\u00e1cter, porque formar\u00e1 tu destino. <\/strong> <\/em><\/p>\n<p style=\"text-align: center;\"><em> <strong> Y tu destino, ser\u00e1 tu vida. <\/strong> <\/em><\/p>\n<p style=\"text-align: center;\"><em> <strong> Mahatma Gandhi <\/strong> <\/em><\/p>\n<p>Por esto y muchas otras cosas, me gustar\u00eda compartir algunas <strong> actividades para lograr la autogesti\u00f3n y el empoderamiento <\/strong><\/p>\n<ul>\n<li>\n<h4><strong> \u00bfQui\u00e9n soy <\/strong><\/h4>\n<\/li>\n<\/ul>\n<p><img loading=\"lazy\" class=\"size-full wp-image-11167 alignright\" src=\"https:\/\/www.pimealdia.org\/wp-content\/uploads\/2017\/12\/xarxes-socials-11.jpg\" alt=\"\" width=\"240\" height=\"161\" \/>Permite ver <strong> qui\u00e9nes somos y qui\u00e9nes queremos llegar a ser,\u00a0<\/strong>marcando la estrategia para conseguir llegar a ser la persona que deseamos, colocando en un hoja quienes somos, en otra que queremos llegar a ser y en el \u00faltimo c\u00f3mo lo haremos.<\/p>\n<ul>\n<li>\n<h4><strong> L\u00ednea de la vida <\/strong><\/h4>\n<\/li>\n<\/ul>\n<p><img loading=\"lazy\" class=\"size-medium wp-image-10608 alignright\" src=\"https:\/\/www.pimealdia.org\/wp-content\/uploads\/2017\/11\/automotivaci\u00f3n-300x200.jpg\" alt=\"\" width=\"300\" height=\"200\" srcset=\"https:\/\/www.pimealdia.org\/wp-content\/uploads\/2017\/11\/automotivaci\u00f3n-300x200.jpg 300w, https:\/\/www.pimealdia.org\/wp-content\/uploads\/2017\/11\/automotivaci\u00f3n-600x400.jpg 600w, https:\/\/www.pimealdia.org\/wp-content\/uploads\/2017\/11\/automotivaci\u00f3n-400x267.jpg 400w, https:\/\/www.pimealdia.org\/wp-content\/uploads\/2017\/11\/automotivaci\u00f3n.jpg 640w\" sizes=\"(max-width: 300px) 100vw, 300px\" \/>Permite crear una <strong> l\u00ednea horizontal que representa nuestra vida<\/strong>. En esta l\u00ednea marcaremos el presente, situaciones y experiencias del pasado, para ser conscientes de lo que consideramos relevante en nuestra vida. Posteriormente llenaremos parte de nuestro futuro, se\u00f1alando los objetivos m\u00e1s cercanos y m\u00e1s alejados en el tiempo. Habr\u00eda que reflexionar sobre nuestras vivencias hasta ahora y sobre c\u00f3mo nos planteamos conseguir y alcanzar los objetivos.<\/p>\n<ul>\n<li>\n<h4><strong> Diario de emociones <\/strong><\/h4>\n<\/li>\n<\/ul>\n<p>Escuchar nuestras emociones nos da muchos detalles sobre nosotros mismos y otras personas o situaciones. Tener <strong> conciencia de nuestro estado emocional, <\/strong>conocer cu\u00e1les son las emociones que m\u00e1s es repiten, analizarlas, etc. facilita nuestro autoconocimiento tanto en el \u00e1mbito personal como laboral.<\/p>\n<ul>\n<li>\n<h4><strong> DAFO personal <\/strong><\/h4>\n<p>Al igual que si analiz\u00e1ramos nuestra posible empresa o idea empresarial, en este an\u00e1lisis <strong> detectamos nuestras debilidades\/amenazas y fortalezas\/oportunidades. <\/strong> Estamos valorando nuestras caracter\u00edsticas tanto internas como externas de la situaci\u00f3.<\/li>\n<\/ul>\n<p><strong> &#8220;Cuando somos capaces de conocernos a nosotros mismos, pocas veces nos equivocamos sobre nuestro destino&#8221; <\/strong> <strong> Madame de Sta\u00ebl <\/strong><\/p>\n<p>Si quieres <strong> iniciar un proceso de coaching para saber m\u00e1s de ti mismo y marcar tu destino <\/strong> podemos hacerlo o juntos.<\/p>\n<p>Poder ser espectador de la nostra vida o ser-ne el protagonista, tu decideixes!<\/p>\n<p>Gr\u00e0cies i Fins Aviat!<\/p>\n<\/div>\n","protected":false},"excerpt":{"rendered":"<p>En mi experiencia profesional, las personas con las que me relaciono personal y laboralmente, a menudo me manifiestan la constante preocupaci\u00f3n de c\u00f3mo conseguir ser una persona m\u00e1s efectiva en la vida y en el trabajo. Esta preocupaci\u00f3n cada vez m\u00e1s generalizada, se justifica por estar en un entorno vol\u00e1til, incierto, complejo y ambiguo, en el que se interact\u00faa a mayor velocidad por el entorno tecnol\u00f3gico en el que vivimos, donde los recursos generan m\u00e1s oportunidades para mejorar el bienestar personal de los que han de generar bienestar en el trabajo, sin embargo, la exigencia es mayor y la presi\u00f3n<\/p>\n","protected":false},"author":64,"featured_media":11711,"comment_status":"open","ping_status":"closed","sticky":false,"template":"","format":"standard","meta":[],"categories":[330],"tags":[445],"_links":{"self":[{"href":"https:\/\/www.pimealdia.org\/es\/wp-json\/wp\/v2\/posts\/11714"}],"collection":[{"href":"https:\/\/www.pimealdia.org\/es\/wp-json\/wp\/v2\/posts"}],"about":[{"href":"https:\/\/www.pimealdia.org\/es\/wp-json\/wp\/v2\/types\/post"}],"author":[{"embeddable":true,"href":"https:\/\/www.pimealdia.org\/es\/wp-json\/wp\/v2\/users\/64"}],"replies":[{"embeddable":true,"href":"https:\/\/www.pimealdia.org\/es\/wp-json\/wp\/v2\/comments?post=11714"}],"version-history":[{"count":3,"href":"https:\/\/www.pimealdia.org\/es\/wp-json\/wp\/v2\/posts\/11714\/revisions"}],"predecessor-version":[{"id":11720,"href":"https:\/\/www.pimealdia.org\/es\/wp-json\/wp\/v2\/posts\/11714\/revisions\/11720"}],"wp:featuredmedia":[{"embeddable":true,"href":"https:\/\/www.pimealdia.org\/es\/wp-json\/wp\/v2\/media\/11711"}],"wp:attachment":[{"href":"https:\/\/www.pimealdia.org\/es\/wp-json\/wp\/v2\/media?parent=11714"}],"wp:term":[{"taxonomy":"category","embeddable":true,"href":"https:\/\/www.pimealdia.org\/es\/wp-json\/wp\/v2\/categories?post=11714"},{"taxonomy":"post_tag","embeddable":true,"href":"https:\/\/www.pimealdia.org\/es\/wp-json\/wp\/v2\/tags?post=11714"}],"curies":[{"name":"wp","href":"https:\/\/api.w.org\/{rel}","templated":true}]}}