{"id":12189,"date":"2017-12-22T11:50:11","date_gmt":"2017-12-22T09:50:11","guid":{"rendered":"https:\/\/www.pimealdia.org\/festes-de-nadal-sense-fredorades-i-continuacio-de-la-sequera-prediccio-meteorologica-del-23-al-29-de-desembre-2017\/"},"modified":"2018-01-18T12:19:50","modified_gmt":"2018-01-18T10:19:50","slug":"festes-de-nadal-sense-fredorades-i-continuacio-de-la-sequera-prediccio-meteorologica-del-23-al-29-de-desembre-2017","status":"publish","type":"post","link":"https:\/\/www.pimealdia.org\/es\/festes-de-nadal-sense-fredorades-i-continuacio-de-la-sequera-prediccio-meteorologica-del-23-al-29-de-desembre-2017\/","title":{"rendered":"Fiestas de Navidad sin fr\u00edos y continuaci\u00f3n de la sequ\u00eda: predicci\u00f3n meteorol\u00f3gica del 23 al 29 de diciembre 2017"},"content":{"rendered":"<p>Esta semana nos ha sido dif\u00edcil encontrar el titular adecuado. Tendremos un poco de todo, por lo tanto mejor comentar lo que descartamos, por ejemplo fr\u00edos. El ambiente bastante fr\u00edo de las tres primeras semanas de diciembre se ha terminado, comenzar\u00e1n a soplar vientos atl\u00e1nticos m\u00e1s templados. Como tendremos cambios repentinos, lo concretamos a continuaci\u00f3n y despu\u00e9s vemos c\u00f3mo los diferentes sectores comerciales pueden &#8220;aprovecharse&#8221; de estas condiciones.<\/p>\n<p>Fin de semana tranquilo, anticicl\u00f3nico, algunas heladas nocturnas poco importantes en el interior y luego de la sequ\u00eda. El d\u00eda de Navidad ser\u00e1 desapacible a base puntos de la costa y comarcas vecinas debido al giro del viento a sur, h\u00famedo y con nubes bajas, la sensaci\u00f3n ser\u00e1 de una cierta frialdad, puede caer alguna gota.<\/p>\n<p>Martes el mismo, nubes, poca lluvia y temperatura no demasiado baja pero con sensaci\u00f3n de una cierta frialdad h\u00fameda. Mi\u00e9rcoles nos pasar\u00e1 una perturbaci\u00f3n dejando algunas nevadas en el Pirineo que ser\u00e1n muy bienvenidas, sobre todo en la zona leridana y andorrana, jueves vientos aponentats, con ambiente no demasiado fr\u00edo y os podemos adelantar que los \u00faltimas d\u00edas del a\u00f1o ser\u00e1n poco fr\u00edos y sin lluvia o nieve. Lo tenemos un poco magro con la sequ\u00eda.<\/p>\n<p>As\u00ed que <strong> podemos concluir que con estas condiciones <\/strong>, el consumo de energ\u00eda, con una rebaja del fr\u00edo, no ser\u00e1 tan elevado, las pistas de esqu\u00ed deben prever las nevadas o m\u00e1s bien nevadita del mi\u00e9rcoles, poco m\u00e1s caer\u00e1. En el sector agr\u00edcola hay que comentar dos cosas: continuaremos sin lluvias destacadas una semana m\u00e1s y no prevemos heladas intensas, m\u00e1s bien temperaturas al alza a partir de mediados de la pr\u00f3xima semana. Obra p\u00fablica, rehabilitaciones, pintura &#8230; podr\u00e1n trabajar sin que la lluvia los estorbe, quiz\u00e1 comentar que al haber tenido hasta ahora temperaturas bastante bajas, se ha acelerado la ca\u00edda de hojas de los \u00e1rboles, especialmente de los plataneros y con el viento que soplar\u00e1 mi\u00e9rcoles y jueves, habr\u00e1 trabajo para limpiar las calles y plazas, pero como no prevemos lluvias destacables, no habr\u00e1 problemas de obturaci\u00f3n de los sumideros &#8230; \u00a1se debe tener todo previsto! Transporte de viajeros sin problemas, salvo algunas nieblas en planas interiores. Navegaci\u00f3n mar\u00edtima entre el martes y el mi\u00e9rcoles con garb\u00ed o suroeste moderado pero sin alteraciones importantes.<\/p>\n<p>Resumiendo, tiempo de diciembre m\u00e1s templado que el que hemos tenido hasta ahora, sin fr\u00edos ni lluvias a la vista &#8230; en fin, \u00a1que haga lo que quiera pero pas\u00e9is muy buenas fiestas !!!<\/p>\n<p>Por gentileza de <a href=\"http:\/\/www.taikometeorologia.com\/\" target=\"_blank\" rel=\"noopener noreferrer\"> taiko Meteorolog\u00eda <\/a><\/p>\n<p><img loading=\"lazy\" class=\"aligncenter wp-image-11734\" src=\"https:\/\/www.pimealdia.org\/wp-content\/uploads\/2017\/12\/PostalNadalTaiko1-1024x722.png\" alt=\"\" width=\"640\" height=\"451\" srcset=\"https:\/\/www.pimealdia.org\/wp-content\/uploads\/2017\/12\/PostalNadalTaiko1-1024x722.png 1024w, https:\/\/www.pimealdia.org\/wp-content\/uploads\/2017\/12\/PostalNadalTaiko1-300x211.png 300w, https:\/\/www.pimealdia.org\/wp-content\/uploads\/2017\/12\/PostalNadalTaiko1-1000x705.png 1000w, https:\/\/www.pimealdia.org\/wp-content\/uploads\/2017\/12\/PostalNadalTaiko1-800x564.png 800w, https:\/\/www.pimealdia.org\/wp-content\/uploads\/2017\/12\/PostalNadalTaiko1-600x423.png 600w, https:\/\/www.pimealdia.org\/wp-content\/uploads\/2017\/12\/PostalNadalTaiko1-400x282.png 400w\" sizes=\"(max-width: 640px) 100vw, 640px\" \/><\/p>\n","protected":false},"excerpt":{"rendered":"<p>Esta semana nos ha sido dif\u00edcil encontrar el titular adecuado. Tendremos un poco de todo, por lo tanto mejor comentar lo que descartamos, por ejemplo fr\u00edos. El ambiente bastante fr\u00edo de las tres primeras semanas de diciembre se ha terminado, comenzar\u00e1n a soplar vientos atl\u00e1nticos m\u00e1s templados. Como tendremos cambios repentinos, lo concretamos a continuaci\u00f3n y despu\u00e9s vemos c\u00f3mo los diferentes sectores comerciales pueden &#8220;aprovecharse&#8221; de estas condiciones. Fin de semana tranquilo, anticicl\u00f3nico, algunas heladas nocturnas poco importantes en el interior y luego de la sequ\u00eda. El d\u00eda de Navidad ser\u00e1 desapacible a base puntos de la costa y comarcas<\/p>\n","protected":false},"author":60,"featured_media":10341,"comment_status":"open","ping_status":"closed","sticky":false,"template":"","format":"standard","meta":[],"categories":[338],"tags":[],"_links":{"self":[{"href":"https:\/\/www.pimealdia.org\/es\/wp-json\/wp\/v2\/posts\/12189"}],"collection":[{"href":"https:\/\/www.pimealdia.org\/es\/wp-json\/wp\/v2\/posts"}],"about":[{"href":"https:\/\/www.pimealdia.org\/es\/wp-json\/wp\/v2\/types\/post"}],"author":[{"embeddable":true,"href":"https:\/\/www.pimealdia.org\/es\/wp-json\/wp\/v2\/users\/60"}],"replies":[{"embeddable":true,"href":"https:\/\/www.pimealdia.org\/es\/wp-json\/wp\/v2\/comments?post=12189"}],"version-history":[{"count":3,"href":"https:\/\/www.pimealdia.org\/es\/wp-json\/wp\/v2\/posts\/12189\/revisions"}],"predecessor-version":[{"id":12192,"href":"https:\/\/www.pimealdia.org\/es\/wp-json\/wp\/v2\/posts\/12189\/revisions\/12192"}],"wp:featuredmedia":[{"embeddable":true,"href":"https:\/\/www.pimealdia.org\/es\/wp-json\/wp\/v2\/media\/10341"}],"wp:attachment":[{"href":"https:\/\/www.pimealdia.org\/es\/wp-json\/wp\/v2\/media?parent=12189"}],"wp:term":[{"taxonomy":"category","embeddable":true,"href":"https:\/\/www.pimealdia.org\/es\/wp-json\/wp\/v2\/categories?post=12189"},{"taxonomy":"post_tag","embeddable":true,"href":"https:\/\/www.pimealdia.org\/es\/wp-json\/wp\/v2\/tags?post=12189"}],"curies":[{"name":"wp","href":"https:\/\/api.w.org\/{rel}","templated":true}]}}