{"id":12237,"date":"2018-01-05T13:56:32","date_gmt":"2018-01-05T11:56:32","guid":{"rendered":"https:\/\/www.pimealdia.org\/primeres-pluges-cara-ulls\/"},"modified":"2018-01-18T16:05:11","modified_gmt":"2018-01-18T14:05:11","slug":"primeres-pluges-cara-ulls","status":"publish","type":"post","link":"https:\/\/www.pimealdia.org\/es\/primeres-pluges-cara-ulls\/","title":{"rendered":"Por fin las primeras lluvias con cara y ojos: predicci\u00f3n meteorol\u00f3gica del 6 al 12 de enero 2018"},"content":{"rendered":"<p>Llevamos un d\u00e9ficit de precipitaci\u00f3n en todo el pa\u00eds notable, as\u00ed que tenemos que felicitarnos, a pesar de que coincida en fin de semana (las perturbaciones no entienden de calendarios), <strong> de la llegada de las primeras lluvias y nevadas m\u00e1s o menos generales<\/strong>.<\/p>\n<blockquote><p>\u00a1Las altas temperaturas de estos pasados d\u00edas, m\u00e1s propias de la primavera, se acaban y ya os avisamos que a partir de ma\u00f1ana s\u00e1bado vuelva a preparar la ropa de pleno invierno &#8230; y quite las telara\u00f1as de los paraguas!<\/p><\/blockquote>\n<figure id=\"attachment_11945\" aria-describedby=\"caption-attachment-11945\" style=\"width: 665px\" class=\"wp-caption alignleft\"><img loading=\"lazy\" class=\"wp-image-11945 size-full\" src=\"https:\/\/www.pimealdia.org\/wp-content\/uploads\/2018\/01\/PLUJA.jpg\" alt=\"\" width=\"665\" height=\"150\" srcset=\"https:\/\/www.pimealdia.org\/wp-content\/uploads\/2018\/01\/PLUJA.jpg 665w, https:\/\/www.pimealdia.org\/wp-content\/uploads\/2018\/01\/PLUJA-300x68.jpg 300w, https:\/\/www.pimealdia.org\/wp-content\/uploads\/2018\/01\/PLUJA-600x135.jpg 600w, https:\/\/www.pimealdia.org\/wp-content\/uploads\/2018\/01\/PLUJA-400x90.jpg 400w\" sizes=\"(max-width: 665px) 100vw, 665px\" \/><figcaption id=\"caption-attachment-11945\" class=\"wp-caption-text\">Fin de semana pues con el regreso de fr\u00edo y lluvia que a base comarcas ser\u00e1 moderada y persistente a partir del s\u00e1bado por la tarde o noche<\/figcaption><\/figure>\n<p>Domingo al atardecer, dependiendo de la zona, se iniciar\u00e1 una progresiva mejora. La pr\u00f3xima semana la iniciaremos sin lluvia pero con fr\u00edo, para ir bien abrigado, esperando otra perturbaci\u00f3n que llegar\u00e1 el jueves. Todo ello nos hace recordar que con los vientos que hemos tenido, mejor estar prevenido por si las hojas, el agua y los sumideros pueden hacer alguna mala pasada, alguna peque\u00f1a inundaci\u00f3n.<\/p>\n<h2>Las consecuencias para las pymes<\/h2>\n<ul>\n<li>No ser\u00e1 el tiempo m\u00e1s adecuado para disfrutar de <strong> actividades al aire libre<\/strong>, pero la nieve que esperamos que caiga en muchas monta\u00f1as garantizar\u00e1 una <strong> excelente temporada en las pistas de esqu\u00ed<\/strong>. Aproveche las rebajas del sector textil y compre ropa de abrigo si a\u00fan no lo ha hecho, <strong> tenemos fr\u00edo para rato<\/strong>.<\/li>\n<li>En cuanto al <strong> sector agr\u00edcola, <\/strong>no esperamos heladas importantes, a pesar del descenso termom\u00e9trico, gracias a las noches nubladas.<\/li>\n<li><strong> La peque\u00f1a y mediana empresa notar\u00e1 en sus plantillas las consecuencias de la gripe, <\/strong>cosas del invierno.<\/li>\n<\/ul>\n<p><img loading=\"lazy\" class=\"wp-image-11955 alignleft\" src=\"https:\/\/www.pimealdia.org\/wp-content\/uploads\/2018\/01\/Efectes-ions-positius-150x150.jpg\" alt=\"\" width=\"93\" height=\"93\" srcset=\"https:\/\/www.pimealdia.org\/wp-content\/uploads\/2018\/01\/Efectes-ions-positius-150x150.jpg 150w, https:\/\/www.pimealdia.org\/wp-content\/uploads\/2018\/01\/Efectes-ions-positius-100x100.jpg 100w, https:\/\/www.pimealdia.org\/wp-content\/uploads\/2018\/01\/Efectes-ions-positius-50x50.jpg 50w\" sizes=\"(max-width: 93px) 100vw, 93px\" \/>Y para terminar, una buena noticia: estos \u00faltimos d\u00edas nos ha soplado un buen ponentada, caliente y seca. Sepan que el viento de poniente es el peor de todos los vientos en muchas zonas del litoral y prelitoral, <strong> cargado de iones positivos altera el sistema nervioso de personas y animales<\/strong>.<\/p>\n<p>Si ha tenido dolor de cabeza, punzadas en antiguas lesiones, irritabilidad, insomnio &#8230; puede darle la culpa al poniente, viento que ya se ha acabado y que este fin de semana girar\u00e1 a levante, h\u00famedo y m\u00e1s confortable a pesar de la lluvia &#8230; \u00a1no se puede tener todo!<\/p>\n<h4>Para finalizar la predicci\u00f3n semanal, os dejamos con unas im\u00e1genes<\/h4>\n<figure id=\"attachment_11950\" aria-describedby=\"caption-attachment-11950\" style=\"width: 640px\" class=\"wp-caption alignnone\"><img loading=\"lazy\" class=\"wp-image-11950\" src=\"https:\/\/www.pimealdia.org\/wp-content\/uploads\/2018\/01\/posta-Sol-300x200.jpg\" alt=\"\" width=\"640\" height=\"427\" srcset=\"https:\/\/www.pimealdia.org\/wp-content\/uploads\/2018\/01\/posta-Sol-300x200.jpg 300w, https:\/\/www.pimealdia.org\/wp-content\/uploads\/2018\/01\/posta-Sol-1024x683.jpg 1024w, https:\/\/www.pimealdia.org\/wp-content\/uploads\/2018\/01\/posta-Sol-1000x667.jpg 1000w, https:\/\/www.pimealdia.org\/wp-content\/uploads\/2018\/01\/posta-Sol-800x533.jpg 800w, https:\/\/www.pimealdia.org\/wp-content\/uploads\/2018\/01\/posta-Sol-600x400.jpg 600w, https:\/\/www.pimealdia.org\/wp-content\/uploads\/2018\/01\/posta-Sol-400x267.jpg 400w\" sizes=\"(max-width: 640px) 100vw, 640px\" \/><figcaption id=\"caption-attachment-11950\" class=\"wp-caption-text\">Puesta de sol del pasado 3 de enero desde el observatorio de plaza Kennedy en Barcelona. | Autor: Alfred Rodr\u00edguez Pic\u00f3<\/figcaption><\/figure>\n<figure id=\"attachment_11953\" aria-describedby=\"caption-attachment-11953\" style=\"width: 639px\" class=\"wp-caption alignleft\"><img loading=\"lazy\" class=\"wp-image-11953\" src=\"https:\/\/www.pimealdia.org\/wp-content\/uploads\/2018\/01\/Esterri-300x145.jpg\" alt=\"\" width=\"639\" height=\"309\" srcset=\"https:\/\/www.pimealdia.org\/wp-content\/uploads\/2018\/01\/Esterri-300x145.jpg 300w, https:\/\/www.pimealdia.org\/wp-content\/uploads\/2018\/01\/Esterri-1024x496.jpg 1024w, https:\/\/www.pimealdia.org\/wp-content\/uploads\/2018\/01\/Esterri-1000x484.jpg 1000w, https:\/\/www.pimealdia.org\/wp-content\/uploads\/2018\/01\/Esterri-800x387.jpg 800w, https:\/\/www.pimealdia.org\/wp-content\/uploads\/2018\/01\/Esterri-600x290.jpg 600w, https:\/\/www.pimealdia.org\/wp-content\/uploads\/2018\/01\/Esterri-400x194.jpg 400w, https:\/\/www.pimealdia.org\/wp-content\/uploads\/2018\/01\/Esterri.jpg 1800w\" sizes=\"(max-width: 639px) 100vw, 639px\" \/><figcaption id=\"caption-attachment-11953\" class=\"wp-caption-text\">Esterri d&#8217;\u00c0neu bajo niebla y la nieve el pasado 2 de enero. | Autor: Ramon Baylina<\/figcaption><\/figure>\n<p>&nbsp;<\/p>\n<p>&nbsp;<\/p>\n<p>&nbsp;<\/p>\n<p>&nbsp;<\/p>\n<p>&nbsp;<\/p>\n<p>&nbsp;<\/p>\n<p>&nbsp;<\/p>\n<p>Por gentileza de T<a href=\"http:\/\/www.taikometeorologia.com\/\" target=\"_blank\" rel=\"noopener noreferrer\">aiko Meteorolog\u00eda<\/a><\/p>\n","protected":false},"excerpt":{"rendered":"<p>Llevamos un d\u00e9ficit de precipitaci\u00f3n en todo el pa\u00eds notable, as\u00ed que tenemos que felicitarnos, a pesar de que coincida en fin de semana (las perturbaciones no entienden de calendarios), de la llegada de las primeras lluvias y nevadas m\u00e1s o menos generales. \u00a1Las altas temperaturas de estos pasados d\u00edas, m\u00e1s propias de la primavera, se acaban y ya os avisamos que a partir de ma\u00f1ana s\u00e1bado vuelva a preparar la ropa de pleno invierno &#8230; y quite las telara\u00f1as de los paraguas! Domingo al atardecer, dependiendo de la zona, se iniciar\u00e1 una progresiva mejora. La pr\u00f3xima semana la iniciaremos<\/p>\n","protected":false},"author":60,"featured_media":10341,"comment_status":"open","ping_status":"closed","sticky":false,"template":"","format":"standard","meta":[],"categories":[338],"tags":[],"_links":{"self":[{"href":"https:\/\/www.pimealdia.org\/es\/wp-json\/wp\/v2\/posts\/12237"}],"collection":[{"href":"https:\/\/www.pimealdia.org\/es\/wp-json\/wp\/v2\/posts"}],"about":[{"href":"https:\/\/www.pimealdia.org\/es\/wp-json\/wp\/v2\/types\/post"}],"author":[{"embeddable":true,"href":"https:\/\/www.pimealdia.org\/es\/wp-json\/wp\/v2\/users\/60"}],"replies":[{"embeddable":true,"href":"https:\/\/www.pimealdia.org\/es\/wp-json\/wp\/v2\/comments?post=12237"}],"version-history":[{"count":6,"href":"https:\/\/www.pimealdia.org\/es\/wp-json\/wp\/v2\/posts\/12237\/revisions"}],"predecessor-version":[{"id":12243,"href":"https:\/\/www.pimealdia.org\/es\/wp-json\/wp\/v2\/posts\/12237\/revisions\/12243"}],"wp:featuredmedia":[{"embeddable":true,"href":"https:\/\/www.pimealdia.org\/es\/wp-json\/wp\/v2\/media\/10341"}],"wp:attachment":[{"href":"https:\/\/www.pimealdia.org\/es\/wp-json\/wp\/v2\/media?parent=12237"}],"wp:term":[{"taxonomy":"category","embeddable":true,"href":"https:\/\/www.pimealdia.org\/es\/wp-json\/wp\/v2\/categories?post=12237"},{"taxonomy":"post_tag","embeddable":true,"href":"https:\/\/www.pimealdia.org\/es\/wp-json\/wp\/v2\/tags?post=12237"}],"curies":[{"name":"wp","href":"https:\/\/api.w.org\/{rel}","templated":true}]}}