{"id":12244,"date":"2018-01-09T16:39:46","date_gmt":"2018-01-09T14:39:46","guid":{"rendered":"https:\/\/www.pimealdia.org\/empreses-rse-i-bones-practiques-linguistiques\/"},"modified":"2018-01-18T16:26:40","modified_gmt":"2018-01-18T14:26:40","slug":"empreses-rse-i-bones-practiques-linguistiques","status":"publish","type":"post","link":"https:\/\/www.pimealdia.org\/es\/empreses-rse-i-bones-practiques-linguistiques\/","title":{"rendered":"Empresas, RSE y buenas pr\u00e1cticas ling\u00fc\u00edsticas"},"content":{"rendered":"<p>Cuando hablamos de <strong> Responsabilidad Social Empresarial (RSE) de <strong> buenas pr\u00e1cticas ling\u00fc\u00edsticas <\/strong> debemos tener en cuenta dos dimensiones:<\/strong><\/p>\n<p><img loading=\"lazy\" class=\"alignnone size-full wp-image-9719\" src=\"https:\/\/www.pimealdia.org\/wp-content\/uploads\/2017\/10\/1bis.png\" alt=\"\" width=\"76 \" height=\" 77 \" srcset=\"https:\/\/www.pimealdia.org\/wp-content\/uploads\/2017\/10\/1bis.png 76w, https:\/\/www.pimealdia.org\/wp-content\/uploads\/2017\/10\/1bis-50x50.png 50w\" sizes=\"(max-width: 76px) 100vw, 76px\" \/> Todas las empresas, independientemente de su volumen o de la actividad a que se dedican, se comunican con su entorno y sus p\u00fablicos internos y externos, de acuerdo con unas pautas m\u00e1s o menos expl\u00edcitas.<\/p>\n<p><img loading=\"lazy\" class=\"alignnone size-full wp-image-9875\" src=\"https:\/\/www.pimealdia.org\/wp-content\/uploads\/2017\/10\/2bis.png\" alt=\"\" width=\"85 \" height=\" 83 \" srcset=\"https:\/\/www.pimealdia.org\/wp-content\/uploads\/2017\/10\/2bis.png 85w, https:\/\/www.pimealdia.org\/wp-content\/uploads\/2017\/10\/2bis-50x50.png 50w\" sizes=\"(max-width: 85px) 100vw, 85px\" \/>Y todas las empresas est\u00e1n ubicadas en un territorio, con una realidad e identidad ling\u00fc\u00edstica concreta.<\/p>\n<p><img loading=\"lazy\" class=\"size-medium wp-image-11696 alignright\" src=\"https:\/\/www.pimealdia.org\/wp-content\/uploads\/2017\/12\/treball-en-equip-300x147.jpg\" alt=\"\" width=\"300\" height=\"147\" srcset=\"https:\/\/www.pimealdia.org\/wp-content\/uploads\/2017\/12\/treball-en-equip-300x147.jpg 300w, https:\/\/www.pimealdia.org\/wp-content\/uploads\/2017\/12\/treball-en-equip-600x294.jpg 600w, https:\/\/www.pimealdia.org\/wp-content\/uploads\/2017\/12\/treball-en-equip-400x196.jpg 400w, https:\/\/www.pimealdia.org\/wp-content\/uploads\/2017\/12\/treball-en-equip.jpg 640w\" sizes=\"(max-width: 300px) 100vw, 300px\" \/>En el caso de Catalu\u00f1a, las empresas se encuentran con un <strong> entorno diverso y multiling\u00fce <\/strong> en el que los criterios para utilizar las diferentes lenguas deben responder a tres perspectivas:<\/p>\n<ul>\n<li><strong> legal<\/strong>, para garantizar el cumplimiento de la normativa ling\u00fc\u00edstica vigente;<\/li>\n<li><strong> comercial, <\/strong> para satisfacer las necesidades e intereses de su mercado;<\/li>\n<li><strong> responsabilidad social<\/strong>, para ser sensibles a las inquietudes de la sociedad.<\/li>\n<\/ul>\n<p>Catalu\u00f1a es un territorio con una lengua propia (el catal\u00e1n) y dos lenguas oficiales (catal\u00e1n y castellano), y en cuanto a las empresas los usos ling\u00fc\u00edsticos est\u00e1n <strong> regulados por una normativa general (el Estatuto de autonom\u00eda, la Ley de pol\u00edtica ling\u00fc\u00edstica, el C\u00f3digo de consumo y del ET) <\/strong> y por una normativa espec\u00edfica para determinados sectores de actividad.<\/p>\n<p><img loading=\"lazy\" class=\"size-medium wp-image-11586 alignleft\" src=\"https:\/\/www.pimealdia.org\/wp-content\/uploads\/2017\/12\/segona-oportunitat-300x143.jpg\" alt=\"\" width=\"300\" height=\"143\" srcset=\"https:\/\/www.pimealdia.org\/wp-content\/uploads\/2017\/12\/segona-oportunitat-300x143.jpg 300w, https:\/\/www.pimealdia.org\/wp-content\/uploads\/2017\/12\/segona-oportunitat-800x381.jpg 800w, https:\/\/www.pimealdia.org\/wp-content\/uploads\/2017\/12\/segona-oportunitat-600x286.jpg 600w, https:\/\/www.pimealdia.org\/wp-content\/uploads\/2017\/12\/segona-oportunitat-400x190.jpg 400w, https:\/\/www.pimealdia.org\/wp-content\/uploads\/2017\/12\/segona-oportunitat.jpg 840w\" sizes=\"(max-width: 300px) 100vw, 300px\" \/>Las empresas tienen un papel importante en el fomento de la lengua catalana si cumplen estrictamente lo que marca la normativa, ya que esto sirve para cambiar las pr\u00e1cticas ling\u00fc\u00edsticas. Pero no es suficiente, porque a menudo lo que hay que modificar son las actitudes y es aqu\u00ed donde las empresas deben incorporar la RSE.<\/p>\n<p>Por ejemplo, la ley dice que las empresas deben utilizar el catal\u00e1n en los datos obligatorios del etiquetado, instrucciones y embalaje de los productos \/ servicios que se distribuyen en Catalu\u00f1a. <strong> Con la perspectiva de la RSE podemos dar un paso m\u00e1s all\u00e1: usar el catal\u00e1n en el resto de informaciones no obligatorias. <\/strong><\/p>\n<p><img loading=\"lazy\" class=\"size-medium wp-image-10524 alignleft\" src=\"https:\/\/www.pimealdia.org\/wp-content\/uploads\/2017\/11\/capital-hum\u00e0-300x186.jpg\" alt=\"\" width=\"300\" height=\"186\" srcset=\"https:\/\/www.pimealdia.org\/wp-content\/uploads\/2017\/11\/capital-hum\u00e0-300x186.jpg 300w, https:\/\/www.pimealdia.org\/wp-content\/uploads\/2017\/11\/capital-hum\u00e0-600x372.jpg 600w, https:\/\/www.pimealdia.org\/wp-content\/uploads\/2017\/11\/capital-hum\u00e0-400x248.jpg 400w, https:\/\/www.pimealdia.org\/wp-content\/uploads\/2017\/11\/capital-hum\u00e0.jpg 640w\" sizes=\"(max-width: 300px) 100vw, 300px\" \/> Aplicar la RSE en el uso de la lengua catalana no significa hacer grandes acciones, sino pensar cu\u00e1l puede ser nuestra aportaci\u00f3n en funci\u00f3n de nuestros valores como empresa, nuestras caracter\u00edsticas y nuestro sector de actividad. Evidentemente, no vamos a hacer lo mismo si nos dedicamos a desarrollar programas inform\u00e1ticos o si vendemos fruta, pero s\u00ed tendremos los mismos valores: hacerlo en catal\u00e1n.<\/p>\n<p>Para ayudarle a implementar acciones de RSE en relaci\u00f3n con la lengua catalana en la <a href=\"https:\/\/www.pimec.org\/ca\/fundacio-pimec\" target=\"_ blank\"> Fundaci\u00f3n PIMEC <\/a> hemos elaborado, con el apoyo del <i><a href=\"http:\/\/cultura.gencat.cat\/ca\/inici\/\" target=\"_blank\" rel=\"noopener noreferrer\">Departamento de Cultura de la Generalidad de Catalu\u00f1a<\/a>, <\/i>una gu\u00eda de buenas pr\u00e1cticas ling\u00fc\u00edsticas desde la visi\u00f3n de la legislaci\u00f3n actual referente a pol\u00edtica ling\u00fc\u00edstica y en el entorno empresarial. Adem\u00e1s, de continuar acompa\u00f1ando a las pymes y personas aut\u00f3nomas en estos temas.<\/p>\n<p><strong> Ser sensibles con el entorno social y cultural <\/strong> donde se act\u00faa, <strong> estar comprometidos con la diversidad de la clientela <\/strong>, <strong> innovar en un escenario que evoluciona constantemente, a la vez que se <strong> respeta la normativa vigente<\/strong>, <\/strong>son aspectos que determinan el grado de responsabilidad social de una pyme respecto a la sociedad con la que interact\u00faa.<\/p>\n<p>&#8220;CAT-responsable&#8221; es una acci\u00f3n destinada a promover el uso de la lengua catalana en Catalu\u00f1a en el \u00e1mbito laboral y empresarial promovida por la Fundaci\u00f3n PIMEC y con el apoyo del Departamento de Cultura de la Generalidad de Catalu\u00f1a (2017).<\/p>\n<p><strong> Teresa Re\u00f1\u00e9, <\/strong> Gestora de Contenidos y colaboradora de la Fundaci\u00f3n PIMEC<\/p>\n","protected":false},"excerpt":{"rendered":"<p>Cuando hablamos de Responsabilidad Social Empresarial (RSE) de buenas pr\u00e1cticas ling\u00fc\u00edsticas debemos tener en cuenta dos dimensiones: Todas las empresas, independientemente de su volumen o de la actividad a que se dedican, se comunican con su entorno y sus p\u00fablicos internos y externos, de acuerdo con unas pautas m\u00e1s o menos expl\u00edcitas. Y todas las empresas est\u00e1n ubicadas en un territorio, con una realidad e identidad ling\u00fc\u00edstica concreta. En el caso de Catalu\u00f1a, las empresas se encuentran con un entorno diverso y multiling\u00fce en el que los criterios para utilizar las diferentes lenguas deben responder a tres perspectivas: legal, para<\/p>\n","protected":false},"author":30,"featured_media":12039,"comment_status":"open","ping_status":"closed","sticky":false,"template":"","format":"standard","meta":[],"categories":[338],"tags":[],"_links":{"self":[{"href":"https:\/\/www.pimealdia.org\/es\/wp-json\/wp\/v2\/posts\/12244"}],"collection":[{"href":"https:\/\/www.pimealdia.org\/es\/wp-json\/wp\/v2\/posts"}],"about":[{"href":"https:\/\/www.pimealdia.org\/es\/wp-json\/wp\/v2\/types\/post"}],"author":[{"embeddable":true,"href":"https:\/\/www.pimealdia.org\/es\/wp-json\/wp\/v2\/users\/30"}],"replies":[{"embeddable":true,"href":"https:\/\/www.pimealdia.org\/es\/wp-json\/wp\/v2\/comments?post=12244"}],"version-history":[{"count":3,"href":"https:\/\/www.pimealdia.org\/es\/wp-json\/wp\/v2\/posts\/12244\/revisions"}],"predecessor-version":[{"id":12245,"href":"https:\/\/www.pimealdia.org\/es\/wp-json\/wp\/v2\/posts\/12244\/revisions\/12245"}],"wp:featuredmedia":[{"embeddable":true,"href":"https:\/\/www.pimealdia.org\/es\/wp-json\/wp\/v2\/media\/12039"}],"wp:attachment":[{"href":"https:\/\/www.pimealdia.org\/es\/wp-json\/wp\/v2\/media?parent=12244"}],"wp:term":[{"taxonomy":"category","embeddable":true,"href":"https:\/\/www.pimealdia.org\/es\/wp-json\/wp\/v2\/categories?post=12244"},{"taxonomy":"post_tag","embeddable":true,"href":"https:\/\/www.pimealdia.org\/es\/wp-json\/wp\/v2\/tags?post=12244"}],"curies":[{"name":"wp","href":"https:\/\/api.w.org\/{rel}","templated":true}]}}