{"id":12284,"date":"2018-01-19T15:09:11","date_gmt":"2018-01-19T13:09:11","guid":{"rendered":"https:\/\/www.pimealdia.org\/vent-caloreta-i-ruixats-en-aquest-ordre-prediccio-meteorologica-del-20-al-26-de-gener-2018\/"},"modified":"2018-01-19T19:52:21","modified_gmt":"2018-01-19T17:52:21","slug":"vent-caloreta-i-ruixats-en-aquest-ordre-prediccio-meteorologica-del-20-al-26-de-gener-2018","status":"publish","type":"post","link":"https:\/\/www.pimealdia.org\/es\/vent-caloreta-i-ruixats-en-aquest-ordre-prediccio-meteorologica-del-20-al-26-de-gener-2018\/","title":{"rendered":"Viento, calorcito y chubascos, en este orden: predicci\u00f3n meteorol\u00f3gica del 20 al 26 de enero 2018"},"content":{"rendered":"<p>Este mes de enero se est\u00e1 volviendo estramb\u00f3tico, un poco loco. De hecho esta noche del viernes al s\u00e1bado nos cruzar\u00e1 un frente con alguna lluvia local, poco y ma\u00f1ana s\u00e1bado nevar\u00e1 en el Pirineo, sobre todo en su cara norte.<\/p>\n<p><img loading=\"lazy\" class=\"aligncenter wp-image-12262 size-full\" src=\"https:\/\/www.pimealdia.org\/wp-content\/uploads\/2018\/01\/NEU-1.jpg\" alt=\"\" width=\"665\" height=\"150\" srcset=\"https:\/\/www.pimealdia.org\/wp-content\/uploads\/2018\/01\/NEU-1.jpg 665w, https:\/\/www.pimealdia.org\/wp-content\/uploads\/2018\/01\/NEU-1-300x68.jpg 300w, https:\/\/www.pimealdia.org\/wp-content\/uploads\/2018\/01\/NEU-1-600x135.jpg 600w, https:\/\/www.pimealdia.org\/wp-content\/uploads\/2018\/01\/NEU-1-400x90.jpg 400w\" sizes=\"(max-width: 665px) 100vw, 665px\" \/><\/p>\n<p>El viento de poniente a mistral volver\u00e1 a soplar con empuje en muchas comarcas, de nuevo tenemos que ir al acecho especialmente la noche del s\u00e1bado a domingo y ma\u00f1ana del domingo. Precisamente el domingo las temperaturas subir\u00e1n como si se tratara de un d\u00eda de primavera. En la costa y zonas prelitorales se podr\u00e1n alcanzar los 20\u00ba, lo que no es extraordinario en un mes de enero pero tampoco demasiado frecuente.<\/p>\n<p>De lunes a mi\u00e9rcoles tranquilidad absoluta, con fuerza Sol y algunas nieblas en el interior con temperaturas all\u00ed donde no haya niebla, bastante suaves. Todo ello esperando la tarde del jueves cuando llegar\u00e1 un cambio de tiempo con chubascos y un moderado descenso de la temperatura.<\/p>\n<h2>Las consecuencias para las pymes<\/h2>\n<p><strong> Resumiendo y siendo pr\u00e1cticos: <\/strong> el consumo energ\u00e9tico a partir del domingo disminuir\u00e1 como consecuencia del aumento de la temperatura, ambiente poco invernal que no incitar\u00e1 a abrigarse demasiado, pero cuidado, hay grandes masas de aire fr\u00edo en el norte y este del continente que m\u00e1s adelante podr\u00edan decidirse a visitarnos. Pero si de algo estamos sobrados, es de viento de poniente y mistral.<\/p>\n<figure id=\"attachment_12258\" aria-describedby=\"caption-attachment-12258\" style=\"width: 300px\" class=\"wp-caption alignleft\"><img loading=\"lazy\" class=\"size-medium wp-image-12258\" src=\"https:\/\/www.pimealdia.org\/wp-content\/uploads\/2018\/01\/Pica-estats-300x167.jpg\" alt=\"\" width=\"300\" height=\"167\" srcset=\"https:\/\/www.pimealdia.org\/wp-content\/uploads\/2018\/01\/Pica-estats-300x167.jpg 300w, https:\/\/www.pimealdia.org\/wp-content\/uploads\/2018\/01\/Pica-estats-1024x570.jpg 1024w, https:\/\/www.pimealdia.org\/wp-content\/uploads\/2018\/01\/Pica-estats-1000x557.jpg 1000w, https:\/\/www.pimealdia.org\/wp-content\/uploads\/2018\/01\/Pica-estats-800x445.jpg 800w, https:\/\/www.pimealdia.org\/wp-content\/uploads\/2018\/01\/Pica-estats-600x334.jpg 600w, https:\/\/www.pimealdia.org\/wp-content\/uploads\/2018\/01\/Pica-estats-400x223.jpg 400w\" sizes=\"(max-width: 300px) 100vw, 300px\" \/><figcaption id=\"caption-attachment-12258\" class=\"wp-caption-text\">El techo de Catalu\u00f1a, la Pica d&#8217;Estats (3143 metros) ayer mediod\u00eda | Autor: Ramon Baylina<\/figcaption><\/figure>\n<p>Se prepara una nueva dosis de vientos para este fin de semana, sin llegar a la violencia de los de la madrugada del martes, cuando las aseguradoras tuvieron trabajo. La nieve que caer\u00e1 en algunas zonas del Pirineo, tan s\u00e1bado por la tarde y noche como la madrugada del domingo subir\u00e1 mucho cota, hasta los 2.000 metros o un poco m\u00e1s, da\u00f1ando la calidad de la nieve depositada. Pero ya sabemos que nunca llueve al gusto de todos y el aumento de las temperaturas del domingo y hasta el mi\u00e9rcoles comportar\u00e1 un ambiente casi primaveral para disfrutar en terrazas de bares y restaurantes, para hacer actividades al aire libre y como no hay manera de que llueva, una semana m\u00e1s insistimos en el aprovechamiento de esta situaci\u00f3n de sequ\u00eda para realizar trabajos al aire libre, obras en el exterior, pintar &#8230; todo ello esperando un cambio de tiempo que llegar\u00e1 el jueves a \u00faltimas horas, entonces se tendr\u00e1n que abrir paraguas, ya veremos si poco tiempo o fuerza horas y los term\u00f3metros bajar\u00e1n sin estridencias, adecu\u00e1ndose a los valores habituales para las fechas. <b><br \/>\n<\/b><\/p>\n<p>Por gentileza de <a href=\"http:\/\/www.taikometeorologia.com\/\" target=\"_blank\" rel=\"noopener noreferrer\"> taiko Meteorolog\u00eda <\/a><\/p>\n","protected":false},"excerpt":{"rendered":"<p>Este mes de enero se est\u00e1 volviendo estramb\u00f3tico, un poco loco. De hecho esta noche del viernes al s\u00e1bado nos cruzar\u00e1 un frente con alguna lluvia local, poco y ma\u00f1ana s\u00e1bado nevar\u00e1 en el Pirineo, sobre todo en su cara norte. El viento de poniente a mistral volver\u00e1 a soplar con empuje en muchas comarcas, de nuevo tenemos que ir al acecho especialmente la noche del s\u00e1bado a domingo y ma\u00f1ana del domingo. Precisamente el domingo las temperaturas subir\u00e1n como si se tratara de un d\u00eda de primavera. En la costa y zonas prelitorales se podr\u00e1n alcanzar los 20\u00ba, lo<\/p>\n","protected":false},"author":60,"featured_media":10341,"comment_status":"open","ping_status":"closed","sticky":false,"template":"","format":"standard","meta":[],"categories":[338],"tags":[],"_links":{"self":[{"href":"https:\/\/www.pimealdia.org\/es\/wp-json\/wp\/v2\/posts\/12284"}],"collection":[{"href":"https:\/\/www.pimealdia.org\/es\/wp-json\/wp\/v2\/posts"}],"about":[{"href":"https:\/\/www.pimealdia.org\/es\/wp-json\/wp\/v2\/types\/post"}],"author":[{"embeddable":true,"href":"https:\/\/www.pimealdia.org\/es\/wp-json\/wp\/v2\/users\/60"}],"replies":[{"embeddable":true,"href":"https:\/\/www.pimealdia.org\/es\/wp-json\/wp\/v2\/comments?post=12284"}],"version-history":[{"count":3,"href":"https:\/\/www.pimealdia.org\/es\/wp-json\/wp\/v2\/posts\/12284\/revisions"}],"predecessor-version":[{"id":12288,"href":"https:\/\/www.pimealdia.org\/es\/wp-json\/wp\/v2\/posts\/12284\/revisions\/12288"}],"wp:featuredmedia":[{"embeddable":true,"href":"https:\/\/www.pimealdia.org\/es\/wp-json\/wp\/v2\/media\/10341"}],"wp:attachment":[{"href":"https:\/\/www.pimealdia.org\/es\/wp-json\/wp\/v2\/media?parent=12284"}],"wp:term":[{"taxonomy":"category","embeddable":true,"href":"https:\/\/www.pimealdia.org\/es\/wp-json\/wp\/v2\/categories?post=12284"},{"taxonomy":"post_tag","embeddable":true,"href":"https:\/\/www.pimealdia.org\/es\/wp-json\/wp\/v2\/tags?post=12284"}],"curies":[{"name":"wp","href":"https:\/\/api.w.org\/{rel}","templated":true}]}}