{"id":13440,"date":"2018-04-03T18:43:39","date_gmt":"2018-04-03T16:43:39","guid":{"rendered":"https:\/\/www.pimealdia.org\/?p=13440\/"},"modified":"2018-04-10T18:03:22","modified_gmt":"2018-04-10T16:03:22","slug":"proteccion-social-trabajador-autonomo-reto-importante","status":"publish","type":"post","link":"https:\/\/www.pimealdia.org\/es\/proteccion-social-trabajador-autonomo-reto-importante\/","title":{"rendered":"La protecci\u00f3n social del trabajador aut\u00f3nomo, un reto importante"},"content":{"rendered":"<p>Estos d\u00edas se habla mucho de cuestiones relativas a la protecci\u00f3n social de los aut\u00f3nomos. A prop\u00f3sito de estas informaciones, os enumeramos a continuaci\u00f3n, de forma sucinta, en qu\u00e9 consiste b\u00e1sicamente la protecci\u00f3n social actual de los aut\u00f3nomos.<\/p>\n<p>Los aut\u00f3nomos tienen derecho al mantenimiento de un r\u00e9gimen p\u00fablico de SS, que garantiza la asistencia y las prestaciones sociales en situaciones de necesidad. Las prestaciones complementarias son libres (planes de pensiones, seguros m\u00e9dicos privados, seguros de accidentes, entre otros).<\/p>\n<p><img loading=\"lazy\" class=\"size-medium wp-image-13434 alignleft\" src=\"https:\/\/www.pimealdia.org\/wp-content\/uploads\/2018\/04\/article-maria-2-300x200.jpg\" alt=\"\" width=\"300\" height=\"200\" srcset=\"https:\/\/www.pimealdia.org\/wp-content\/uploads\/2018\/04\/article-maria-2-300x200.jpg 300w, https:\/\/www.pimealdia.org\/wp-content\/uploads\/2018\/04\/article-maria-2-400x267.jpg 400w, https:\/\/www.pimealdia.org\/wp-content\/uploads\/2018\/04\/article-maria-2.jpg 510w\" sizes=\"(max-width: 300px) 100vw, 300px\" \/><\/p>\n<p>La protecci\u00f3n de los profesionales aut\u00f3nomos se instrumenta a trav\u00e9s del RETA, sin perjuicio de que algunos trabajadores aut\u00f3nomos puedan estar encuadrados en otro r\u00e9gimen por raz\u00f3n de su actividad econ\u00f3mica (o bien tengan sus mutualidades propias de cada profesi\u00f3n, como en el caso de los abogados).<\/p>\n<p>El art\u00edculo 15 de la LGSS establece que la afiliaci\u00f3n al sistema de SS es obligatoria (la cobertura a la SS no es renunciable, pero s\u00ed se puede complementar con sistemas alternativos) para todos los trabajadores y \u00fanica para todo el sistema, de forma que una persona podr\u00e1 estar en situaci\u00f3n de alta en varios sistemas a la vez, es decir, en pluriactividad o bien en pluritrabajo (seg\u00fan que se trate de un aut\u00f3nomo o de un trabajador ordinario), sin perjuicio de las altas y bajas en otros reg\u00edmenes, y de otras modificaciones que se puedan realizar.<\/p>\n<p>La acci\u00f3n protectora del RETA comprender\u00e1, en cualquier caso:<\/p>\n<ul>\n<li>Asistencia sanitaria en caso de maternidad, enfermedad com\u00fan y profesional, y de accidentes (laborales o no)<\/li>\n<li>Prestaciones econ\u00f3micas en situaciones de incapacidad temporal, riesgo durante el embarazo, maternidad, paternidad, riesgo durante la lactancia, incapacidad permanente, jubilaci\u00f3n, muerte y supervivencia, y familiares por hijo a cargo.<\/li>\n<\/ul>\n<p>Las prestaciones de servicios sociales ser\u00e1n las establecidas legalmente y en cualquier caso comprender\u00e1n las prestaciones en materia de reeducaci\u00f3n, rehabilitaci\u00f3n de personas con discapacidad, asistencia a la tercera edad y recuperaci\u00f3n profesional.<\/p>\n<p><img loading=\"lazy\" class=\"size-medium wp-image-13431 alignright\" src=\"https:\/\/www.pimealdia.org\/wp-content\/uploads\/2018\/04\/article-maria-1-300x169.jpg\" alt=\"\" width=\"300\" height=\"169\" srcset=\"https:\/\/www.pimealdia.org\/wp-content\/uploads\/2018\/04\/article-maria-1-300x169.jpg 300w, https:\/\/www.pimealdia.org\/wp-content\/uploads\/2018\/04\/article-maria-1-600x338.jpg 600w, https:\/\/www.pimealdia.org\/wp-content\/uploads\/2018\/04\/article-maria-1-400x225.jpg 400w, https:\/\/www.pimealdia.org\/wp-content\/uploads\/2018\/04\/article-maria-1.jpg 604w\" sizes=\"(max-width: 300px) 100vw, 300px\" \/><\/p>\n<p>Los TRADE (trabajadores aut\u00f3nomos dependientes econ\u00f3micamente) deber\u00e1n incorporar de forma obligatoria la cobertura de la incapacidad temporal (obligatoria para todos los aut\u00f3nomos que no est\u00e9n en situaci\u00f3n de pluriactividad) y de los accidentes de trabajo y enfermedad profesional (AT\/EP) de la SS, que para el resto de los aut\u00f3nomos son coberturas voluntarias. Con la reciente reforma introducida por la ley 6\/2017, de 24 de octubre de 2017, de medidas urgentes del trabajo aut\u00f3nomo, se reconocen como accidentes de trabajo de los aut\u00f3nomos aquellos que ocurren <em>in itinere<\/em>, es decir, en el trayecto de casa al trabajo o al rev\u00e9s.<\/p>\n<p>Una vez los aut\u00f3nomos hayan llegado a la edad ordinaria de jubilaci\u00f3n, si lo desean y re\u00fanen las condiciones establecidas para la jubilaci\u00f3n, podr\u00e1n jubilarse recibiendo una prestaci\u00f3n. Tambi\u00e9n podr\u00e1n acceder a la jubilaci\u00f3n anticipada si cumplen con los requisitos para la jubilaci\u00f3n, excepto el de edad, en los mismos supuestos y colectivos para los que est\u00e9 establecido este derecho respecto de los trabajadores por cuenta ajena. Es importante poner de manifiesto que, seg\u00fan los \u00faltimos datos publicados, m\u00e1s del 85% de los aut\u00f3nomos cotizan por la base m\u00ednima. Y recordemos que todas las pensiones y prestaciones p\u00fablicas est\u00e1n en funci\u00f3n de lo que se ha cotizado. En este sentido, cabe recordar que las pensiones medias de las que disfrutan los aut\u00f3nomos son significativamente m\u00e1s bajas que las de los trabajadores por cuenta ajena. Os mostramos a continuaci\u00f3n una tabla con una muestra bastante ilustrativa de lo anterior:<\/p>\n<p>&nbsp;<\/p>\n<table width=\"476\">\n<tbody>\n<tr>\n<td width=\"113\">R\u00e9gimen de cotizaci\u00f3n<\/td>\n<td width=\"121\">Pensi\u00f3n media jubilaci\u00f3n<\/td>\n<td width=\"121\">Pensi\u00f3n media incapacidad<\/td>\n<td width=\"121\">Pensi\u00f3n media viudedad<\/td>\n<\/tr>\n<tr>\n<td>RETA<\/td>\n<td>704,10 \u20ac<\/td>\n<td>696,98 \u20ac<\/td>\n<td>476,10 \u20ac<\/td>\n<\/tr>\n<tr>\n<td>R\u00e9gimen general<\/td>\n<td>1.196,85 \u20ac<\/td>\n<td>958,56 \u20ac<\/td>\n<td>681,04 \u20ac<\/td>\n<\/tr>\n<tr>\n<td>Diferencia<\/td>\n<td>-41,2%<\/td>\n<td>-27,3%<\/td>\n<td>-30,1%<\/td>\n<\/tr>\n<\/tbody>\n<\/table>\n<p>&nbsp;<\/p>\n<p>Como podemos comprobar en la tabla, la pensi\u00f3n media de un aut\u00f3nomo es un 41% menor que la del trabajador por cuenta ajena (\u00a1y eso calculado sobre la base de la pensi\u00f3n de este \u00faltimo, es decir, la m\u00e1s alta; si lo miramos desde la perspectiva de la pensi\u00f3n del aut\u00f3nomo, la diferencia llega al 70%!).<\/p>\n<p>Si a las bases de cotizaci\u00f3n bajas le a\u00f1adimos el hecho de que un 72% de los aut\u00f3nomos tiene m\u00e1s de 40 a\u00f1os (y m\u00e1s de uno de cada cuatro, 55 o m\u00e1s a\u00f1os), nos damos cuenta r\u00e1pidamente de que la insuficiencia de las prestaciones ser\u00e1 un problema social importante que el pa\u00eds tendr\u00e1 que afrontar pronto. Es necesario que nos pongamos a trabajar para mejorar nuestro sistema de protecci\u00f3n.<\/p>\n","protected":false},"excerpt":{"rendered":"<p>Estos d\u00edas se habla mucho de cuestiones relativas a la protecci\u00f3n social de los aut\u00f3nomos. A prop\u00f3sito de estas informaciones, os enumeramos a continuaci\u00f3n, de forma sucinta, en qu\u00e9 consiste b\u00e1sicamente la protecci\u00f3n social actual de los aut\u00f3nomos. Los aut\u00f3nomos tienen derecho al mantenimiento de un r\u00e9gimen p\u00fablico de SS, que garantiza la asistencia y las prestaciones sociales en situaciones de necesidad. Las prestaciones complementarias son libres (planes de pensiones, seguros m\u00e9dicos privados, seguros de accidentes, entre otros). La protecci\u00f3n de los profesionales aut\u00f3nomos se instrumenta a trav\u00e9s del RETA, sin perjuicio de que algunos trabajadores aut\u00f3nomos puedan estar encuadrados<\/p>\n","protected":false},"author":53,"featured_media":13437,"comment_status":"open","ping_status":"closed","sticky":false,"template":"","format":"standard","meta":[],"categories":[342],"tags":[387],"_links":{"self":[{"href":"https:\/\/www.pimealdia.org\/es\/wp-json\/wp\/v2\/posts\/13440"}],"collection":[{"href":"https:\/\/www.pimealdia.org\/es\/wp-json\/wp\/v2\/posts"}],"about":[{"href":"https:\/\/www.pimealdia.org\/es\/wp-json\/wp\/v2\/types\/post"}],"author":[{"embeddable":true,"href":"https:\/\/www.pimealdia.org\/es\/wp-json\/wp\/v2\/users\/53"}],"replies":[{"embeddable":true,"href":"https:\/\/www.pimealdia.org\/es\/wp-json\/wp\/v2\/comments?post=13440"}],"version-history":[{"count":4,"href":"https:\/\/www.pimealdia.org\/es\/wp-json\/wp\/v2\/posts\/13440\/revisions"}],"predecessor-version":[{"id":13503,"href":"https:\/\/www.pimealdia.org\/es\/wp-json\/wp\/v2\/posts\/13440\/revisions\/13503"}],"wp:featuredmedia":[{"embeddable":true,"href":"https:\/\/www.pimealdia.org\/es\/wp-json\/wp\/v2\/media\/13437"}],"wp:attachment":[{"href":"https:\/\/www.pimealdia.org\/es\/wp-json\/wp\/v2\/media?parent=13440"}],"wp:term":[{"taxonomy":"category","embeddable":true,"href":"https:\/\/www.pimealdia.org\/es\/wp-json\/wp\/v2\/categories?post=13440"},{"taxonomy":"post_tag","embeddable":true,"href":"https:\/\/www.pimealdia.org\/es\/wp-json\/wp\/v2\/tags?post=13440"}],"curies":[{"name":"wp","href":"https:\/\/api.w.org\/{rel}","templated":true}]}}