{"id":13726,"date":"2018-04-12T17:48:57","date_gmt":"2018-04-12T15:48:57","guid":{"rendered":"https:\/\/www.pimealdia.org\/?p=13726\/"},"modified":"2018-04-16T18:20:48","modified_gmt":"2018-04-16T16:20:48","slug":"los-temas-sociales-son-prioridad-para-bruselas-y-pimec","status":"publish","type":"post","link":"https:\/\/www.pimealdia.org\/es\/los-temas-sociales-son-prioridad-para-bruselas-y-pimec\/","title":{"rendered":"Los temas sociales son una prioridad para Bruselas y PIMEC"},"content":{"rendered":"<p>El d\u00eda 9 de marzo, la delegada de PIMEC en Bruselas, Rosa Solanes, particip\u00f3 en la jornada sobre <strong>el rol del Fondo Social Europeo (FSE) en el apoderamiento de los agentes sociales nacionales<\/strong> y regionales. El objetivo del encuentro fue poner en com\u00fan las iniciativas que llevan a cabo diferentes organizaciones patronales y sindicales de distintos pa\u00edses europeos.<\/p>\n<p>En esta jornada se habl\u00f3 de c\u00f3mo los agentes sociales participan en los comit\u00e9s de seguimiento del Fondo Social Europea, as\u00ed como de la necesidad de conseguir una mayor financiaci\u00f3n del FSE que pueda ser destinada a prioridades patronales como, por ejemplo, la falta de trabajadores calificados. La UEAPME, que como agente social europeo tuvo un papel importante en el encuentro, pidi\u00f3 que se mejorara la participaci\u00f3n de los agentes sociales y nacionales en el FSE, ya que representan a un gran conjunto de peque\u00f1as y medianas empresas.<\/p>\n<p><img loading=\"lazy\" class=\"size-medium wp-image-13719 alignleft\" src=\"https:\/\/www.pimealdia.org\/wp-content\/uploads\/2018\/04\/temes-socials_portada-300x200.jpeg\" alt=\"\" width=\"300\" height=\"200\" srcset=\"https:\/\/www.pimealdia.org\/wp-content\/uploads\/2018\/04\/temes-socials_portada-300x200.jpeg 300w, https:\/\/www.pimealdia.org\/wp-content\/uploads\/2018\/04\/temes-socials_portada-400x267.jpeg 400w, https:\/\/www.pimealdia.org\/wp-content\/uploads\/2018\/04\/temes-socials_portada.jpeg 525w\" sizes=\"(max-width: 300px) 100vw, 300px\" \/>Por su parte, la Comisi\u00f3n Europea present\u00f3 el 13 de marzo una <strong>Recomendaci\u00f3n a los Estados miembros sobre el acceso a la protecci\u00f3n social para los trabajadores y los aut\u00f3nomos<\/strong>. Se trata de una Recomendaci\u00f3n que no tiene car\u00e1cter vinculante, pero que puede ser un primer paso para intentar armonizar el nivel de protecci\u00f3n social de los aut\u00f3nomos. PIMEC est\u00e1 siguiendo muy de cerca esta Recomendaci\u00f3n para procurar ofrecer a los aut\u00f3nomos una mayor cobertura social sin que esto suponga un incremento sustancial de sus cotizaciones sociales.<\/p>\n<p>Este ser\u00e1 el tema principal del pr\u00f3ximo Comit\u00e9 de Direcci\u00f3n de la UEAPME, en el que la comisaria europea de Trabajo y Asuntos Sociales, Marianne Thyssen, presentar\u00e1 la Recomendaci\u00f3n a los miembros del Comit\u00e9 de la patronal europea, del que PIMEC ocupa la vicepresidencia.<\/p>\n<p><img loading=\"lazy\" class=\"size-medium wp-image-13721 aligncenter\" src=\"https:\/\/www.pimealdia.org\/wp-content\/uploads\/2018\/04\/temes-socials-1-300x188.jpeg\" alt=\"\" width=\"300\" height=\"188\" srcset=\"https:\/\/www.pimealdia.org\/wp-content\/uploads\/2018\/04\/temes-socials-1-300x188.jpeg 300w, https:\/\/www.pimealdia.org\/wp-content\/uploads\/2018\/04\/temes-socials-1-400x250.jpeg 400w, https:\/\/www.pimealdia.org\/wp-content\/uploads\/2018\/04\/temes-socials-1.jpeg 560w\" sizes=\"(max-width: 300px) 100vw, 300px\" \/>La Recomendaci\u00f3n europea prev\u00e9:<\/p>\n<ul>\n<li>Ofrecer una cobertura adecuada y eficaz a los trabajadores y a los aut\u00f3nomos<\/li>\n<li>Facilitar la transferencia de los derechos de seguridad social de un trabajo a otro<\/li>\n<li>Proporcionar a los trabajadores y aut\u00f3nomos informaci\u00f3n transparente sobre sus derechos y obligaciones en materia de seguridad social.<\/li>\n<\/ul>\n<p>Tambi\u00e9n desde la vertiente social, el trabajo de la Fundaci\u00f3n PIMEC en el \u00e1mbito del asesoramiento de los reci\u00e9n llegados recibi\u00f3 una muy buena acogida en el seno de la patronal europea, especialmente en relaci\u00f3n con los programas Empersona y Nouvingut. Por su parte, la UEAPME, juntamente con otros agentes sociales europeos y la Comisi\u00f3n Europea, firm\u00f3 en 2017 un \u201cacuerdo de partenariado por la integraci\u00f3n de los reci\u00e9n llegados\u201d. En este sentido, la patronal europea est\u00e1 recogiendo las buenas pr\u00e1cticas de las organizaciones patronales nacionales y regionales con el fin de presentarlas a las instituciones europeas.<\/p>\n<p>&nbsp;<\/p>\n","protected":false},"excerpt":{"rendered":"<p>El d\u00eda 9 de marzo, la delegada de PIMEC en Bruselas, Rosa Solanes, particip\u00f3 en la jornada sobre el rol del Fondo Social Europeo (FSE) en el apoderamiento de los agentes sociales nacionales y regionales. El objetivo del encuentro fue poner en com\u00fan las iniciativas que llevan a cabo diferentes organizaciones patronales y sindicales de distintos pa\u00edses europeos. En esta jornada se habl\u00f3 de c\u00f3mo los agentes sociales participan en los comit\u00e9s de seguimiento del Fondo Social Europea, as\u00ed como de la necesidad de conseguir una mayor financiaci\u00f3n del FSE que pueda ser destinada a prioridades patronales como, por ejemplo,<\/p>\n","protected":false},"author":76,"featured_media":13724,"comment_status":"open","ping_status":"closed","sticky":false,"template":"","format":"standard","meta":[],"categories":[342],"tags":[780],"_links":{"self":[{"href":"https:\/\/www.pimealdia.org\/es\/wp-json\/wp\/v2\/posts\/13726"}],"collection":[{"href":"https:\/\/www.pimealdia.org\/es\/wp-json\/wp\/v2\/posts"}],"about":[{"href":"https:\/\/www.pimealdia.org\/es\/wp-json\/wp\/v2\/types\/post"}],"author":[{"embeddable":true,"href":"https:\/\/www.pimealdia.org\/es\/wp-json\/wp\/v2\/users\/76"}],"replies":[{"embeddable":true,"href":"https:\/\/www.pimealdia.org\/es\/wp-json\/wp\/v2\/comments?post=13726"}],"version-history":[{"count":1,"href":"https:\/\/www.pimealdia.org\/es\/wp-json\/wp\/v2\/posts\/13726\/revisions"}],"predecessor-version":[{"id":13727,"href":"https:\/\/www.pimealdia.org\/es\/wp-json\/wp\/v2\/posts\/13726\/revisions\/13727"}],"wp:featuredmedia":[{"embeddable":true,"href":"https:\/\/www.pimealdia.org\/es\/wp-json\/wp\/v2\/media\/13724"}],"wp:attachment":[{"href":"https:\/\/www.pimealdia.org\/es\/wp-json\/wp\/v2\/media?parent=13726"}],"wp:term":[{"taxonomy":"category","embeddable":true,"href":"https:\/\/www.pimealdia.org\/es\/wp-json\/wp\/v2\/categories?post=13726"},{"taxonomy":"post_tag","embeddable":true,"href":"https:\/\/www.pimealdia.org\/es\/wp-json\/wp\/v2\/tags?post=13726"}],"curies":[{"name":"wp","href":"https:\/\/api.w.org\/{rel}","templated":true}]}}