{"id":14253,"date":"2018-05-30T09:00:36","date_gmt":"2018-05-30T07:00:36","guid":{"rendered":"https:\/\/www.pimealdia.org\/?p=14253\/"},"modified":"2018-05-29T17:24:56","modified_gmt":"2018-05-29T15:24:56","slug":"consumo-bolsas-plastico-y-joanna-drake-comision-europea-medio-ambiente","status":"publish","type":"post","link":"https:\/\/www.pimealdia.org\/es\/consumo-bolsas-plastico-y-joanna-drake-comision-europea-medio-ambiente\/","title":{"rendered":"El consumo de bolsas de pl\u00e1stico y Joanna Drake, de la Comisi\u00f3n Europea de Medio Ambiente"},"content":{"rendered":"<p>Justo la semana en que la directora general adjunta de Medio Ambiente de la Comisi\u00f3n Europea, <strong>Joanna Drake<\/strong>, vendr\u00e1 a <strong>PIMEC<\/strong> para presentar la <strong>Estrategia Europea de los Pl\u00e1sticos<\/strong>, el Gobierno espa\u00f1ol aprueba el RD sobre la reducci\u00f3n del consumo de bolsas de pl\u00e1stico y la creaci\u00f3n de un registro de productores.<\/p>\n<blockquote><p><em>El gobierno estatal propone la prohibici\u00f3n de la gratuidad de todas las bolsas <\/em><\/p><\/blockquote>\n<p><strong>La UE tiene el foco puesto en el pl\u00e1stico, <\/strong>el causante de uno de los mayores problemas de la <strong>contaminaci\u00f3n marina<\/strong>, fruto de su proliferaci\u00f3n en nuestros h\u00e1bitos de consumo.<\/p>\n<p>El gobierno estatal propone la prohibici\u00f3n de la gratuidad de todas las bolsas a partir del 1 de julio. De momento quedar\u00e1n exentas las bolsas \u201cmuy ligeras\u201d (de menos de 15 micras) y las \u201cgruesas\u201d (de m\u00e1s de 50 micras), siempre que estas \u00faltimas est\u00e9n hechas de pl\u00e1stico reciclado en un porcentaje igual o superior al 70%.<\/p>\n<p>A partir del 2021 quedar\u00e1n prohibidas las bolsas \u201cligeras\u201d (entre 15 y 50 micras) y las \u201cmuy ligeras\u201d, a menos que sean compostables.<\/p>\n<blockquote><p><em>En Catalu\u00f1a las bolsas dejaron de ser gratuitas a finales de marzo de 2017 <\/em><\/p><\/blockquote>\n<p>En Catalu\u00f1a, que ya se avanz\u00f3 a esta medida, <strong>las bolsas dejaron de ser gratuitas a finales de marzo de 2017<\/strong>, excepto las compostables, que con la nueva normativa estatal tambi\u00e9n dejar\u00e1n de ser gratuitas.<\/p>\n<p>La normativa espa\u00f1ola introduce una obligaci\u00f3n espec\u00edfica con el fin de promover la econom\u00eda circular. A partir de 2020, las bolsas de pl\u00e1stico gruesas que se fabriquen deber\u00e1n de contener, al menos, <strong>el 50% de pl\u00e1stico reciclado.<\/strong><\/p>\n<blockquote><p><em>A partir del 2020, las bolsas de pl\u00e1stico gruesas que se fabriquen deber\u00e1n de contener, al menos, el 50% de pl\u00e1stico reciclado <\/em><\/p><\/blockquote>\n<p>Este es uno de los aspectos clave que promueve la econom\u00eda circular: la inclusi\u00f3n en la industria en general, no solo la del pl\u00e1stico, del h\u00e1bito de incorporar un porcentaje de material reciclado en la fabricaci\u00f3n de nuevos productos. Los objetivos son disminuir la presi\u00f3n sobre las materias primas y reaprovechar los materiales al final del ciclo de vida.<\/p>\n<blockquote><p><em>Los objetivos son disminuir la presi\u00f3n sobre las materias primas y reaprovechar los materiales al final del ciclo de vida <\/em><\/p><\/blockquote>\n<p>El jueves 30 de mayo<strong>, Joanna Drake presentar\u00e1 la Plastic Strategy<\/strong> ante un grupo de empresas del sector y de algunos de los miembros de la Comisi\u00f3n del Medio Ambiente y Econom\u00eda Circular de la patronal, <strong>como avance de la conferencia p\u00fablica que pronunciar\u00e1 al d\u00eda siguiente<\/strong>.<\/p>\n<p><strong>Este encuentro es fruto del acercamiento entre PIMEC y la Oficina dela CE en Barcelona<\/strong>. Desde PIMEC se est\u00e1 trabajando para acercar las ventajas de la econom\u00eda circular a las pymes, as\u00ed como hacerles ver la necesidad de estar atentas y preparadas para los cambios que vendr\u00e1n a nivel normativo y social.<\/p>\n<p>&nbsp;<\/p>\n","protected":false},"excerpt":{"rendered":"<p>Justo la semana en que la directora general adjunta de Medio Ambiente de la Comisi\u00f3n Europea, Joanna Drake, vendr\u00e1 a PIMEC para presentar la Estrategia Europea de los Pl\u00e1sticos, el Gobierno espa\u00f1ol aprueba el RD sobre la reducci\u00f3n del consumo de bolsas de pl\u00e1stico y la creaci\u00f3n de un registro de productores. El gobierno estatal propone la prohibici\u00f3n de la gratuidad de todas las bolsas La UE tiene el foco puesto en el pl\u00e1stico, el causante de uno de los mayores problemas de la contaminaci\u00f3n marina, fruto de su proliferaci\u00f3n en nuestros h\u00e1bitos de consumo. El gobierno estatal propone la<\/p>\n","protected":false},"author":14,"featured_media":14251,"comment_status":"open","ping_status":"closed","sticky":false,"template":"","format":"standard","meta":[],"categories":[338,770],"tags":[372,781],"_links":{"self":[{"href":"https:\/\/www.pimealdia.org\/es\/wp-json\/wp\/v2\/posts\/14253"}],"collection":[{"href":"https:\/\/www.pimealdia.org\/es\/wp-json\/wp\/v2\/posts"}],"about":[{"href":"https:\/\/www.pimealdia.org\/es\/wp-json\/wp\/v2\/types\/post"}],"author":[{"embeddable":true,"href":"https:\/\/www.pimealdia.org\/es\/wp-json\/wp\/v2\/users\/14"}],"replies":[{"embeddable":true,"href":"https:\/\/www.pimealdia.org\/es\/wp-json\/wp\/v2\/comments?post=14253"}],"version-history":[{"count":1,"href":"https:\/\/www.pimealdia.org\/es\/wp-json\/wp\/v2\/posts\/14253\/revisions"}],"predecessor-version":[{"id":14254,"href":"https:\/\/www.pimealdia.org\/es\/wp-json\/wp\/v2\/posts\/14253\/revisions\/14254"}],"wp:featuredmedia":[{"embeddable":true,"href":"https:\/\/www.pimealdia.org\/es\/wp-json\/wp\/v2\/media\/14251"}],"wp:attachment":[{"href":"https:\/\/www.pimealdia.org\/es\/wp-json\/wp\/v2\/media?parent=14253"}],"wp:term":[{"taxonomy":"category","embeddable":true,"href":"https:\/\/www.pimealdia.org\/es\/wp-json\/wp\/v2\/categories?post=14253"},{"taxonomy":"post_tag","embeddable":true,"href":"https:\/\/www.pimealdia.org\/es\/wp-json\/wp\/v2\/tags?post=14253"}],"curies":[{"name":"wp","href":"https:\/\/api.w.org\/{rel}","templated":true}]}}