{"id":14457,"date":"2018-07-13T10:52:43","date_gmt":"2018-07-13T08:52:43","guid":{"rendered":"https:\/\/www.pimealdia.org\/?p=14457\/"},"modified":"2018-07-13T10:54:18","modified_gmt":"2018-07-13T08:54:18","slug":"protocolo-y-gestion-los-egos","status":"publish","type":"post","link":"https:\/\/www.pimealdia.org\/es\/protocolo-y-gestion-los-egos\/","title":{"rendered":"El protocolo y la gesti\u00f3n de los egos"},"content":{"rendered":"<p>Tanto la agenda p\u00fablica como la privada cada vez van m\u00e1s cargadas de una gran cantidad de actos y eventos de todo tipo que se celebran a diario. Estos actos, a menudo organizados por entidades de diferente naturaleza, ya sea p\u00fablica o privada, acostumbran a tener un com\u00fan denominador: el <strong>programa<\/strong>, donde se tendr\u00eda que especificar el t\u00edtulo del acto, una breve explicaci\u00f3n sobre el objetivo del mismo y un guion con los diferentes puntos que se tratar\u00e1n y las personas que los tratar\u00e1n. Y aqu\u00ed es donde empieza uno de los retos de los organizadores, los cuales deben gestionar, de la mejor manera posible, todo lo relacionado con los ponentes del acto, puesto que <strong>es posible que estos participantes tengan diferentes cargos o rangos dentro de las organizaciones a las que pertenecen<\/strong>. Adem\u00e1s, es posible que los ponentes, con distintos cargos, pertenezcan a diferentes entidades que pueden ser p\u00fablicas o privadas y que tengan organigramas propios y bastante complicados. Si hasta aqu\u00ed ya resulta bastante complicado hacer una distribuci\u00f3n correcta de parlamentos dentro del programa del acto, todav\u00eda queda un gran reto pendiente de gestionar: \u00a1la colocaci\u00f3n de los invitados de fila 0!<\/p>\n<blockquote><p>Al no existir ninguna ordenaci\u00f3n protocolaria oficial que ordene personalidades dentro de la empresa,\u00a0cada empresa o entidad es libre de tener su propio criterio de orden<\/p><\/blockquote>\n<p>Una vez tenemos claro c\u00f3mo distribuir el programa seg\u00fan los ponentes del acto en cuesti\u00f3n, hemos de empezar a pensar en el denominado <strong><em>seating<\/em><\/strong>, o c\u00f3mo situar a los invitados m\u00e1s importantes en la fila 0. Al igual que con los ponentes, aqu\u00ed tambi\u00e9n es bastante f\u00e1cil que confluyan personalidades de diferentes \u00e1mbitos y rangos que hayamos de tener en cuenta para situar entre el p\u00fablico y procurar que no se nos enfaden por la decisi\u00f3n que tomemos como organizaci\u00f3n.<\/p>\n<p>En protocolo oficial tenemos una gran herramienta para poder definir este orden: el <strong>RD 2099\/83<\/strong>, el real decreto que determina la orden de precedencias de las autoridades a nivel p\u00fablico. Pero \u00bfqu\u00e9 pasa cuando confluyen autoridades con personalidades del mundo empresarial u otras entidades? Lo cierto es que existen varios criterios, pero ninguno de ellos escrito; uno de ellos es la <strong>equiparaci\u00f3n de cargos<\/strong>. Al no existir ninguna ordenaci\u00f3n protocolaria oficial que ordene personalidades dentro de la empresa, <strong>cada empresa o entidad es libre de tener su propio criterio de orden<\/strong>, pero debe tener en cuenta el RD cuando invita a autoridades de car\u00e1cter p\u00fablico para evitar conflictos protocolarios o, incluso, diplom\u00e1ticos.<\/p>\n<p>Lo que s\u00ed es necesario es poder <strong>justificar en todo momento la decisi\u00f3n de orden que se tome desde la organizaci\u00f3n del evento<\/strong>, y que impere el sentido com\u00fan. Como se\u00f1al\u00f3, hace ya un tiempo, una personalidad del mundo de la pol\u00edtica catalana, \u201cel protocolo es la pl\u00e1stica del poder\u201d. Y no iba nada desencaminada. Esta afirmaci\u00f3n queda escenificada, entre otras cosas, con el orden en el que situamos los parlamentos de los diferentes ponentes y en el orden con el que colocamos a nuestros invitados, que siempre querr\u00e1n estar muy bien situados y m\u00e1s de una vez nos pedir\u00e1n explicaciones de su posici\u00f3n. Porque recordad: a mejor posici\u00f3n, m\u00e1s poder.<\/p>\n","protected":false},"excerpt":{"rendered":"<p>Tanto la agenda p\u00fablica como la privada cada vez van m\u00e1s cargadas de una gran cantidad de actos y eventos de todo tipo que se celebran a diario. Estos actos, a menudo organizados por entidades de diferente naturaleza, ya sea p\u00fablica o privada, acostumbran a tener un com\u00fan denominador: el programa, donde se tendr\u00eda que especificar el t\u00edtulo del acto, una breve explicaci\u00f3n sobre el objetivo del mismo y un guion con los diferentes puntos que se tratar\u00e1n y las personas que los tratar\u00e1n. Y aqu\u00ed es donde empieza uno de los retos de los organizadores, los cuales deben gestionar,<\/p>\n","protected":false},"author":79,"featured_media":14455,"comment_status":"open","ping_status":"closed","sticky":false,"template":"","format":"standard","meta":[],"categories":[330],"tags":[],"_links":{"self":[{"href":"https:\/\/www.pimealdia.org\/es\/wp-json\/wp\/v2\/posts\/14457"}],"collection":[{"href":"https:\/\/www.pimealdia.org\/es\/wp-json\/wp\/v2\/posts"}],"about":[{"href":"https:\/\/www.pimealdia.org\/es\/wp-json\/wp\/v2\/types\/post"}],"author":[{"embeddable":true,"href":"https:\/\/www.pimealdia.org\/es\/wp-json\/wp\/v2\/users\/79"}],"replies":[{"embeddable":true,"href":"https:\/\/www.pimealdia.org\/es\/wp-json\/wp\/v2\/comments?post=14457"}],"version-history":[{"count":1,"href":"https:\/\/www.pimealdia.org\/es\/wp-json\/wp\/v2\/posts\/14457\/revisions"}],"predecessor-version":[{"id":14458,"href":"https:\/\/www.pimealdia.org\/es\/wp-json\/wp\/v2\/posts\/14457\/revisions\/14458"}],"wp:featuredmedia":[{"embeddable":true,"href":"https:\/\/www.pimealdia.org\/es\/wp-json\/wp\/v2\/media\/14455"}],"wp:attachment":[{"href":"https:\/\/www.pimealdia.org\/es\/wp-json\/wp\/v2\/media?parent=14457"}],"wp:term":[{"taxonomy":"category","embeddable":true,"href":"https:\/\/www.pimealdia.org\/es\/wp-json\/wp\/v2\/categories?post=14457"},{"taxonomy":"post_tag","embeddable":true,"href":"https:\/\/www.pimealdia.org\/es\/wp-json\/wp\/v2\/tags?post=14457"}],"curies":[{"name":"wp","href":"https:\/\/api.w.org\/{rel}","templated":true}]}}