{"id":14804,"date":"2018-09-13T12:09:20","date_gmt":"2018-09-13T10:09:20","guid":{"rendered":"https:\/\/www.pimealdia.org\/?p=14804\/"},"modified":"2018-09-12T18:11:49","modified_gmt":"2018-09-12T16:11:49","slug":"protocolo-aliado-para-organizador-eventos","status":"publish","type":"post","link":"https:\/\/www.pimealdia.org\/es\/protocolo-aliado-para-organizador-eventos\/","title":{"rendered":"El protocolo, un aliado para el organizador de eventos"},"content":{"rendered":"<p>Generalmente, cuando o\u00edmos hablar de protocolo, lo asociamos a un concepto anacr\u00f3nico y r\u00edgido. Ya sea porque medi\u00e1ticamente se usa para describir acontecimientos que tienen que ver con la realeza o incluso con actos militares, o por desconocimiento y relaci\u00f3n con actos de antigua tradici\u00f3n. Y no vamos tan desencaminados, puesto que, por ejemplo, la familia real inglesa todav\u00eda mantiene casi intacta, en forma y concepto, la ceremonia de coronaci\u00f3n desde la \u00e9poca medieval; o sin necesidad de ir tan lejos, el Estado espa\u00f1ol sigue celebrando el acto de presentaci\u00f3n de las cartas credenciales, que acreditan los embajadores reci\u00e9n llegados que se establecen en Espa\u00f1a para realizar funciones diplom\u00e1ticas de acci\u00f3n exterior de sus pa\u00edses de origen. Este es un acto cargado de s\u00edmbolos y tradici\u00f3n, en que los m\u00e1ximos protagonistas son el jefe de Estado y los embajadores.<\/p>\n<blockquote><p>El protocolo se convierte en una herramienta de orden y definici\u00f3n est\u00e9tica imprescindible para organizar un acto<\/p><\/blockquote>\n<p>Pero lo cierto es que, m\u00e1s all\u00e1 del ceremonial, que al final es la parte m\u00e1s visible y apreciable de lo que conocemos en t\u00e9rminos generales como protocolo, \u00e9ste es una herramienta de orden m\u00e1s \u00fatil de lo que nos pensamos. Los que nos dedicamos profesionalmente a la organizaci\u00f3n de eventos o a las relaciones institucionales, recorremos continuamente a las normas que marca el protocolo, que se convierte en una herramienta de orden y definici\u00f3n est\u00e9tica imprescindible para organizar un acto. Aunque los actos que montamos tengan un cariz m\u00e1s bien privado e informal, seguramente nos serviremos de un guion que marcar\u00e1 la pauta y el ritmo a seguir durante todo el acto. Este guion tiene que estar construido con un cierto criterio, por ejemplo, teniendo en cuenta la orden de parlamentos para poder establecer, en mayor o menor grado, el car\u00e1cter de anfitri\u00f3n del acto. Tambi\u00e9n es posible que, en funci\u00f3n de las personalidades que invitamos o que participen activamente, estas merezcan ser recibidas aparte del resto de invitados. Tambi\u00e9n tendremos en cuenta si se tiene que producir un intercambio de tarjetas de visita, o de regalos institucionales, si tenemos que incluir banderas de diferentes delegaciones, o si tiene que haber de haber reuniones previas, o c\u00f3mo colocamos las diferentes partes intervinientes.<\/p>\n<blockquote><p>Todos los elementos comunican y tenemos que saber utilizar aquellos que realmente nos interesan para conseguir el objetivo previamente fijado<\/p><\/blockquote>\n<p>En definitiva, la est\u00e9tica general del acto y el car\u00e1cter que le queramos dar estar\u00e1n marcados por la colocaci\u00f3n de todos estos elementos de una forma determinada. Y no hay ninguna colocaci\u00f3n que sea la m\u00e1s correcta, el protocolo no es una ciencia exacta y siempre se tienen que tener en cuenta muchos factores, pero lo que es indispensable tener muy definido es el objetivo del acto, qu\u00e9 queremos conseguir. Tener claro este factor es clave para construir todo el evento y nos facilitar\u00e1 las cosas a la hora de tomar decisiones sobre c\u00f3mo ordenar los parlamentos, o sobre c\u00f3mo montar una mesa presidencial, qu\u00e9 elementos gr\u00e1ficos y\/o qu\u00e9 simbolog\u00eda tenemos que colocar y de qu\u00e9 manera. Al final, todos los elementos comunican y tenemos que saber utilizar aquellos que realmente nos interesan para conseguir el objetivo previamente fijado, prescindiendo de todo aquello que pueda despistar o difuminar la imagen final que queremos expresar.<\/p>\n<p>&nbsp;<\/p>\n","protected":false},"excerpt":{"rendered":"<p>Generalmente, cuando o\u00edmos hablar de protocolo, lo asociamos a un concepto anacr\u00f3nico y r\u00edgido. Ya sea porque medi\u00e1ticamente se usa para describir acontecimientos que tienen que ver con la realeza o incluso con actos militares, o por desconocimiento y relaci\u00f3n con actos de antigua tradici\u00f3n. Y no vamos tan desencaminados, puesto que, por ejemplo, la familia real inglesa todav\u00eda mantiene casi intacta, en forma y concepto, la ceremonia de coronaci\u00f3n desde la \u00e9poca medieval; o sin necesidad de ir tan lejos, el Estado espa\u00f1ol sigue celebrando el acto de presentaci\u00f3n de las cartas credenciales, que acreditan los embajadores reci\u00e9n llegados<\/p>\n","protected":false},"author":79,"featured_media":14807,"comment_status":"open","ping_status":"closed","sticky":false,"template":"","format":"standard","meta":[],"categories":[330],"tags":[],"_links":{"self":[{"href":"https:\/\/www.pimealdia.org\/es\/wp-json\/wp\/v2\/posts\/14804"}],"collection":[{"href":"https:\/\/www.pimealdia.org\/es\/wp-json\/wp\/v2\/posts"}],"about":[{"href":"https:\/\/www.pimealdia.org\/es\/wp-json\/wp\/v2\/types\/post"}],"author":[{"embeddable":true,"href":"https:\/\/www.pimealdia.org\/es\/wp-json\/wp\/v2\/users\/79"}],"replies":[{"embeddable":true,"href":"https:\/\/www.pimealdia.org\/es\/wp-json\/wp\/v2\/comments?post=14804"}],"version-history":[{"count":1,"href":"https:\/\/www.pimealdia.org\/es\/wp-json\/wp\/v2\/posts\/14804\/revisions"}],"predecessor-version":[{"id":14805,"href":"https:\/\/www.pimealdia.org\/es\/wp-json\/wp\/v2\/posts\/14804\/revisions\/14805"}],"wp:featuredmedia":[{"embeddable":true,"href":"https:\/\/www.pimealdia.org\/es\/wp-json\/wp\/v2\/media\/14807"}],"wp:attachment":[{"href":"https:\/\/www.pimealdia.org\/es\/wp-json\/wp\/v2\/media?parent=14804"}],"wp:term":[{"taxonomy":"category","embeddable":true,"href":"https:\/\/www.pimealdia.org\/es\/wp-json\/wp\/v2\/categories?post=14804"},{"taxonomy":"post_tag","embeddable":true,"href":"https:\/\/www.pimealdia.org\/es\/wp-json\/wp\/v2\/tags?post=14804"}],"curies":[{"name":"wp","href":"https:\/\/api.w.org\/{rel}","templated":true}]}}