{"id":14823,"date":"2018-09-17T12:45:18","date_gmt":"2018-09-17T10:45:18","guid":{"rendered":"https:\/\/www.pimealdia.org\/?p=14823\/"},"modified":"2018-09-14T10:47:13","modified_gmt":"2018-09-14T08:47:13","slug":"conoces-las-bonificaciones-para-autonomos-vigentes-actualmente","status":"publish","type":"post","link":"https:\/\/www.pimealdia.org\/es\/conoces-las-bonificaciones-para-autonomos-vigentes-actualmente\/","title":{"rendered":"\u00bfConoces las bonificaciones para aut\u00f3nomos vigentes actualmente?"},"content":{"rendered":"<p>A continuaci\u00f3n haremos una breve compilaci\u00f3n de las bonificaciones m\u00e1s destacables que hay actualmente para los aut\u00f3nomos, ya sean societarios o no.<\/p>\n<h3><strong>1.Tarifa Plana para aut\u00f3nomos:<\/strong><\/h3>\n<p>Beneficiarios:<\/p>\n<p>Trabajadores que sean alta inicial o que no hubieran sido de alta,\u00a0 en el RETA, en los 2 a\u00f1os inmediatamente anteriores, a contar desde la fecha de efectos del alta (3 a\u00f1os si hubieran disfrutado del beneficio en un periodo anterior).<\/p>\n<p>Cuant\u00eda:<\/p>\n<p>&#8211;\u00a0\u00a0\u00a0\u00a0 Se fija la tarifa plana en 50 euros los 12 primeros meses<\/p>\n<p>&#8211;\u00a0\u00a0\u00a0\u00a0 Durante estos 12 primeros meses se puede escoger una base de cotizaci\u00f3n superior, y entonces habr\u00e1 una reducci\u00f3n del 80% de la cuota<\/p>\n<p>&#8211;\u00a0\u00a0\u00a0\u00a0 Los siguientes meses la reducci\u00f3n queda fijada en:<\/p>\n<ul>\n<li>El 50% del mes 12 a 18 (137,92 euros)<\/li>\n<li>El 30% del mes 18 a 24 (192,79 euros)<\/li>\n<\/ul>\n<p>Los trabajadores menores de 30 a\u00f1os y las trabajadoras menores de 35 a\u00f1os que no hayan sido aut\u00f3nomos en los 2 a\u00f1os anteriores tienen una bonificaci\u00f3n adicional del 30% en la cuota por contingencias comunes durante los 12 meses siguientes a la tarifa plana. La bonificaci\u00f3n durar\u00e1 un total de 36 meses.<\/p>\n<p>La tarifa plana tambi\u00e9n ser\u00e1 aplicable para socios de sociedades laborales y socios trabajadores de cooperativas de trabajo asociado, incluidos en el RETA. Pero no se aplica a los miembros de entidades mercantiles. El aut\u00f3nomo acogido a la tarifa plana podr\u00e1 contratar un trabajador por cuenta ajena.<\/p>\n<h3><strong>2. Aut\u00f3nomos con discapacidad:<\/strong><\/h3>\n<p>Beneficiarios:<\/p>\n<p>Trabajadores con un grado de discapacidad mayor o igual al 33%, v\u00edctimas de violencia de g\u00e9nero y v\u00edctimas de terrorismo que sean alta inicial o que no hubieran sido de alta, en el RETA, en los 2 a\u00f1os inmediatamente anteriores, a contar desde la fecha de efectos del alta (3 a\u00f1os si hubieran disfrutado del beneficio en un periodo anterior).<\/p>\n<p>Cuant\u00eda:<\/p>\n<ul>\n<li>Se fija la tarifa plana en 50 euros los 12 primeros meses<\/li>\n<li>Durante estos 12 primeros meses se puede escoger una base de cotizaci\u00f3n superior, y entonces habr\u00e1 una reducci\u00f3n del 80% de la cuota<\/li>\n<li>Los siguientes 48 meses la bonificaci\u00f3n ser\u00e1 del 50%<\/li>\n<\/ul>\n<p>Los beneficiarios de esta medida podr\u00e1n contratar trabajadores por cuenta ajena.<\/p>\n<p>La tarifa plana tambi\u00e9n ser\u00e1 aplicable para socios de sociedades laborales y socios trabajadores de cooperativas de trabajo asociado, incluidos en el RETA. Pero no se aplica a los miembros de entidades mercantiles.<\/p>\n<h3><strong>3.\u00a0 Nuevas altas de familiares colaboradores de trabajadores aut\u00f3nomos (incluidas las parejas de hecho):<\/strong><\/h3>\n<p>Beneficiarios: que sean alta inicial o no hubieran sido en situaci\u00f3n de alta durante los \u00faltimos 5 a\u00f1os inmediatamente anteriores a la fecha de alta. Tambi\u00e9n incluye las parejas de hecho que cumplan estos requisitos.<\/p>\n<p>Cuant\u00eda:<\/p>\n<ul>\n<li>Reducci\u00f3n del 50% durante los primeros 18 meses<\/li>\n<li>Reducci\u00f3n del 25% durante los 12 meses siguientes<\/li>\n<\/ul>\n<h3><strong>4. Trabajadoras y trabajadores aut\u00f3nomos que se encuentren de baja por maternidad o paternidad, adopci\u00f3n, guarda con fines de adopci\u00f3n, acogida, riesgo durante el embarazo o riesgo durante la lactancia natural.<\/strong><\/h3>\n<p>Disfrutar\u00e1n de una bonificaci\u00f3n del 100% de la cuota, y la duraci\u00f3n ser\u00e1 el periodo de descanso, con un m\u00ednimo de un mes.<\/p>\n<h3><strong>5. Bonificaciones y reducciones por conciliaci\u00f3n de la vida personal y familiar vinculada a la contrataci\u00f3n.<\/strong><\/h3>\n<p>Cuant\u00eda: 100% de la cuota por contingencias comunes (50% si la contrataci\u00f3n est\u00e1 a tiempo parcial)<\/p>\n<p>Beneficiarios: las personas trabajadoras que est\u00e9n de alta al r\u00e9gimen de aut\u00f3nomos y contraten un\/a trabajador\/a a tiempo completo o parcial en los siguientes supuestos:<\/p>\n<ul>\n<li>Cura de menores de 12 a\u00f1os<\/li>\n<li>Tener a cargo un familiar, por consanguinidad o afinidad hasta el segundo grado, en situaci\u00f3n de dependencia<\/li>\n<li>Tener a cargo un familiar, por consanguinidad o afinidad hasta el segundo grado incluido, con par\u00e1lisis cerebral, enfermedad mental o discapacitado intelectual en un grado de discapacitado reconocido igual o superior al 33% o una discapacidad f\u00edsica o sensorial en un grado igual o superior al 65%, cuando esta discapacidad est\u00e9 debidamente reconocida, siempre que este familiar no realice una actividad retribuida.<\/li>\n<\/ul>\n<p>Duraci\u00f3n: hasta 12 meses, con una duraci\u00f3n m\u00ednima del contrato de 3 meses.<\/p>\n<h3><strong>6. Trabajadoras aut\u00f3nomas que se reincorporen al trabajo en los siguientes supuestos:<\/strong><\/h3>\n<p>Beneficiarias: trabajadoras que hubieran finalizado su actividad por maternidad, adopci\u00f3n, guarda con fines de adopci\u00f3n, acogida y tutela, y que vuelvan a realizar una actividad por cuenta propia en los 2 a\u00f1os siguientes a la fecha de fin.<\/p>\n<p>Cuota: 50 euros mensuales durante los 12 meses siguientes a la reincorporaci\u00f3n.<\/p>\n","protected":false},"excerpt":{"rendered":"<p>A continuaci\u00f3n haremos una breve compilaci\u00f3n de las bonificaciones m\u00e1s destacables que hay actualmente para los aut\u00f3nomos, ya sean societarios o no. 1.Tarifa Plana para aut\u00f3nomos: Beneficiarios: Trabajadores que sean alta inicial o que no hubieran sido de alta,\u00a0 en el RETA, en los 2 a\u00f1os inmediatamente anteriores, a contar desde la fecha de efectos del alta (3 a\u00f1os si hubieran disfrutado del beneficio en un periodo anterior). Cuant\u00eda: &#8211;\u00a0\u00a0\u00a0\u00a0 Se fija la tarifa plana en 50 euros los 12 primeros meses &#8211;\u00a0\u00a0\u00a0\u00a0 Durante estos 12 primeros meses se puede escoger una base de cotizaci\u00f3n superior, y entonces habr\u00e1 una<\/p>\n","protected":false},"author":40,"featured_media":14822,"comment_status":"open","ping_status":"closed","sticky":false,"template":"","format":"standard","meta":[],"categories":[342],"tags":[],"_links":{"self":[{"href":"https:\/\/www.pimealdia.org\/es\/wp-json\/wp\/v2\/posts\/14823"}],"collection":[{"href":"https:\/\/www.pimealdia.org\/es\/wp-json\/wp\/v2\/posts"}],"about":[{"href":"https:\/\/www.pimealdia.org\/es\/wp-json\/wp\/v2\/types\/post"}],"author":[{"embeddable":true,"href":"https:\/\/www.pimealdia.org\/es\/wp-json\/wp\/v2\/users\/40"}],"replies":[{"embeddable":true,"href":"https:\/\/www.pimealdia.org\/es\/wp-json\/wp\/v2\/comments?post=14823"}],"version-history":[{"count":2,"href":"https:\/\/www.pimealdia.org\/es\/wp-json\/wp\/v2\/posts\/14823\/revisions"}],"predecessor-version":[{"id":14825,"href":"https:\/\/www.pimealdia.org\/es\/wp-json\/wp\/v2\/posts\/14823\/revisions\/14825"}],"wp:featuredmedia":[{"embeddable":true,"href":"https:\/\/www.pimealdia.org\/es\/wp-json\/wp\/v2\/media\/14822"}],"wp:attachment":[{"href":"https:\/\/www.pimealdia.org\/es\/wp-json\/wp\/v2\/media?parent=14823"}],"wp:term":[{"taxonomy":"category","embeddable":true,"href":"https:\/\/www.pimealdia.org\/es\/wp-json\/wp\/v2\/categories?post=14823"},{"taxonomy":"post_tag","embeddable":true,"href":"https:\/\/www.pimealdia.org\/es\/wp-json\/wp\/v2\/tags?post=14823"}],"curies":[{"name":"wp","href":"https:\/\/api.w.org\/{rel}","templated":true}]}}