{"id":15121,"date":"2018-10-11T12:37:54","date_gmt":"2018-10-11T10:37:54","guid":{"rendered":"https:\/\/www.pimealdia.org\/?p=15121\/"},"modified":"2018-10-11T12:39:27","modified_gmt":"2018-10-11T10:39:27","slug":"las-pymes-necesitan-apoyo-experto-para-acceder-fondo-europeos","status":"publish","type":"post","link":"https:\/\/www.pimealdia.org\/es\/las-pymes-necesitan-apoyo-experto-para-acceder-fondo-europeos\/","title":{"rendered":"Las pymes necesitan apoyo experto para acceder a fondo europeos"},"content":{"rendered":"<p>Una de las alternativas m\u00e1s desconocidas para muchas pymes a la hora de encontrar financiaci\u00f3n para sus proyectos son los <strong>fondos que provienen de Europa<\/strong>, concretamente de programas <strong>gestionados por la Comisi\u00f3n Europea<\/strong>.<\/p>\n<p>La amalgama de programas, subprogramas, l\u00edneas, acciones, iniciativas, etc., es inabarcable para cualquier persona, y obviamente <strong>una empresa peque\u00f1a o mediana no tiene los recursos necesarios para trabajar y aprovechar todas estas posibilidades potenciales<\/strong>.<\/p>\n<p>Se hace necesario un \u00f3rgano de apoyo especializado en este tipo de fondo, cercano a las empresas y con conocimiento profesional de su d\u00eda a d\u00eda, y tambi\u00e9n conectado con la Administraci\u00f3n P\u00fablica local, catalana, espa\u00f1ola y europea, que pueda facilitar esta tarea a las empresas y aportar valor a\u00f1adido.<\/p>\n<blockquote><p>Una empresa peque\u00f1a o mediana no tiene los recursos necesarios para trabajar y aprovechar todas las posibilidades potenciales.<\/p><\/blockquote>\n<p>Por ello, hace unos a\u00f1os en PIMEC se cre\u00f3 la Oficina de Proyectos Europeos con un objetivo muy concreto: ayudar a las pymes a acceder a fondo europeos.<\/p>\n<p>El 2014, fruto de esta tarea, el Ministerio de Ciencia e Innovaci\u00f3n, a trav\u00e9s del CDTI (Centro Desarrollo Tecnol\u00f3gico Industrial) certific\u00f3 oficialmente la Oficina de Proyectos Europeos de PIMEC, confirmando as\u00ed, y potenciando todav\u00eda m\u00e1s, el objetivo inicial por la cual se hab\u00eda creado.<\/p>\n<p>Hoy en d\u00eda la Oficina de Proyectos Europeos trabaja con empresas, aut\u00f3nomos, emprendedores y colectivos de todo tipo ayud\u00e1ndolos a valorar, preparar, colaborar con <em>partners<\/em> y obtener los fondos necesarios por sus proyectos. Adem\u00e1s, dispone de una <a href=\"https:\/\/www.pimec.org\/ca\/institucio\/sala-premsa\/notes-premsa\/rosa-solanes-nova-delegada-pimec-brusselles\" target=\"_blank\" rel=\"noopener noreferrer\">oficina en Bruselas con una delegada permanente a disposici\u00f3n de las empresas.<\/a><\/p>\n<p>Si quieres acceder a fondo y programas europeos s\u00f3lo tienes que <a href=\"https:\/\/www.pimec.org\/ca\/institucio\/nosaltres\/projectes\/oficina-projectes-europeus\" target=\"_blank\" rel=\"noopener noreferrer\">contactarnos<\/a>.<\/p>\n<p>&nbsp;<\/p>\n","protected":false},"excerpt":{"rendered":"<p>Una de las alternativas m\u00e1s desconocidas para muchas pymes a la hora de encontrar financiaci\u00f3n para sus proyectos son los fondos que provienen de Europa, concretamente de programas gestionados por la Comisi\u00f3n Europea. La amalgama de programas, subprogramas, l\u00edneas, acciones, iniciativas, etc., es inabarcable para cualquier persona, y obviamente una empresa peque\u00f1a o mediana no tiene los recursos necesarios para trabajar y aprovechar todas estas posibilidades potenciales. Se hace necesario un \u00f3rgano de apoyo especializado en este tipo de fondo, cercano a las empresas y con conocimiento profesional de su d\u00eda a d\u00eda, y tambi\u00e9n conectado con la Administraci\u00f3n P\u00fablica<\/p>\n","protected":false},"author":48,"featured_media":15119,"comment_status":"open","ping_status":"closed","sticky":false,"template":"","format":"standard","meta":[],"categories":[330],"tags":[],"_links":{"self":[{"href":"https:\/\/www.pimealdia.org\/es\/wp-json\/wp\/v2\/posts\/15121"}],"collection":[{"href":"https:\/\/www.pimealdia.org\/es\/wp-json\/wp\/v2\/posts"}],"about":[{"href":"https:\/\/www.pimealdia.org\/es\/wp-json\/wp\/v2\/types\/post"}],"author":[{"embeddable":true,"href":"https:\/\/www.pimealdia.org\/es\/wp-json\/wp\/v2\/users\/48"}],"replies":[{"embeddable":true,"href":"https:\/\/www.pimealdia.org\/es\/wp-json\/wp\/v2\/comments?post=15121"}],"version-history":[{"count":1,"href":"https:\/\/www.pimealdia.org\/es\/wp-json\/wp\/v2\/posts\/15121\/revisions"}],"predecessor-version":[{"id":15122,"href":"https:\/\/www.pimealdia.org\/es\/wp-json\/wp\/v2\/posts\/15121\/revisions\/15122"}],"wp:featuredmedia":[{"embeddable":true,"href":"https:\/\/www.pimealdia.org\/es\/wp-json\/wp\/v2\/media\/15119"}],"wp:attachment":[{"href":"https:\/\/www.pimealdia.org\/es\/wp-json\/wp\/v2\/media?parent=15121"}],"wp:term":[{"taxonomy":"category","embeddable":true,"href":"https:\/\/www.pimealdia.org\/es\/wp-json\/wp\/v2\/categories?post=15121"},{"taxonomy":"post_tag","embeddable":true,"href":"https:\/\/www.pimealdia.org\/es\/wp-json\/wp\/v2\/tags?post=15121"}],"curies":[{"name":"wp","href":"https:\/\/api.w.org\/{rel}","templated":true}]}}