{"id":15401,"date":"2018-12-20T10:05:46","date_gmt":"2018-12-20T08:05:46","guid":{"rendered":"https:\/\/www.pimealdia.org\/?p=15401\/"},"modified":"2018-12-20T11:06:12","modified_gmt":"2018-12-20T09:06:12","slug":"reto-sostenible-nuestra-propuesta-para-2019-y-adelante","status":"publish","type":"post","link":"https:\/\/www.pimealdia.org\/es\/reto-sostenible-nuestra-propuesta-para-2019-y-adelante\/","title":{"rendered":"Reto Sostenible: nuestra propuesta para el 2019 (\u00a1y adelante!)"},"content":{"rendered":"<p>Acabamos el a\u00f1o con un proyecto que hemos puesto en marcha internamente en todas las sedes y delegaciones de PIMEC, y que te invitamos tambi\u00e9n a hacer tuyo para el nuevo a\u00f1o que estamos a punto de estrenar: el Reto Sostenible by Fundaci\u00f3n PIMEC.<\/p>\n<p><img loading=\"lazy\" class=\"size-medium wp-image-15391 aligncenter\" src=\"https:\/\/www.pimealdia.org\/wp-content\/uploads\/2018\/11\/Logo-repte-sostenible-300x72.jpg\" alt=\"Repte Sostenible\" width=\"300\" height=\"72\" srcset=\"https:\/\/www.pimealdia.org\/wp-content\/uploads\/2018\/11\/Logo-repte-sostenible-300x72.jpg 300w, https:\/\/www.pimealdia.org\/wp-content\/uploads\/2018\/11\/Logo-repte-sostenible-1024x247.jpg 1024w, https:\/\/www.pimealdia.org\/wp-content\/uploads\/2018\/11\/Logo-repte-sostenible-1000x241.jpg 1000w, https:\/\/www.pimealdia.org\/wp-content\/uploads\/2018\/11\/Logo-repte-sostenible-800x193.jpg 800w, https:\/\/www.pimealdia.org\/wp-content\/uploads\/2018\/11\/Logo-repte-sostenible-600x145.jpg 600w, https:\/\/www.pimealdia.org\/wp-content\/uploads\/2018\/11\/Logo-repte-sostenible-400x96.jpg 400w, https:\/\/www.pimealdia.org\/wp-content\/uploads\/2018\/11\/Logo-repte-sostenible.jpg 1045w\" sizes=\"(max-width: 300px) 100vw, 300px\" \/><\/p>\n<ul>\n<li>Reto porque se trata de cambiar de h\u00e1bitos, y de poner nuestro grano de arena desde nuestros puestos de trabajo y nuestro d\u00eda a d\u00eda.<\/li>\n<li>Sostenible porque se enmarca en los Objetivos Sostenibles de la Uni\u00f3n Europea, en la Agenda 2030.<\/li>\n<\/ul>\n<h4><strong><span style=\"color: #99cc00;\">La transformaci\u00f3n digital y los cambios sociales<\/span><\/strong><\/h4>\n<p>Durante todo este 2018, hemos estado hablando ampliamente de la transformaci\u00f3n digital desde diferentes vertientes, pero, sobre todo, como proceso transversal, que afecta o implica cambios sociales, econ\u00f3micos, tecnol\u00f3gicos y otros.<\/p>\n<p>Como cambio de modelo presente y de futuro, habl\u00e1bamos de conciencia y conocimiento humano, debate \u00e9tico; energ\u00edas renovables, econom\u00eda circular, econom\u00eda de plataformas. Producci\u00f3n local, consumo de proximidad, econom\u00eda autosostenible&#8230; y es en este sentido que se enmarca nuestro Reto Sostenible.<\/p>\n<p>Explotaci\u00f3n de recursos, calentamiento global, agotamiento de materias primas, mala gesti\u00f3n de residuos&#8230;<\/p>\n<p>Es momento de hacer cambios y como empresas podemos participar de estos proyectos para convertirnos en pymes sostenibles y amables con el medio ambiente.<\/p>\n<h4><span style=\"color: #99cc00;\">Los 17 Objetivos de Desarrollo Sostenible (ODS)<\/span><\/h4>\n<p>El 25 de septiembre de 2015, los l\u00edderes mundiales adoptaron un conjunto de objetivos globales para erradicar la pobreza, proteger el planeta y asegurar la prosperidad para todos, como parte de una nueva agenda de desarrollo sostenible.<\/p>\n<p><img loading=\"lazy\" class=\"aligncenter wp-image-15393 size-full\" src=\"https:\/\/www.pimealdia.org\/wp-content\/uploads\/2018\/11\/repte-sostenible_ODS_Objectius_Desenvolupament_Sostenible_Respon.cat_SDG_Icons_CAT_Poster_A4.jpg\" alt=\"\" width=\"3508\" height=\"2480\" srcset=\"https:\/\/www.pimealdia.org\/wp-content\/uploads\/2018\/11\/repte-sostenible_ODS_Objectius_Desenvolupament_Sostenible_Respon.cat_SDG_Icons_CAT_Poster_A4.jpg 3508w, https:\/\/www.pimealdia.org\/wp-content\/uploads\/2018\/11\/repte-sostenible_ODS_Objectius_Desenvolupament_Sostenible_Respon.cat_SDG_Icons_CAT_Poster_A4-300x212.jpg 300w, https:\/\/www.pimealdia.org\/wp-content\/uploads\/2018\/11\/repte-sostenible_ODS_Objectius_Desenvolupament_Sostenible_Respon.cat_SDG_Icons_CAT_Poster_A4-1024x724.jpg 1024w, https:\/\/www.pimealdia.org\/wp-content\/uploads\/2018\/11\/repte-sostenible_ODS_Objectius_Desenvolupament_Sostenible_Respon.cat_SDG_Icons_CAT_Poster_A4-1000x707.jpg 1000w, https:\/\/www.pimealdia.org\/wp-content\/uploads\/2018\/11\/repte-sostenible_ODS_Objectius_Desenvolupament_Sostenible_Respon.cat_SDG_Icons_CAT_Poster_A4-800x566.jpg 800w, https:\/\/www.pimealdia.org\/wp-content\/uploads\/2018\/11\/repte-sostenible_ODS_Objectius_Desenvolupament_Sostenible_Respon.cat_SDG_Icons_CAT_Poster_A4-600x424.jpg 600w, https:\/\/www.pimealdia.org\/wp-content\/uploads\/2018\/11\/repte-sostenible_ODS_Objectius_Desenvolupament_Sostenible_Respon.cat_SDG_Icons_CAT_Poster_A4-400x283.jpg 400w\" sizes=\"(max-width: 3508px) 100vw, 3508px\" \/>Se definieron <a href=\"https:\/\/www.un.org\/sustainabledevelopment\/es\/objetivos-de-desarrollo-sostenible\/\">17 Objetivos de Desarrollo Sostenible (ODS)<\/a>, que tienen metas espec\u00edficas que deben alcanzarse en los pr\u00f3ximos 15 a\u00f1os. Esta Agenda para transformar el mundo es el marco donde se concentrar\u00e1n internacionalmente las inversiones p\u00fablicas y privadas en los pr\u00f3ximos 12 a\u00f1os.\u00a0Para alcanzar estos objetivos, todo el mundo debe aportar su parte: las instituciones, los gobiernos, la sociedad civil, las empresas y aut\u00f3nomos, y las personas individuales. \u00a1Todos sumamos!<\/p>\n<h4><span style=\"color: #99cc00;\">Reto Sostenible by Fundaci\u00f3 PIMEC<\/span><\/h4>\n<p>En el \u00e1mbito empresarial, nosotros hemos resumido las acciones en 4 l\u00edneas generales:<\/p>\n<ul>\n<li>Ahorro energ\u00e9tico (ODS 7)<\/li>\n<li>Vida saludable (ODS 3)<\/li>\n<li>Reducci\u00f3n y reciclaje de residuos (ODS 13)<\/li>\n<li>Consumo responsable (ODS 12)<\/li>\n<\/ul>\n<p>Y hemos definido y puesto en marcha varias acciones; por ejemplo, recordando y animando a usar botellas de agua de uso m\u00e1s duradero, facilitando indicaciones respecto al reciclaje, la impresi\u00f3n, el uso del ascensor, o el ahorro energ\u00e9tico. Hemos sustituido los vasos de pl\u00e1stico por los de cart\u00f3n reciclables y reutilizables. Y hemos distribuido un folleto explicativo y una infograf\u00eda en todas nuestras sedes y delegaciones.<\/p>\n<p><img loading=\"lazy\" class=\"aligncenter wp-image-15395 size-full\" src=\"https:\/\/www.pimealdia.org\/wp-content\/uploads\/2018\/11\/repte-sostenible_icones.jpg\" alt=\"Repte Sostenible\" width=\"2480\" height=\"343\" srcset=\"https:\/\/www.pimealdia.org\/wp-content\/uploads\/2018\/11\/repte-sostenible_icones.jpg 2480w, https:\/\/www.pimealdia.org\/wp-content\/uploads\/2018\/11\/repte-sostenible_icones-300x41.jpg 300w, https:\/\/www.pimealdia.org\/wp-content\/uploads\/2018\/11\/repte-sostenible_icones-1024x142.jpg 1024w, https:\/\/www.pimealdia.org\/wp-content\/uploads\/2018\/11\/repte-sostenible_icones-1000x138.jpg 1000w, https:\/\/www.pimealdia.org\/wp-content\/uploads\/2018\/11\/repte-sostenible_icones-800x111.jpg 800w, https:\/\/www.pimealdia.org\/wp-content\/uploads\/2018\/11\/repte-sostenible_icones-600x83.jpg 600w, https:\/\/www.pimealdia.org\/wp-content\/uploads\/2018\/11\/repte-sostenible_icones-400x55.jpg 400w\" sizes=\"(max-width: 2480px) 100vw, 2480px\" \/><\/p>\n<p>T\u00fa tambi\u00e9n puedes aplicar estas y otras acciones dentro de tu negocio, para, como decimos, aportar entre todos nuestro grano de arena. Un fant\u00e1stico reto para el nuevo a\u00f1o 2019:<\/p>\n<p>\u00bfTe apuntas?<\/p>\n<p>\u00a1Feliz 2019 de Retos!<\/p>\n","protected":false},"excerpt":{"rendered":"<p>Acabamos el a\u00f1o con un proyecto que hemos puesto en marcha internamente en todas las sedes y delegaciones de PIMEC, y que te invitamos tambi\u00e9n a hacer tuyo para el nuevo a\u00f1o que estamos a punto de estrenar: el Reto Sostenible by Fundaci\u00f3n PIMEC. Reto porque se trata de cambiar de h\u00e1bitos, y de poner nuestro grano de arena desde nuestros puestos de trabajo y nuestro d\u00eda a d\u00eda. Sostenible porque se enmarca en los Objetivos Sostenibles de la Uni\u00f3n Europea, en la Agenda 2030. La transformaci\u00f3n digital y los cambios sociales Durante todo este 2018, hemos estado hablando ampliamente<\/p>\n","protected":false},"author":9,"featured_media":15398,"comment_status":"open","ping_status":"closed","sticky":false,"template":"","format":"standard","meta":[],"categories":[338],"tags":[372],"_links":{"self":[{"href":"https:\/\/www.pimealdia.org\/es\/wp-json\/wp\/v2\/posts\/15401"}],"collection":[{"href":"https:\/\/www.pimealdia.org\/es\/wp-json\/wp\/v2\/posts"}],"about":[{"href":"https:\/\/www.pimealdia.org\/es\/wp-json\/wp\/v2\/types\/post"}],"author":[{"embeddable":true,"href":"https:\/\/www.pimealdia.org\/es\/wp-json\/wp\/v2\/users\/9"}],"replies":[{"embeddable":true,"href":"https:\/\/www.pimealdia.org\/es\/wp-json\/wp\/v2\/comments?post=15401"}],"version-history":[{"count":3,"href":"https:\/\/www.pimealdia.org\/es\/wp-json\/wp\/v2\/posts\/15401\/revisions"}],"predecessor-version":[{"id":15975,"href":"https:\/\/www.pimealdia.org\/es\/wp-json\/wp\/v2\/posts\/15401\/revisions\/15975"}],"wp:featuredmedia":[{"embeddable":true,"href":"https:\/\/www.pimealdia.org\/es\/wp-json\/wp\/v2\/media\/15398"}],"wp:attachment":[{"href":"https:\/\/www.pimealdia.org\/es\/wp-json\/wp\/v2\/media?parent=15401"}],"wp:term":[{"taxonomy":"category","embeddable":true,"href":"https:\/\/www.pimealdia.org\/es\/wp-json\/wp\/v2\/categories?post=15401"},{"taxonomy":"post_tag","embeddable":true,"href":"https:\/\/www.pimealdia.org\/es\/wp-json\/wp\/v2\/tags?post=15401"}],"curies":[{"name":"wp","href":"https:\/\/api.w.org\/{rel}","templated":true}]}}