{"id":15587,"date":"2018-11-30T10:07:11","date_gmt":"2018-11-30T08:07:11","guid":{"rendered":"https:\/\/www.pimealdia.org\/?p=15587\/"},"modified":"2018-11-30T10:08:38","modified_gmt":"2018-11-30T08:08:38","slug":"finaliza-proyecto-eueinvoicing-para-creacion-nuevo-estandar-europeo-factura-electronica","status":"publish","type":"post","link":"https:\/\/www.pimealdia.org\/es\/finaliza-proyecto-eueinvoicing-para-creacion-nuevo-estandar-europeo-factura-electronica\/","title":{"rendered":"Finaliza el proyecto EUeInvoicing para la creaci\u00f3n del nuevo est\u00e1ndar europeo de factura electr\u00f3nica"},"content":{"rendered":"<p><strong><em>El est\u00e1ndar entrar\u00e1 en vigor en abril del 2019 y marcar\u00e1 el uso de procedimientos y formatos comunes por parte de todos los estados miembros de la UE.<\/em><\/strong><\/p>\n<p><img loading=\"lazy\" class=\"wp-image-15579 alignleft\" src=\"https:\/\/www.pimealdia.org\/wp-content\/uploads\/2018\/11\/banner-web_eueinvoicing-002-300x143.jpg\" alt=\"\" width=\"350\" height=\"167\" srcset=\"https:\/\/www.pimealdia.org\/wp-content\/uploads\/2018\/11\/banner-web_eueinvoicing-002-300x143.jpg 300w, https:\/\/www.pimealdia.org\/wp-content\/uploads\/2018\/11\/banner-web_eueinvoicing-002-800x381.jpg 800w, https:\/\/www.pimealdia.org\/wp-content\/uploads\/2018\/11\/banner-web_eueinvoicing-002-600x286.jpg 600w, https:\/\/www.pimealdia.org\/wp-content\/uploads\/2018\/11\/banner-web_eueinvoicing-002-400x190.jpg 400w, https:\/\/www.pimealdia.org\/wp-content\/uploads\/2018\/11\/banner-web_eueinvoicing-002.jpg 840w\" sizes=\"(max-width: 350px) 100vw, 350px\" \/><\/p>\n<p>En los \u00faltimos a\u00f1os la factura electr\u00f3nica ha tenido un gran crecimiento y expansi\u00f3n. Diversos pa\u00edses europeos establecen su uso obligatorio entre las empresas y las Administraciones p\u00fablicas, pero cada pa\u00eds cuenta con su propio formato y legislaci\u00f3n.<\/p>\n<p>Desde hace m\u00e1s de un a\u00f1o diversas entidades catalanas han estado trabajando para la creaci\u00f3n de un est\u00e1ndar de factura electr\u00f3nica a nivel europeo con el fin de facilitar la facturaci\u00f3n entre administraciones p\u00fablicas y empresas de diferentes pa\u00edses de la UE.<\/p>\n<p>El proyecto <strong><a href=\"https:\/\/eueinvoicing.cat\/\">EU-eInvoicing<\/a> <\/strong>nace de la voluntad de la Comisi\u00f3n Europea, a trav\u00e9s del programa CEF Telecom (programa para el desarrollo de tecnolog\u00edas en el marco de la Uni\u00f3n Europea), de <strong>fomentar un ecosistema digital e interoperable dentro de la UE<\/strong>, en el que se encuentra la factura electr\u00f3nica.<\/p>\n<p><iframe loading=\"lazy\" title=\"EUeInvoicing.cat \u2013 Adoption of the European eInvoice Standard in Catalonia\" width=\"1170\" height=\"658\" src=\"https:\/\/www.youtube.com\/embed\/QtOgucWo08g?feature=oembed\" frameborder=\"0\" allow=\"accelerometer; autoplay; clipboard-write; encrypted-media; gyroscope; picture-in-picture\" allowfullscreen><\/iframe><\/p>\n<p>Tal y como establece la Directiva 2014\/55\/UE sobre facturaci\u00f3n electr\u00f3nica en la contrataci\u00f3n p\u00fablica, el nuevo formato debe cumplir las siguientes caracter\u00edsticas:<\/p>\n<ul>\n<li><strong>Tecnol\u00f3gicamente neutral<\/strong> (c\u00f3digo abierto).<\/li>\n<li><strong>Compatible con los dem\u00e1s est\u00e1ndares internacionales<\/strong> de facturaci\u00f3n electr\u00f3nica.<\/li>\n<li>Adaptado a <strong>les necesidades de las PYMES<\/strong>.<\/li>\n<li>Capacidad para <strong>ser utilizado en las relaciones comerciales entre empresas<\/strong>.<\/li>\n<\/ul>\n<p>Para establecer el est\u00e1ndar, el proyecto se ha basado en la iniciativa PEPPOL (Pan-European Public Procurement Online), que marca como premisas:<\/p>\n<ul>\n<li>Permitir a cualquier empresa comunicarse electr\u00f3nicamente con cualquier administraci\u00f3n o instituci\u00f3n gubernamental europea durante todo el proceso de compra p\u00fablica.<\/li>\n<li>Establecer un conjunto de artefactos y especificaciones para la estandarizaci\u00f3n de procesos de compra p\u00fablica dentro de la UE.<\/li>\n<\/ul>\n<p>Todo esto tendr\u00e1 beneficios tanto para las empresas como para las AAPP, beneficios que, principalmente, son la interoperabilidad entre los actores y el aumento de la seguridad e integridad de la informaci\u00f3n transaccionada.<\/p>\n<p>El proyecto EUeInvoicing se fundamenta en la colaboraci\u00f3n entre Eurecat, la C\u00e1mara de Comercio de Barcelona, la AOC (Administraci\u00f3n Abierta de Catalunya), el Ayuntamiento de Barcelona y PIMEC.<\/p>\n<p><img loading=\"lazy\" class=\"wp-image-15581 alignright\" src=\"https:\/\/www.pimealdia.org\/wp-content\/uploads\/2018\/11\/logos_colaboradors-300x51.jpg\" alt=\"\" width=\"417\" height=\"71\" srcset=\"https:\/\/www.pimealdia.org\/wp-content\/uploads\/2018\/11\/logos_colaboradors-300x51.jpg 300w, https:\/\/www.pimealdia.org\/wp-content\/uploads\/2018\/11\/logos_colaboradors-1024x173.jpg 1024w, https:\/\/www.pimealdia.org\/wp-content\/uploads\/2018\/11\/logos_colaboradors-1000x169.jpg 1000w, https:\/\/www.pimealdia.org\/wp-content\/uploads\/2018\/11\/logos_colaboradors-800x135.jpg 800w, https:\/\/www.pimealdia.org\/wp-content\/uploads\/2018\/11\/logos_colaboradors-600x101.jpg 600w, https:\/\/www.pimealdia.org\/wp-content\/uploads\/2018\/11\/logos_colaboradors-400x68.jpg 400w, https:\/\/www.pimealdia.org\/wp-content\/uploads\/2018\/11\/logos_colaboradors.jpg 1920w\" sizes=\"(max-width: 417px) 100vw, 417px\" \/><\/p>\n<p><strong>M\u00e1s informaci\u00f3n en: https:\/\/eueinvoicing.cat\/<\/strong><\/p>\n","protected":false},"excerpt":{"rendered":"<p>El est\u00e1ndar entrar\u00e1 en vigor en abril del 2019 y marcar\u00e1 el uso de procedimientos y formatos comunes por parte de todos los estados miembros de la UE. En los \u00faltimos a\u00f1os la factura electr\u00f3nica ha tenido un gran crecimiento y expansi\u00f3n. Diversos pa\u00edses europeos establecen su uso obligatorio entre las empresas y las Administraciones p\u00fablicas, pero cada pa\u00eds cuenta con su propio formato y legislaci\u00f3n. Desde hace m\u00e1s de un a\u00f1o diversas entidades catalanas han estado trabajando para la creaci\u00f3n de un est\u00e1ndar de factura electr\u00f3nica a nivel europeo con el fin de facilitar la facturaci\u00f3n entre administraciones p\u00fablicas<\/p>\n","protected":false},"author":11,"featured_media":15584,"comment_status":"open","ping_status":"closed","sticky":false,"template":"","format":"standard","meta":[],"categories":[330],"tags":[],"_links":{"self":[{"href":"https:\/\/www.pimealdia.org\/es\/wp-json\/wp\/v2\/posts\/15587"}],"collection":[{"href":"https:\/\/www.pimealdia.org\/es\/wp-json\/wp\/v2\/posts"}],"about":[{"href":"https:\/\/www.pimealdia.org\/es\/wp-json\/wp\/v2\/types\/post"}],"author":[{"embeddable":true,"href":"https:\/\/www.pimealdia.org\/es\/wp-json\/wp\/v2\/users\/11"}],"replies":[{"embeddable":true,"href":"https:\/\/www.pimealdia.org\/es\/wp-json\/wp\/v2\/comments?post=15587"}],"version-history":[{"count":1,"href":"https:\/\/www.pimealdia.org\/es\/wp-json\/wp\/v2\/posts\/15587\/revisions"}],"predecessor-version":[{"id":15588,"href":"https:\/\/www.pimealdia.org\/es\/wp-json\/wp\/v2\/posts\/15587\/revisions\/15588"}],"wp:featuredmedia":[{"embeddable":true,"href":"https:\/\/www.pimealdia.org\/es\/wp-json\/wp\/v2\/media\/15584"}],"wp:attachment":[{"href":"https:\/\/www.pimealdia.org\/es\/wp-json\/wp\/v2\/media?parent=15587"}],"wp:term":[{"taxonomy":"category","embeddable":true,"href":"https:\/\/www.pimealdia.org\/es\/wp-json\/wp\/v2\/categories?post=15587"},{"taxonomy":"post_tag","embeddable":true,"href":"https:\/\/www.pimealdia.org\/es\/wp-json\/wp\/v2\/tags?post=15587"}],"curies":[{"name":"wp","href":"https:\/\/api.w.org\/{rel}","templated":true}]}}