{"id":15639,"date":"2018-12-13T13:30:11","date_gmt":"2018-12-13T11:30:11","guid":{"rendered":"https:\/\/www.pimealdia.org\/?p=15639\/"},"modified":"2018-12-04T18:25:05","modified_gmt":"2018-12-04T16:25:05","slug":"facility-management-y-transformacion-digital","status":"publish","type":"post","link":"https:\/\/www.pimealdia.org\/es\/facility-management-y-transformacion-digital\/","title":{"rendered":"Facility Management y Transformaci\u00f3n Digital"},"content":{"rendered":"<p>La semana pasada compart\u00edamos el post <a href=\"https:\/\/www.pimealdia.org\/es\/facility-management-como-optimizar-los-puestos-trabajo\/\" target=\"_blank\" rel=\"noopener noreferrer\">Facility Management, o c\u00f3mo optimizar los puestos de trabajo<\/a>, y cont\u00e1bamos que se trata de una disciplina a tener muy en cuenta en la nueva realidad actual: Los modos de trabajar cambian, y se consolidan la sostenibilidad y la responsabilidad social corporativa.<\/p>\n<p>Recordemos que dec\u00edamos: <em>Poniendo el foco en el usuario, el Facility Management es el conjunto de tareas destinadas, no s\u00f3lo a asegurar el buen funcionamiento de los activos de una empresa, sino a hacer que estos ofrezcan un servicio adecuado a sus usuarios.\u00a0<\/em><\/p>\n<blockquote><p>Se trata pues, de optimizar los puestos de trabajo, desde diferentes puntos de vista: experiencia de usuario, reducci\u00f3n de costes, aumento de la productividad, o reforzamiento de la cultura y propuesta de valor de la empresa.<\/p><\/blockquote>\n<h4>Facility Management y Transformaci\u00f3n Digital<\/h4>\n<p><img loading=\"lazy\" class=\"size-medium wp-image-15626 alignleft\" src=\"https:\/\/www.pimealdia.org\/wp-content\/uploads\/2018\/12\/facility-management3-300x189.jpg\" alt=\"Facility Management\" width=\"300\" height=\"189\" srcset=\"https:\/\/www.pimealdia.org\/wp-content\/uploads\/2018\/12\/facility-management3-300x189.jpg 300w, https:\/\/www.pimealdia.org\/wp-content\/uploads\/2018\/12\/facility-management3-800x505.jpg 800w, https:\/\/www.pimealdia.org\/wp-content\/uploads\/2018\/12\/facility-management3-600x379.jpg 600w, https:\/\/www.pimealdia.org\/wp-content\/uploads\/2018\/12\/facility-management3-400x253.jpg 400w, https:\/\/www.pimealdia.org\/wp-content\/uploads\/2018\/12\/facility-management3.jpg 960w\" sizes=\"(max-width: 300px) 100vw, 300px\" \/>El presente y el futuro del Facility Management est\u00e1n marcados tambi\u00e9n por el proceso de Transformaci\u00f3n Digital que vivimos actualmente.<\/p>\n<p>Una vez m\u00e1s, queremos poner de manifiesto que no estamos hablando de la mera digitalizaci\u00f3n o del uso de la tecnolog\u00eda disponible actualmente como herramienta, sino de un cambio cultural, social y econ\u00f3mico que conlleva nuevas maneras de trabajar, nuevas maneras de hacer, nuevas maneras de relacionarse, de consumir.<\/p>\n<p>Recordemos art\u00edculos al respecto:<\/p>\n<p><img loading=\"lazy\" class=\"alignright size-medium wp-image-15622\" src=\"https:\/\/www.pimealdia.org\/wp-content\/uploads\/2018\/12\/facility-management6-300x267.jpg\" alt=\"Facility Management\" width=\"300\" height=\"267\" srcset=\"https:\/\/www.pimealdia.org\/wp-content\/uploads\/2018\/12\/facility-management6-300x267.jpg 300w, https:\/\/www.pimealdia.org\/wp-content\/uploads\/2018\/12\/facility-management6-800x713.jpg 800w, https:\/\/www.pimealdia.org\/wp-content\/uploads\/2018\/12\/facility-management6-600x535.jpg 600w, https:\/\/www.pimealdia.org\/wp-content\/uploads\/2018\/12\/facility-management6-400x356.jpg 400w, https:\/\/www.pimealdia.org\/wp-content\/uploads\/2018\/12\/facility-management6.jpg 808w\" sizes=\"(max-width: 300px) 100vw, 300px\" \/><\/p>\n<ul>\n<li>En el post &#8220;<a href=\"https:\/\/www.pimealdia.org\/es\/momento-los-directivos-digitales\/\" target=\"_blank\" rel=\"noopener noreferrer\">Es el momento de los directivos digitales<\/a>&#8220;, se mencionaban habilidades en el \u00e1mbito del compromiso y el bienestar para gestionar nuestra motivaci\u00f3n en el trabajo, nuestro equilibrio personal\/laboral, el estr\u00e9s y la interacci\u00f3n emocional con el mundo digital (resiliencia digital).<\/li>\n<li>En esta l\u00ednea, tambi\u00e9n se destacaba la necesidad de que la direcci\u00f3n de la empresa aporte los recursos y el <strong>ambiente <\/strong>adecuado para tener \u00e9xito en la transformaci\u00f3n digital.<\/li>\n<li>El post &#8220;<a href=\"https:\/\/www.pimealdia.org\/es\/nueva-los-humanos-con-recursos\/\" target=\"_blank\" rel=\"noopener noreferrer\">La nueva era de los Humanos con recursos<\/a>&#8221; habla de la necesidad de empoderar las habilidades intr\u00ednsecamente humanas como la creatividad, la intuici\u00f3n, el humor, la \u00e9tica, la empat\u00eda, la pasi\u00f3n, la conciencia, la responsabilidad, la imaginaci\u00f3n, para afrontar la transformaci\u00f3n digital. Y, de ah\u00ed, la necesidad de <strong>crear entornos facilitadores<\/strong> para el resurgimiento de dichas habilidades.<\/li>\n<\/ul>\n<h4>Una disciplina en auge<\/h4>\n<p>La <a href=\"https:\/\/www.acfm.cat\/index.php\/ca\/\" target=\"_blank\" rel=\"noopener noreferrer\">Asociaci\u00f3n Catalana de Facility Management<\/a> considera que, precisamente en este entorno cambiante, este perfil profesional <a href=\"https:\/\/www.acfm.cat\/index.php\/es\/blog-es\/51-noticias\/301-el-facility-management-se-consolida-como-uno-de-los-perfiles-profesionales-con-mas-crecimiento\">se consolida como uno de los de mayor crecimiento<\/a>.<\/p>\n<p>La organizaci\u00f3n ISS Facility Services ha colaborado con el Instituto de Copenhague de Estudios Futuros (CIFS), desarrollando una serie de <a href=\"https:\/\/www.es.issworld.com\/acerca-de-iss\/whitebooks\" target=\"_blank\" rel=\"noopener noreferrer\">White Books sobre el futuro del Facility Management<\/a>, que se manifiestan, entre otras, en estas <a href=\"https:\/\/servicefutures.com\/9-megatrends-facility-management\/\">9 tendencias del Facility Management<\/a> (en ingl\u00e9s).<\/p>\n<p>Por \u00faltimo, y sin salir del entorno de la Transformaci\u00f3n Digital, destacamos como tendencia:<\/p>\n<p><strong>Nuevas formas de trabajar: las empresas est\u00e1n implementando o deben implementar pr\u00e1cticas alternativas a los puestos de trabajo y nuevas formas de trabajar para promover la identidad corporativa y fomentar una colaboraci\u00f3n m\u00e1s eficaz, el intercambio de conocimiento, la flexibilidad, la innovaci\u00f3n y la productividad.<\/strong><\/p>\n","protected":false},"excerpt":{"rendered":"<p>La semana pasada compart\u00edamos el post Facility Management, o c\u00f3mo optimizar los puestos de trabajo, y cont\u00e1bamos que se trata de una disciplina a tener muy en cuenta en la nueva realidad actual: Los modos de trabajar cambian, y se consolidan la sostenibilidad y la responsabilidad social corporativa. Recordemos que dec\u00edamos: Poniendo el foco en el usuario, el Facility Management es el conjunto de tareas destinadas, no s\u00f3lo a asegurar el buen funcionamiento de los activos de una empresa, sino a hacer que estos ofrezcan un servicio adecuado a sus usuarios.\u00a0 Se trata pues, de optimizar los puestos de trabajo,<\/p>\n","protected":false},"author":9,"featured_media":15621,"comment_status":"open","ping_status":"closed","sticky":false,"template":"","format":"standard","meta":[],"categories":[332],"tags":[],"_links":{"self":[{"href":"https:\/\/www.pimealdia.org\/es\/wp-json\/wp\/v2\/posts\/15639"}],"collection":[{"href":"https:\/\/www.pimealdia.org\/es\/wp-json\/wp\/v2\/posts"}],"about":[{"href":"https:\/\/www.pimealdia.org\/es\/wp-json\/wp\/v2\/types\/post"}],"author":[{"embeddable":true,"href":"https:\/\/www.pimealdia.org\/es\/wp-json\/wp\/v2\/users\/9"}],"replies":[{"embeddable":true,"href":"https:\/\/www.pimealdia.org\/es\/wp-json\/wp\/v2\/comments?post=15639"}],"version-history":[{"count":1,"href":"https:\/\/www.pimealdia.org\/es\/wp-json\/wp\/v2\/posts\/15639\/revisions"}],"predecessor-version":[{"id":15640,"href":"https:\/\/www.pimealdia.org\/es\/wp-json\/wp\/v2\/posts\/15639\/revisions\/15640"}],"wp:featuredmedia":[{"embeddable":true,"href":"https:\/\/www.pimealdia.org\/es\/wp-json\/wp\/v2\/media\/15621"}],"wp:attachment":[{"href":"https:\/\/www.pimealdia.org\/es\/wp-json\/wp\/v2\/media?parent=15639"}],"wp:term":[{"taxonomy":"category","embeddable":true,"href":"https:\/\/www.pimealdia.org\/es\/wp-json\/wp\/v2\/categories?post=15639"},{"taxonomy":"post_tag","embeddable":true,"href":"https:\/\/www.pimealdia.org\/es\/wp-json\/wp\/v2\/tags?post=15639"}],"curies":[{"name":"wp","href":"https:\/\/api.w.org\/{rel}","templated":true}]}}