{"id":15658,"date":"2018-12-05T10:34:24","date_gmt":"2018-12-05T08:34:24","guid":{"rendered":"https:\/\/www.pimealdia.org\/?p=15658\/"},"modified":"2018-12-05T10:34:55","modified_gmt":"2018-12-05T08:34:55","slug":"autonomos-reto-consolidar-actividad","status":"publish","type":"post","link":"https:\/\/www.pimealdia.org\/es\/autonomos-reto-consolidar-actividad\/","title":{"rendered":"Aut\u00f3nomos: El reto de consolidar la actividad"},"content":{"rendered":"<p>A ra\u00edz de la crisis econ\u00f3mica y de las grandes reestructuraciones de plantillas de muchas empresas, algunos profesionales han hecho de la necesitado virtud, y han decidido emprender aquel negocio o actividad en que tantas veces hab\u00edan pensado pero al que nunca se hab\u00edan dedicado porque su situaci\u00f3n laboral era la de trabajador por cuenta ajena.<\/p>\n<p><strong>Una vez dado el paso de iniciar una nueva actividad, los retos son muchos y diversos, puesto que se tienen que desarrollar habilidades y conocimientos que hasta aquel momento no hab\u00edan sido necesarios.<\/strong><\/p>\n<p>Algunas de estas nuevas variables son las siguientes:<\/p>\n<ul>\n<li>El conocimiento del entorno de nuestra actividad.<\/li>\n<li>Los productos y servicios, as\u00ed como sus elementos diferenciadores.<\/li>\n<li>El marketing y el posicionamiento de la actividad<\/li>\n<li>La marca personal. \u00bfQueremos que sea la nuestra?<\/li>\n<li>Aproximaci\u00f3n al mercado. \u00bfC\u00f3mo voy al mercado identificado por m\u00ed?<\/li>\n<li>M\u00e1rgenes y operativa<\/li>\n<li>Circuito administrativo para un mejor control<\/li>\n<li>Reglamentaci\u00f3n jur\u00eddica y marco jur\u00eddico bajo los cuales desarrollar\u00e9 mi actividad<\/li>\n<li>Financiaci\u00f3n y liquidez teniendo en cuenta el tiempo de maduraci\u00f3n y de cobros<\/li>\n<li>Etc.<\/li>\n<\/ul>\n<p><img loading=\"lazy\" class=\"wp-image-15655 alignright\" src=\"https:\/\/www.pimealdia.org\/wp-content\/uploads\/2018\/12\/pexels-photo-247772-1-300x180.jpeg\" alt=\"\" width=\"354\" height=\"212\" srcset=\"https:\/\/www.pimealdia.org\/wp-content\/uploads\/2018\/12\/pexels-photo-247772-1-300x180.jpeg 300w, https:\/\/www.pimealdia.org\/wp-content\/uploads\/2018\/12\/pexels-photo-247772-1-1024x614.jpeg 1024w, https:\/\/www.pimealdia.org\/wp-content\/uploads\/2018\/12\/pexels-photo-247772-1-1000x600.jpeg 1000w, https:\/\/www.pimealdia.org\/wp-content\/uploads\/2018\/12\/pexels-photo-247772-1-800x480.jpeg 800w, https:\/\/www.pimealdia.org\/wp-content\/uploads\/2018\/12\/pexels-photo-247772-1-600x360.jpeg 600w, https:\/\/www.pimealdia.org\/wp-content\/uploads\/2018\/12\/pexels-photo-247772-1-400x240.jpeg 400w, https:\/\/www.pimealdia.org\/wp-content\/uploads\/2018\/12\/pexels-photo-247772-1.jpeg 1880w\" sizes=\"(max-width: 354px) 100vw, 354px\" \/><\/p>\n<p><strong>Estas son las variables m\u00e1s importantes, pero no las \u00fanicas, puesto que adem\u00e1s de estas reflexiones debemos tener un nivel de excelencia y habilidad claramente identificado, as\u00ed como la motivaci\u00f3n para poner en marcha esta nueva situaci\u00f3n, ya que m\u00e1s que un cambio de trabajo, lo que estamos buscando es un cambio de \u201cforma de vida\u201d y de <em>modus vivendi.<\/em><\/strong><\/p>\n<p>Para dar apoyo a todos estos retos, desde PIMEC participamos y gestionamos el programa <a href=\"http:\/\/treball.gencat.cat\/ca\/ambits\/autonom\/Programes-per-a-la-consolidacio-i-el-creixement-dels-autonoms\/Programa-Consolidat\/\">CONSOLIDA\u2019T<\/a>, destinado justamente a mejorar el desarrollo de las actividades del aut\u00f3nomo as\u00ed como a fomentar el intercambio de experiencias entre los participantes, adapt\u00e1ndolas a cada situaci\u00f3n espec\u00edfica.<\/p>\n<p>Otro de los objetivos es dar un acompa\u00f1amiento en este viaje para el desarrollo y \u00e9xito de la actividad como aut\u00f3nomo, y que tanta relevancia tiene en la econom\u00eda catalana; tanto desde el punto de vista econ\u00f3mico como social.<\/p>\n","protected":false},"excerpt":{"rendered":"<p>A ra\u00edz de la crisis econ\u00f3mica y de las grandes reestructuraciones de plantillas de muchas empresas, algunos profesionales han hecho de la necesitado virtud, y han decidido emprender aquel negocio o actividad en que tantas veces hab\u00edan pensado pero al que nunca se hab\u00edan dedicado porque su situaci\u00f3n laboral era la de trabajador por cuenta ajena. Una vez dado el paso de iniciar una nueva actividad, los retos son muchos y diversos, puesto que se tienen que desarrollar habilidades y conocimientos que hasta aquel momento no hab\u00edan sido necesarios. Algunas de estas nuevas variables son las siguientes: El conocimiento del<\/p>\n","protected":false},"author":6,"featured_media":15650,"comment_status":"open","ping_status":"closed","sticky":false,"template":"","format":"standard","meta":[],"categories":[330],"tags":[],"_links":{"self":[{"href":"https:\/\/www.pimealdia.org\/es\/wp-json\/wp\/v2\/posts\/15658"}],"collection":[{"href":"https:\/\/www.pimealdia.org\/es\/wp-json\/wp\/v2\/posts"}],"about":[{"href":"https:\/\/www.pimealdia.org\/es\/wp-json\/wp\/v2\/types\/post"}],"author":[{"embeddable":true,"href":"https:\/\/www.pimealdia.org\/es\/wp-json\/wp\/v2\/users\/6"}],"replies":[{"embeddable":true,"href":"https:\/\/www.pimealdia.org\/es\/wp-json\/wp\/v2\/comments?post=15658"}],"version-history":[{"count":1,"href":"https:\/\/www.pimealdia.org\/es\/wp-json\/wp\/v2\/posts\/15658\/revisions"}],"predecessor-version":[{"id":15659,"href":"https:\/\/www.pimealdia.org\/es\/wp-json\/wp\/v2\/posts\/15658\/revisions\/15659"}],"wp:featuredmedia":[{"embeddable":true,"href":"https:\/\/www.pimealdia.org\/es\/wp-json\/wp\/v2\/media\/15650"}],"wp:attachment":[{"href":"https:\/\/www.pimealdia.org\/es\/wp-json\/wp\/v2\/media?parent=15658"}],"wp:term":[{"taxonomy":"category","embeddable":true,"href":"https:\/\/www.pimealdia.org\/es\/wp-json\/wp\/v2\/categories?post=15658"},{"taxonomy":"post_tag","embeddable":true,"href":"https:\/\/www.pimealdia.org\/es\/wp-json\/wp\/v2\/tags?post=15658"}],"curies":[{"name":"wp","href":"https:\/\/api.w.org\/{rel}","templated":true}]}}