{"id":15765,"date":"2018-07-11T12:11:36","date_gmt":"2018-07-11T10:11:36","guid":{"rendered":"https:\/\/www.pimealdia.org\/?p=15765\/"},"modified":"2018-12-10T12:12:45","modified_gmt":"2018-12-10T10:12:45","slug":"se-mas-competitivo-y-beneficiate-lo-que-corresponde-por-tus-inversiones-2","status":"publish","type":"post","link":"https:\/\/www.pimealdia.org\/es\/se-mas-competitivo-y-beneficiate-lo-que-corresponde-por-tus-inversiones-2\/","title":{"rendered":"S\u00e9 m\u00e1s competitivo y benef\u00edciate de lo que te corresponde por tus inversiones"},"content":{"rendered":"<p>Seg\u00fan el Fondo Monetario Internacional, la econom\u00eda mundial creci\u00f3 durante el 2017 un 3,8%, frente al 3,2% del a\u00f1o anterior, aceleraci\u00f3n impulsada tanto por los pa\u00edses desarrollados como por los emergentes.<\/p>\n<p>An\u00e1logamente al caso espa\u00f1ol, la econom\u00eda catalana desaceler\u00f3 su crecimiento en t\u00e9rminos anuales (3,4% frente al 3,6% de 2016), seg\u00fan datos del Instituto de Estad\u00edstica de Catalunya. Esta tasa fue tres d\u00e9cimas superior a la del conjunto de Espa\u00f1a y un punto superior a la de la zona euro (2,4%). Sin embargo, la evoluci\u00f3n del PIB catal\u00e1n se aceler\u00f3 a lo largo del a\u00f1o, puesto que empez\u00f3 con un crecimiento del 3,3% durante los dos primeros trimestres y acab\u00f3 con un \u00edndice del 3,5% durante el cuarto.<\/p>\n<p><img loading=\"lazy\" class=\"size-medium wp-image-15762 alignleft\" src=\"https:\/\/www.pimealdia.org\/wp-content\/uploads\/2018\/12\/pexels-photo-300x205.jpg\" alt=\"\" width=\"300\" height=\"205\" srcset=\"https:\/\/www.pimealdia.org\/wp-content\/uploads\/2018\/12\/pexels-photo-300x205.jpg 300w, https:\/\/www.pimealdia.org\/wp-content\/uploads\/2018\/12\/pexels-photo-1024x700.jpg 1024w, https:\/\/www.pimealdia.org\/wp-content\/uploads\/2018\/12\/pexels-photo-1000x684.jpg 1000w, https:\/\/www.pimealdia.org\/wp-content\/uploads\/2018\/12\/pexels-photo-800x547.jpg 800w, https:\/\/www.pimealdia.org\/wp-content\/uploads\/2018\/12\/pexels-photo-600x410.jpg 600w, https:\/\/www.pimealdia.org\/wp-content\/uploads\/2018\/12\/pexels-photo-400x273.jpg 400w, https:\/\/www.pimealdia.org\/wp-content\/uploads\/2018\/12\/pexels-photo.jpg 1880w\" sizes=\"(max-width: 300px) 100vw, 300px\" \/><\/p>\n<p>En un momento empresarial en que cada vez cuesta m\u00e1s ser competitivo, pymes con proyectos de investigaci\u00f3n, desarrollo e innovaci\u00f3n industrial, con fuertes inversiones ya sea con: maquinaria (equipos de laboratorio, o bien la construcci\u00f3n de plantas piloto), con personal de la empresa, con una gran cantidad de materiales reactivos consumibles y con una parte de colaboraciones externas (para centros de investigaci\u00f3n, ingenier\u00edas o centros tecnol\u00f3gicos) deben llevar a cabo estas actuaciones para que no se queden en cartera de las empresas por falta de recursos.<\/p>\n<p>PIMEC, teniendo en cuenta el mundo empresarial en su conjunto y el efecto decisivo que la inversi\u00f3n industrial tiene sobre el crecimiento de la econom\u00eda, trabaja para que todas las empresas puedan tener a su alcance todos los recursos para sus proyectos, y las diferentes administraciones (locales, auton\u00f3micas, estatales y europeas) brinden la oportunidad de beneficiar a las empresas con sus presupuestos.<\/p>\n<p>Las ayudas, financiaciones p\u00fablicas y deducciones fiscales para la I+D+i tienen como objetivo dar un impulso a las empresas en forma de ayudas a fondo perdido o de financiaciones bonificadas que mejoren significativamente las condiciones financieras actuales del mercado financiero, o en forma de deducci\u00f3n o bonificaci\u00f3n fiscal o de la seguridad social para sus inversiones.<\/p>\n<p>Por ello, <strong>desde PIMEC\u00a0gestionamos \u00edntegramente estas ayudas, financiaciones bonificadas o desgravaciones fiscales a nuestros socios para las actividades relacionadas con la I+D+i e innovaci\u00f3n tecnol\u00f3gica, para que puedan ser m\u00e1s competitivos\u00a0y beneficiarse de lo que les corresponde por las inversiones que est\u00e1n realizando en sus micro, peque\u00f1as y medianas empresas<\/strong>. \u00bfY vosotros? \u00bfYa os est\u00e1is beneficiando de estas ayudas, financiaciones bonificadas y\/o deducciones o bonificaciones por vuestros proyectos? Muchas empresas ya lo est\u00e1n gestionando.<\/p>\n","protected":false},"excerpt":{"rendered":"<p>Seg\u00fan el Fondo Monetario Internacional, la econom\u00eda mundial creci\u00f3 durante el 2017 un 3,8%, frente al 3,2% del a\u00f1o anterior, aceleraci\u00f3n impulsada tanto por los pa\u00edses desarrollados como por los emergentes. An\u00e1logamente al caso espa\u00f1ol, la econom\u00eda catalana desaceler\u00f3 su crecimiento en t\u00e9rminos anuales (3,4% frente al 3,6% de 2016), seg\u00fan datos del Instituto de Estad\u00edstica de Catalunya. Esta tasa fue tres d\u00e9cimas superior a la del conjunto de Espa\u00f1a y un punto superior a la de la zona euro (2,4%). Sin embargo, la evoluci\u00f3n del PIB catal\u00e1n se aceler\u00f3 a lo largo del a\u00f1o, puesto que empez\u00f3 con un<\/p>\n","protected":false},"author":49,"featured_media":15761,"comment_status":"open","ping_status":"closed","sticky":false,"template":"","format":"standard","meta":[],"categories":[330,338],"tags":[],"_links":{"self":[{"href":"https:\/\/www.pimealdia.org\/es\/wp-json\/wp\/v2\/posts\/15765"}],"collection":[{"href":"https:\/\/www.pimealdia.org\/es\/wp-json\/wp\/v2\/posts"}],"about":[{"href":"https:\/\/www.pimealdia.org\/es\/wp-json\/wp\/v2\/types\/post"}],"author":[{"embeddable":true,"href":"https:\/\/www.pimealdia.org\/es\/wp-json\/wp\/v2\/users\/49"}],"replies":[{"embeddable":true,"href":"https:\/\/www.pimealdia.org\/es\/wp-json\/wp\/v2\/comments?post=15765"}],"version-history":[{"count":1,"href":"https:\/\/www.pimealdia.org\/es\/wp-json\/wp\/v2\/posts\/15765\/revisions"}],"predecessor-version":[{"id":15766,"href":"https:\/\/www.pimealdia.org\/es\/wp-json\/wp\/v2\/posts\/15765\/revisions\/15766"}],"wp:featuredmedia":[{"embeddable":true,"href":"https:\/\/www.pimealdia.org\/es\/wp-json\/wp\/v2\/media\/15761"}],"wp:attachment":[{"href":"https:\/\/www.pimealdia.org\/es\/wp-json\/wp\/v2\/media?parent=15765"}],"wp:term":[{"taxonomy":"category","embeddable":true,"href":"https:\/\/www.pimealdia.org\/es\/wp-json\/wp\/v2\/categories?post=15765"},{"taxonomy":"post_tag","embeddable":true,"href":"https:\/\/www.pimealdia.org\/es\/wp-json\/wp\/v2\/tags?post=15765"}],"curies":[{"name":"wp","href":"https:\/\/api.w.org\/{rel}","templated":true}]}}