{"id":15856,"date":"2018-09-25T10:54:41","date_gmt":"2018-09-25T08:54:41","guid":{"rendered":"https:\/\/www.pimealdia.org\/?p=15856\/"},"modified":"2018-12-13T10:55:23","modified_gmt":"2018-12-13T08:55:23","slug":"reto-comunicacion-las-pimes-wordpress","status":"publish","type":"post","link":"https:\/\/www.pimealdia.org\/es\/reto-comunicacion-las-pimes-wordpress\/","title":{"rendered":"El reto de la comunicaci\u00f3n en las pimes: WordPress"},"content":{"rendered":"<p>La comunicaci\u00f3n siempre ha sido un punto clave tanto en el desarrollo de negocios como en nuestra vida particular y, evidentemente, <strong>la gesti\u00f3n de la comunicaci\u00f3n tambi\u00e9n debe formar parte de la visi\u00f3n estrat\u00e9gica de nuestra empresa o negocio.<\/strong><\/p>\n<p>El reto de la comunicaci\u00f3n no es tan solo controlar el mensaje y el canal sino los matices, puesto que las interpretaciones ante el mismo mensaje, si este no es bastante claro y no est\u00e1 suficientemente trabajado, pueden ser incluso contraproducentes. Si a este hecho le a\u00f1adimos que todos estamos sometidos a un elevad\u00edsimo volumen de informaci\u00f3n y de impactos, la conclusi\u00f3n es que la gesti\u00f3n de la comunicaci\u00f3n o la lideramos nosotros o \u201cnos la lideran\u201d, con el consecuente riesgo de bajo impacto y reputaci\u00f3n sobre nuestra empresa o negocio.<\/p>\n<p>Es por este motivo que, desde PIMEC, ofrecemos una serie de herramientas a medida de la PYME para <strong>aportar notoriedad a tu empresa a trav\u00e9s de los medios de comunicaci\u00f3n, tanto online como offline.<\/strong><\/p>\n<p>La reputaci\u00f3n corporativa es muy elevada cuando se generan apariciones en clave de noticia en la prensa, tanto en papel como digital, en la radio o en la televisi\u00f3n.<\/p>\n<p><img loading=\"lazy\" class=\"size-medium wp-image-15851 alignright\" src=\"https:\/\/www.pimealdia.org\/wp-content\/uploads\/2018\/12\/wordpress-2173519_960_720-300x225.jpg\" alt=\"\" width=\"300\" height=\"225\" srcset=\"https:\/\/www.pimealdia.org\/wp-content\/uploads\/2018\/12\/wordpress-2173519_960_720-300x225.jpg 300w, https:\/\/www.pimealdia.org\/wp-content\/uploads\/2018\/12\/wordpress-2173519_960_720-800x599.jpg 800w, https:\/\/www.pimealdia.org\/wp-content\/uploads\/2018\/12\/wordpress-2173519_960_720-600x449.jpg 600w, https:\/\/www.pimealdia.org\/wp-content\/uploads\/2018\/12\/wordpress-2173519_960_720-400x300.jpg 400w, https:\/\/www.pimealdia.org\/wp-content\/uploads\/2018\/12\/wordpress-2173519_960_720.jpg 960w\" sizes=\"(max-width: 300px) 100vw, 300px\" \/><\/p>\n<p>La herramienta m\u00e1s adecuada por la dimensi\u00f3n de nuestras PYMES suele ser WORDPRESS, que te puede ayudar a divulgar alguna efem\u00e9ride empresarial como, por ejemplo, la incorporaci\u00f3n de un producto o servicio, la apertura de una unidad operativa, un aniversario corporativo, la activaci\u00f3n de nuevos mercados internacionales o la firma de convenios y <em>joint-ventures<\/em>.<\/p>\n<p>En cualquier caso, adem\u00e1s de la herramienta es necesaria una buena <strong>coordinaci\u00f3n entre los diferentes emisores de mensajes que conviven en una empresa para reforzar, dar coherencia y no debilitar aquello que se quiere comunicar<\/strong>.<\/p>\n<p>Vale la pena recordar que una mala primera comunicaci\u00f3n exige un esfuerzo mucho mayor para reconducirla hacia aquello que realmente queremos comunicar que una \u201cno comunicaci\u00f3n\u201d.<\/p>\n<p>La comunicaci\u00f3n es vital, pero <strong>la buena comunicaci\u00f3n es estrat\u00e9gica para el desarrollo de nuestra empresa, as\u00ed como para el posicionamiento que deseamos<\/strong><strong>.<\/strong><\/p>\n","protected":false},"excerpt":{"rendered":"<p>La comunicaci\u00f3n siempre ha sido un punto clave tanto en el desarrollo de negocios como en nuestra vida particular y, evidentemente, la gesti\u00f3n de la comunicaci\u00f3n tambi\u00e9n debe formar parte de la visi\u00f3n estrat\u00e9gica de nuestra empresa o negocio. El reto de la comunicaci\u00f3n no es tan solo controlar el mensaje y el canal sino los matices, puesto que las interpretaciones ante el mismo mensaje, si este no es bastante claro y no est\u00e1 suficientemente trabajado, pueden ser incluso contraproducentes. Si a este hecho le a\u00f1adimos que todos estamos sometidos a un elevad\u00edsimo volumen de informaci\u00f3n y de impactos, la<\/p>\n","protected":false},"author":6,"featured_media":15854,"comment_status":"open","ping_status":"closed","sticky":false,"template":"","format":"standard","meta":[],"categories":[330],"tags":[],"_links":{"self":[{"href":"https:\/\/www.pimealdia.org\/es\/wp-json\/wp\/v2\/posts\/15856"}],"collection":[{"href":"https:\/\/www.pimealdia.org\/es\/wp-json\/wp\/v2\/posts"}],"about":[{"href":"https:\/\/www.pimealdia.org\/es\/wp-json\/wp\/v2\/types\/post"}],"author":[{"embeddable":true,"href":"https:\/\/www.pimealdia.org\/es\/wp-json\/wp\/v2\/users\/6"}],"replies":[{"embeddable":true,"href":"https:\/\/www.pimealdia.org\/es\/wp-json\/wp\/v2\/comments?post=15856"}],"version-history":[{"count":1,"href":"https:\/\/www.pimealdia.org\/es\/wp-json\/wp\/v2\/posts\/15856\/revisions"}],"predecessor-version":[{"id":15861,"href":"https:\/\/www.pimealdia.org\/es\/wp-json\/wp\/v2\/posts\/15856\/revisions\/15861"}],"wp:featuredmedia":[{"embeddable":true,"href":"https:\/\/www.pimealdia.org\/es\/wp-json\/wp\/v2\/media\/15854"}],"wp:attachment":[{"href":"https:\/\/www.pimealdia.org\/es\/wp-json\/wp\/v2\/media?parent=15856"}],"wp:term":[{"taxonomy":"category","embeddable":true,"href":"https:\/\/www.pimealdia.org\/es\/wp-json\/wp\/v2\/categories?post=15856"},{"taxonomy":"post_tag","embeddable":true,"href":"https:\/\/www.pimealdia.org\/es\/wp-json\/wp\/v2\/tags?post=15856"}],"curies":[{"name":"wp","href":"https:\/\/api.w.org\/{rel}","templated":true}]}}