{"id":17911,"date":"2019-02-25T12:00:56","date_gmt":"2019-02-25T10:00:56","guid":{"rendered":"https:\/\/www.pimealdia.org\/?p=17911\/"},"modified":"2019-02-21T13:18:16","modified_gmt":"2019-02-21T11:18:16","slug":"marketing-para-no-marquetinianos-imagen-y-mensaje","status":"publish","type":"post","link":"https:\/\/www.pimealdia.org\/es\/marketing-para-no-marquetinianos-imagen-y-mensaje\/","title":{"rendered":"Marketing para no marquetinianos. Imagen y mensaje"},"content":{"rendered":"<p>Recomendaciones para la imagen y mensaje que proyectamos de nuestro negocio. Con este post iniciamos una breve serie de art\u00edculos con informaci\u00f3n b\u00e1sica o pautas sobre aspectos que nos pueden ayudar a la hora de definir nuestra <a href=\"https:\/\/www.pimealdia.org\/marqueting-per-a-pimes-resultats-per-a-una-baixa-inversio\/\">estrategia de marketing<\/a> y <a href=\"https:\/\/www.pimealdia.org\/es\/pyme-asignatura-pendiente-ventas\/\">comercializaci\u00f3n.<\/a><\/p>\n<h4><strong>Imagen, logo<\/strong><\/h4>\n<p>De lo que se denomina la imagen corporativa de la empresa, <strong>lo primero que hemos de considerar es el logotipo<\/strong>, el conjunto de s\u00edmbolos, formas, colores y letras que se asocian a nuestra marca y reflejan su identidad. Es el primer punto de referencia para el mercado, por lo tanto debemos estar seguros de que resume la idea de lo que hacemos, qui\u00e9n somos y qu\u00e9 ofrecemos.<\/p>\n<p><img loading=\"lazy\" class=\"alignright size-medium wp-image-17903\" src=\"https:\/\/www.pimealdia.org\/wp-content\/uploads\/2019\/02\/post_imatge_logos-300x188.jpg\" alt=\"imatge\" width=\"300\" height=\"188\" srcset=\"https:\/\/www.pimealdia.org\/wp-content\/uploads\/2019\/02\/post_imatge_logos-300x188.jpg 300w, https:\/\/www.pimealdia.org\/wp-content\/uploads\/2019\/02\/post_imatge_logos.jpg 1024w, https:\/\/www.pimealdia.org\/wp-content\/uploads\/2019\/02\/post_imatge_logos-1000x625.jpg 1000w, https:\/\/www.pimealdia.org\/wp-content\/uploads\/2019\/02\/post_imatge_logos-800x500.jpg 800w, https:\/\/www.pimealdia.org\/wp-content\/uploads\/2019\/02\/post_imatge_logos-600x375.jpg 600w, https:\/\/www.pimealdia.org\/wp-content\/uploads\/2019\/02\/post_imatge_logos-400x250.jpg 400w\" sizes=\"(max-width: 300px) 100vw, 300px\" \/><\/p>\n<p>Podemos incluso valorar si la tipograf\u00eda o el tipo de letra que usaremos transmiten lo que queremos: pueden ser m\u00e1s contundentes o gruesas, m\u00e1s elegantes, m\u00e1s serias, o m\u00e1s informales y divertidas.<\/p>\n<p>Igualmente con el significado que se les otorga a los colores, como el rojo m\u00e1s apasionado, el verde m\u00e1s ecol\u00f3gico, o el azul m\u00e1s serio.<\/p>\n<p>Si nuestra marca es un nombre aparentemente ajeno a lo que somos, y no disponemos de un reconocimiento pleno sobre qui\u00e9n somos, ser\u00eda conveniente a\u00f1adir una menci\u00f3n m\u00e1s explicativa que forme parte del logotipo. Por ejemplo, si somos un estudio de dise\u00f1o, de los pocos en Manresa, y nos llamamos Lemon Company, no estar\u00e1 de m\u00e1s incluir un texto de base como \u201cDise\u00f1o gr\u00e1fico manresano\u201d.<\/p>\n<h4>Imagen, otros elementos gr\u00e1ficos<\/h4>\n<p><strong>Los elementos de logotipo han de marcar una l\u00ednea gr\u00e1fica de los soportes donde nos expresamos<\/strong>; p\u00e1gina web, cabeceras de los perfiles en redes, cat\u00e1logos, boletines, tarjetas, etc.<\/p>\n<p>La recomendaci\u00f3n ser\u00eda mantener y repetir los recursos gr\u00e1ficos del logotipo (jugando con sus elementos) en todos los soportes, de forma que se os identifique con ellos y que se mantenga una coherencia a lo largo de los diferentes canales por los que se puede acceder a vosotros.<\/p>\n<blockquote><p>No teng\u00e1is miedo a ser reiterativos, al contrario, pensad que los usuarios solo os ven una peque\u00f1a parte de lo que os veis vosotros, y es necesario que, sea cual sea el canal que utilicen para acceder o saber de vosotros, se encuentren lo mismo, para reconocer que sois los mismos.<\/p><\/blockquote>\n<h4><strong>Mensaje <\/strong><\/h4>\n<p>Igual que la unidad y coherencia en la imagen que us\u00e1is en todos los canales, m\u00e1s importante es a\u00fan la <strong>definici\u00f3n de un mensaje claro y \u00fanico<\/strong>.<\/p>\n<p><strong>El foco de cualquier mensaje tiene que ser el cliente<\/strong>; es decir, pensad siempre en el cliente como centro de vuestra actividad. M\u00e1s que decir qu\u00e9 hacemos, explicad qu\u00e9 es lo que saca el cliente de utilizaros. Por qu\u00e9 os deber\u00eda escoger. Por ejemplo, no es lo mismo que dig\u00e1is \u201cEmpresa de nuevas tecnolog\u00edas\u201d que \u201cLas soluciones tecnol\u00f3gicas para la competitividad de tu negocio\u201d.<\/p>\n<p><img loading=\"lazy\" class=\"aligncenter wp-image-17905 size-full\" src=\"https:\/\/www.pimealdia.org\/wp-content\/uploads\/2019\/02\/post_imatge.jpg\" alt=\"imatge\" width=\"960\" height=\"390\" srcset=\"https:\/\/www.pimealdia.org\/wp-content\/uploads\/2019\/02\/post_imatge.jpg 960w, https:\/\/www.pimealdia.org\/wp-content\/uploads\/2019\/02\/post_imatge-300x122.jpg 300w, https:\/\/www.pimealdia.org\/wp-content\/uploads\/2019\/02\/post_imatge-800x325.jpg 800w, https:\/\/www.pimealdia.org\/wp-content\/uploads\/2019\/02\/post_imatge-600x244.jpg 600w, https:\/\/www.pimealdia.org\/wp-content\/uploads\/2019\/02\/post_imatge-400x163.jpg 400w\" sizes=\"(max-width: 960px) 100vw, 960px\" \/><\/p>\n<p>En general, pensad cual es vuestro punto fuerte. No quer\u00e1is explicarlo todo de una vez, centrad los mensajes principales en servicios gancho, vuestra especialidad o aquello que os hace m\u00e1s fuertes. Cu\u00e1l es vuestro valor a\u00f1adido diferencial.<\/p>\n<p>Primero deb\u00e9is llamar la atenci\u00f3n, despu\u00e9s, una vez hay\u00e1is creado atracci\u00f3n, ya tendr\u00e9is tiempo para explicar m\u00e1s cosas o para ampliar los servicios principales con los complementarios.<\/p>\n<p>La recomendaci\u00f3n ser\u00eda intentar hacer un ejercicio de priorizaci\u00f3n:<\/p>\n<ul>\n<li>Empezar por redactar, en no m\u00e1s que la extensi\u00f3n de una hoja A4, una descripci\u00f3n, explicaci\u00f3n o <a href=\"https:\/\/www.pimealdia.org\/es\/atraure-nostre-public-explicant-los-contes-marqueting-contingut\/\">historia de la empresa<\/a>. Una presentaci\u00f3n (que puede acabar siendo el contenido de la p\u00e1gina web tipo \u201csobre nosotros\u201d). Conviene que tenga el formato de un cuento con un hilo conductor.<\/li>\n<li>En base a lo anterior, redactar un p\u00e1rrafo de no m\u00e1s de 4-5 l\u00edneas que explique qui\u00e9n somos, qu\u00e9 hacemos, qu\u00e9 ofrecemos, cu\u00e1l es vuestro punto fuerte. Un resumen o extracto de lo m\u00e1s importante o de lo que es necesario destacar m\u00e1s.<\/li>\n<li>A partir de lo anterior, construir una frase que integre la esencia de vuestra misi\u00f3n.<\/li>\n<li>A partir de lo anterior, resumirlo en un eslogan.<\/li>\n<\/ul>\n<h4>Reinventarse<\/h4>\n<blockquote><p>En los tiempos actuales de <a href=\"https:\/\/www.pimealdia.org\/es\/4-revolucion-industrial-revolucion-digital\/\">transformaci\u00f3n digital<\/a>, el cambio es permanente, y, por lo tanto, no hemos de tener miedo a plantearnos si ese logotipo, esa imagen y mensajes que venimos usando desde hace a\u00f1os se adaptan a nuestro modelo de negocio actual, o m\u00e1s a\u00fan, al nuevo perfil de cliente.<\/p><\/blockquote>\n<p>No se tratar\u00eda de perder la esencia ni el reconocimiento que hemos ido ganando a lo largo de los a\u00f1os, pero eso no entra en contradicci\u00f3n con revisar textos, redise\u00f1ar y modernizar el logotipo. O con renovar las fotograf\u00edas u otro material gr\u00e1fico que usamos para que no se vean obsoletos.<\/p>\n","protected":false},"excerpt":{"rendered":"<p>Recomendaciones para la imagen y mensaje que proyectamos de nuestro negocio. Con este post iniciamos una breve serie de art\u00edculos con informaci\u00f3n b\u00e1sica o pautas sobre aspectos que nos pueden ayudar a la hora de definir nuestra estrategia de marketing y comercializaci\u00f3n. Imagen, logo De lo que se denomina la imagen corporativa de la empresa, lo primero que hemos de considerar es el logotipo, el conjunto de s\u00edmbolos, formas, colores y letras que se asocian a nuestra marca y reflejan su identidad. Es el primer punto de referencia para el mercado, por lo tanto debemos estar seguros de que resume<\/p>\n","protected":false},"author":9,"featured_media":17909,"comment_status":"open","ping_status":"closed","sticky":false,"template":"","format":"standard","meta":[],"categories":[330],"tags":[780],"_links":{"self":[{"href":"https:\/\/www.pimealdia.org\/es\/wp-json\/wp\/v2\/posts\/17911"}],"collection":[{"href":"https:\/\/www.pimealdia.org\/es\/wp-json\/wp\/v2\/posts"}],"about":[{"href":"https:\/\/www.pimealdia.org\/es\/wp-json\/wp\/v2\/types\/post"}],"author":[{"embeddable":true,"href":"https:\/\/www.pimealdia.org\/es\/wp-json\/wp\/v2\/users\/9"}],"replies":[{"embeddable":true,"href":"https:\/\/www.pimealdia.org\/es\/wp-json\/wp\/v2\/comments?post=17911"}],"version-history":[{"count":1,"href":"https:\/\/www.pimealdia.org\/es\/wp-json\/wp\/v2\/posts\/17911\/revisions"}],"predecessor-version":[{"id":17912,"href":"https:\/\/www.pimealdia.org\/es\/wp-json\/wp\/v2\/posts\/17911\/revisions\/17912"}],"wp:featuredmedia":[{"embeddable":true,"href":"https:\/\/www.pimealdia.org\/es\/wp-json\/wp\/v2\/media\/17909"}],"wp:attachment":[{"href":"https:\/\/www.pimealdia.org\/es\/wp-json\/wp\/v2\/media?parent=17911"}],"wp:term":[{"taxonomy":"category","embeddable":true,"href":"https:\/\/www.pimealdia.org\/es\/wp-json\/wp\/v2\/categories?post=17911"},{"taxonomy":"post_tag","embeddable":true,"href":"https:\/\/www.pimealdia.org\/es\/wp-json\/wp\/v2\/tags?post=17911"}],"curies":[{"name":"wp","href":"https:\/\/api.w.org\/{rel}","templated":true}]}}