{"id":18320,"date":"2019-03-13T11:24:57","date_gmt":"2019-03-13T09:24:57","guid":{"rendered":"https:\/\/www.pimealdia.org\/?p=18320\/"},"modified":"2019-03-13T11:25:24","modified_gmt":"2019-03-13T09:25:24","slug":"produccion-industrial-crecio-2018-pese-disminucion-consumo","status":"publish","type":"post","link":"https:\/\/www.pimealdia.org\/es\/produccion-industrial-crecio-2018-pese-disminucion-consumo\/","title":{"rendered":"La producci\u00f3n industrial creci\u00f3 en 2018 pese a la disminuci\u00f3n del consumo"},"content":{"rendered":"<p>\u201cEl apag\u00f3n en el consumo el\u00e9ctrico catal\u00e1n sufre la mayor ca\u00edda desde 2014, mientras que sube en el resto del pa\u00eds\u201d; este era el t\u00edtulo de un art\u00edculo de uno de los diarios de \u00e1mbito espa\u00f1ol, que explicaba que el consumo el\u00e9ctrico en Catalunya cay\u00f3 un 1% en 2018 en comparaci\u00f3n con un aumento del 0,4% registrado en el conjunto de Espa\u00f1a, sumando as\u00ed 4 a\u00f1os de subidas. Seg\u00fan este rotativo, esto se deb\u00eda a la inestabilidad pol\u00edtica y al par\u00f3n industrial, causas del enfriamiento de la econom\u00eda espa\u00f1ola.<\/p>\n<p><img loading=\"lazy\" class=\"size-medium wp-image-18321 alignleft\" src=\"https:\/\/www.pimealdia.org\/wp-content\/uploads\/2019\/03\/1-1-300x192.jpg\" alt=\"\" width=\"300\" height=\"192\" srcset=\"https:\/\/www.pimealdia.org\/wp-content\/uploads\/2019\/03\/1-1-300x192.jpg 300w, https:\/\/www.pimealdia.org\/wp-content\/uploads\/2019\/03\/1-1-800x512.jpg 800w, https:\/\/www.pimealdia.org\/wp-content\/uploads\/2019\/03\/1-1-600x384.jpg 600w, https:\/\/www.pimealdia.org\/wp-content\/uploads\/2019\/03\/1-1-400x256.jpg 400w, https:\/\/www.pimealdia.org\/wp-content\/uploads\/2019\/03\/1-1.jpg 882w\" sizes=\"(max-width: 300px) 100vw, 300px\" \/><\/p>\n<p><strong>Sorprende la disminuci\u00f3n del consumo en la industria catalana porque todos los factores de an\u00e1lisis del sector indican un ligero frenazo, pero en ning\u00fan caso que sea importante<\/strong>. Si analizamos los \u00edndices del\u00a0IDESCAT, el \u00edndice de producci\u00f3n industrial provisional para 2018 creci\u00f3 un 0,8%.<\/p>\n<p>As\u00ed mismo, si analizamos la poblaci\u00f3n con empleo en la industria durante 2018, observamos un aumento del 6,1%, con una punta del 9,9% en el primer trimestre. Seg\u00fan el \u00edndice de volumen de negocio de la industria (sin energ\u00eda), vemos que ha crecido un 4,1% y la entrada de pedidos ha aumentado un 4,6%. <strong>La observaci\u00f3n de la industria en 2018 permite concluir que el a\u00f1o ha sido muy bueno, con un frenazo en el \u00faltimo trimestre a ra\u00edz de la disminuci\u00f3n del ritmo de la econom\u00eda global<\/strong>.<\/p>\n<p><img loading=\"lazy\" class=\"size-medium wp-image-18323 alignright\" src=\"https:\/\/www.pimealdia.org\/wp-content\/uploads\/2019\/03\/2-1-300x212.jpg\" alt=\"\" width=\"300\" height=\"212\" srcset=\"https:\/\/www.pimealdia.org\/wp-content\/uploads\/2019\/03\/2-1-300x212.jpg 300w, https:\/\/www.pimealdia.org\/wp-content\/uploads\/2019\/03\/2-1-600x423.jpg 600w, https:\/\/www.pimealdia.org\/wp-content\/uploads\/2019\/03\/2-1-400x282.jpg 400w, https:\/\/www.pimealdia.org\/wp-content\/uploads\/2019\/03\/2-1.jpg 648w\" sizes=\"(max-width: 300px) 100vw, 300px\" \/>\u00bfD\u00f3nde est\u00e1 el problema de la disminuci\u00f3n del consumo de la industria en 2018? Si analizamos el consumo por sectores vemos, efectivamente, que la industria ha tenido un descenso de consumo del 1,1% en relaci\u00f3n con 2017. Aqu\u00ed podemos observar una disminuci\u00f3n a partir del mes de marzo y otras a partir del mes de junio y de noviembre. Si lo miramos por sectores, el qu\u00edmico ha consumido 1,2\u00a0TWh menos que en 2017.<\/p>\n<p>\u00bfCu\u00e1l es el sector que ha pinchado en consumo?\u00a0El sector m\u00e1s importante es el de extracci\u00f3n de minerales no met\u00e1licos: el cloro, con un descenso del -8%; seguido de la energ\u00eda con una disminuci\u00f3n del -6,9%; el suministro de agua con -5,7%, y el papel con -2,8%.<\/p>\n<p><img loading=\"lazy\" class=\"size-medium wp-image-18325 alignleft\" src=\"https:\/\/www.pimealdia.org\/wp-content\/uploads\/2019\/03\/3-1-300x208.jpg\" alt=\"\" width=\"300\" height=\"208\" srcset=\"https:\/\/www.pimealdia.org\/wp-content\/uploads\/2019\/03\/3-1-300x208.jpg 300w, https:\/\/www.pimealdia.org\/wp-content\/uploads\/2019\/03\/3-1-800x555.jpg 800w, https:\/\/www.pimealdia.org\/wp-content\/uploads\/2019\/03\/3-1-600x416.jpg 600w, https:\/\/www.pimealdia.org\/wp-content\/uploads\/2019\/03\/3-1-400x277.jpg 400w, https:\/\/www.pimealdia.org\/wp-content\/uploads\/2019\/03\/3-1.jpg 884w\" sizes=\"(max-width: 300px) 100vw, 300px\" \/>Lo m\u00e1s destacado de 2018 es que empez\u00f3 sin que entraran en funcionamiento la planta de electr\u00f3lisis de la f\u00e1brica de Flix y las dem\u00e1s plantas productoras de cloro con la tecnolog\u00eda de celda de mercurio,\u00a0Ercros\u00a0en Vila-seca e\u00a0Innovyn\u00a0(la antigua\u00a0Solvay)\u00a0en Martorell.<\/p>\n<p>El\u00a0diclorometano\u00a0es la base de la fabricaci\u00f3n del\u00a0PVC. Su importaci\u00f3n desde Francia no ha reducido la facturaci\u00f3n de la empresa que, de hecho, est\u00e1 evaluando la posibilidad de invertir en una planta de cloro -materia prima para fabricar el\u00a0diclorometano-\u00a0con tecnolog\u00eda de membrana, que consume menos de la mitad de electricidad. En este mismo sentido,\u00a0Covestro, que tambi\u00e9n utiliza cloro como materia prima para fabricar metano-difenil-diisocianato\u00a0(MDI)\u00a0en la Canonja, dispone de la autorizaci\u00f3n de la Generalitat de Catalunya para invertir en una planta de 300.000 T de cloro con celda de diafragma en Tarragona en 2020.<\/p>\n<p><img loading=\"lazy\" class=\"size-medium wp-image-18327 alignright\" src=\"https:\/\/www.pimealdia.org\/wp-content\/uploads\/2019\/03\/4-1-300x177.jpg\" alt=\"\" width=\"300\" height=\"177\" srcset=\"https:\/\/www.pimealdia.org\/wp-content\/uploads\/2019\/03\/4-1-300x177.jpg 300w, https:\/\/www.pimealdia.org\/wp-content\/uploads\/2019\/03\/4-1-600x355.jpg 600w, https:\/\/www.pimealdia.org\/wp-content\/uploads\/2019\/03\/4-1-400x237.jpg 400w, https:\/\/www.pimealdia.org\/wp-content\/uploads\/2019\/03\/4-1.jpg 624w\" sizes=\"(max-width: 300px) 100vw, 300px\" \/>Por otro lado, durante el a\u00f1o 2018 se registra un incidente importante en la producci\u00f3n de energ\u00eda con parones importantes de las centrales nucleares de\u00a0Vandell\u00f3s\u00a0y de Asc\u00f3.<\/p>\n<p>Si comparamos la evoluci\u00f3n de la industria catalana con la espa\u00f1ola, se observa que <strong>la ralentizaci\u00f3n de la industria catalana empieza a partir de julio, mientras que en Espa\u00f1a empieza a partir del mes de noviembre<\/strong>.<\/p>\n<p>Veremos si la ralentizaci\u00f3n de la industria catalana afectar\u00e1 de forma importante a la econom\u00eda. La historia reciente nos muestra que supera f\u00e1cilmente las trabas que encuentra. Los valores de la exportaci\u00f3n ser\u00e1n un buen indicador para ver c\u00f3mo la industria catalana resuelve dicha ralentizaci\u00f3n.<\/p>\n<p><img loading=\"lazy\" class=\"size-medium wp-image-18329 aligncenter\" src=\"https:\/\/www.pimealdia.org\/wp-content\/uploads\/2019\/03\/5-2-300x210.jpg\" alt=\"\" width=\"300\" height=\"210\" srcset=\"https:\/\/www.pimealdia.org\/wp-content\/uploads\/2019\/03\/5-2-300x210.jpg 300w, https:\/\/www.pimealdia.org\/wp-content\/uploads\/2019\/03\/5-2-800x559.jpg 800w, https:\/\/www.pimealdia.org\/wp-content\/uploads\/2019\/03\/5-2-600x420.jpg 600w, https:\/\/www.pimealdia.org\/wp-content\/uploads\/2019\/03\/5-2-400x280.jpg 400w, https:\/\/www.pimealdia.org\/wp-content\/uploads\/2019\/03\/5-2.jpg 878w\" sizes=\"(max-width: 300px) 100vw, 300px\" \/><\/p>\n<p>&nbsp;<\/p>\n","protected":false},"excerpt":{"rendered":"<p>\u201cEl apag\u00f3n en el consumo el\u00e9ctrico catal\u00e1n sufre la mayor ca\u00edda desde 2014, mientras que sube en el resto del pa\u00eds\u201d; este era el t\u00edtulo de un art\u00edculo de uno de los diarios de \u00e1mbito espa\u00f1ol, que explicaba que el consumo el\u00e9ctrico en Catalunya cay\u00f3 un 1% en 2018 en comparaci\u00f3n con un aumento del 0,4% registrado en el conjunto de Espa\u00f1a, sumando as\u00ed 4 a\u00f1os de subidas. Seg\u00fan este rotativo, esto se deb\u00eda a la inestabilidad pol\u00edtica y al par\u00f3n industrial, causas del enfriamiento de la econom\u00eda espa\u00f1ola. Sorprende la disminuci\u00f3n del consumo en la industria catalana porque todos<\/p>\n","protected":false},"author":97,"featured_media":18308,"comment_status":"open","ping_status":"closed","sticky":false,"template":"","format":"standard","meta":[],"categories":[330],"tags":[],"_links":{"self":[{"href":"https:\/\/www.pimealdia.org\/es\/wp-json\/wp\/v2\/posts\/18320"}],"collection":[{"href":"https:\/\/www.pimealdia.org\/es\/wp-json\/wp\/v2\/posts"}],"about":[{"href":"https:\/\/www.pimealdia.org\/es\/wp-json\/wp\/v2\/types\/post"}],"author":[{"embeddable":true,"href":"https:\/\/www.pimealdia.org\/es\/wp-json\/wp\/v2\/users\/97"}],"replies":[{"embeddable":true,"href":"https:\/\/www.pimealdia.org\/es\/wp-json\/wp\/v2\/comments?post=18320"}],"version-history":[{"count":1,"href":"https:\/\/www.pimealdia.org\/es\/wp-json\/wp\/v2\/posts\/18320\/revisions"}],"predecessor-version":[{"id":18331,"href":"https:\/\/www.pimealdia.org\/es\/wp-json\/wp\/v2\/posts\/18320\/revisions\/18331"}],"wp:featuredmedia":[{"embeddable":true,"href":"https:\/\/www.pimealdia.org\/es\/wp-json\/wp\/v2\/media\/18308"}],"wp:attachment":[{"href":"https:\/\/www.pimealdia.org\/es\/wp-json\/wp\/v2\/media?parent=18320"}],"wp:term":[{"taxonomy":"category","embeddable":true,"href":"https:\/\/www.pimealdia.org\/es\/wp-json\/wp\/v2\/categories?post=18320"},{"taxonomy":"post_tag","embeddable":true,"href":"https:\/\/www.pimealdia.org\/es\/wp-json\/wp\/v2\/tags?post=18320"}],"curies":[{"name":"wp","href":"https:\/\/api.w.org\/{rel}","templated":true}]}}