{"id":19066,"date":"2019-04-23T09:43:56","date_gmt":"2019-04-23T07:43:56","guid":{"rendered":"https:\/\/www.pimealdia.org\/?p=19066\/"},"modified":"2019-04-24T17:55:26","modified_gmt":"2019-04-24T15:55:26","slug":"las-empresas-que-integran-diseno-grafico-sus-procesos-son-mas-productivas-y-generan-mas-riqueza","status":"publish","type":"post","link":"https:\/\/www.pimealdia.org\/es\/las-empresas-que-integran-diseno-grafico-sus-procesos-son-mas-productivas-y-generan-mas-riqueza\/","title":{"rendered":"\u201cLas empresas que integran el dise\u00f1o gr\u00e1fico en sus procesos son m\u00e1s productivas y generan m\u00e1s riqueza\u201d"},"content":{"rendered":"<p><a href=\"https:\/\/www.dissenygrafic.org\/\">El Colegio Oficial de Dise\u00f1o Gr\u00e1fico de Catalunya<\/a> nace en 2004, como consecuencia de una ley del Parlament de Catalunya de 2003, y de la mano de las asociaciones entonces existentes y que exig\u00edan su creaci\u00f3n para consolidar y promover el dise\u00f1o gr\u00e1fico como factor esencial y transversal para el conjunto de la ciudadan\u00eda. Es una entidad de derecho p\u00fablico, neutral y sin \u00e1nimo de lucro que determina, defiende y clarifica los intereses globales de la disciplina de la comunicaci\u00f3n visual y del dise\u00f1o gr\u00e1fico, tanto para los profesionales como para los usuarios.<\/p>\n<p><img loading=\"lazy\" class=\" wp-image-19061 alignleft\" src=\"https:\/\/www.pimealdia.org\/wp-content\/uploads\/2019\/04\/foto-Dr.-Jes\u00fas-Del-Hoyo-300x300.png\" alt=\"\" width=\"218\" height=\"218\" srcset=\"https:\/\/www.pimealdia.org\/wp-content\/uploads\/2019\/04\/foto-Dr.-Jes\u00fas-Del-Hoyo-300x300.png 300w, https:\/\/www.pimealdia.org\/wp-content\/uploads\/2019\/04\/foto-Dr.-Jes\u00fas-Del-Hoyo-150x150.png 150w, https:\/\/www.pimealdia.org\/wp-content\/uploads\/2019\/04\/foto-Dr.-Jes\u00fas-Del-Hoyo-600x600.png 600w, https:\/\/www.pimealdia.org\/wp-content\/uploads\/2019\/04\/foto-Dr.-Jes\u00fas-Del-Hoyo-400x400.png 400w, https:\/\/www.pimealdia.org\/wp-content\/uploads\/2019\/04\/foto-Dr.-Jes\u00fas-Del-Hoyo-100x100.png 100w, https:\/\/www.pimealdia.org\/wp-content\/uploads\/2019\/04\/foto-Dr.-Jes\u00fas-Del-Hoyo-50x50.png 50w, https:\/\/www.pimealdia.org\/wp-content\/uploads\/2019\/04\/foto-Dr.-Jes\u00fas-Del-Hoyo.png 660w\" sizes=\"(max-width: 218px) 100vw, 218px\" \/>Jes\u00fas Del Hoyo es decano de este organismo desde 2007. Estudi\u00f3 Bellas Artes y es dise\u00f1ador gr\u00e1fico de profesi\u00f3n desde hace casi cuarenta a\u00f1os. Imparte clases en la Universitat de Barcelona como profesor titular de proyectos de dise\u00f1o gr\u00e1fico y sus obras y proyectos han sido reconocidas, premiadas y expuestas en pa\u00edses como Jap\u00f3n, Alemania o Estados Unidos.<\/p>\n<p>&nbsp;<\/p>\n<p><strong>\u00bfCu\u00e1l es el perfil de los dise\u00f1adores gr\u00e1ficos colegiados?<\/strong><\/p>\n<p>Actualmente, con diferentes v\u00ednculos, somos m\u00e1s de 800 dise\u00f1adores gr\u00e1ficos colegiados; el 80% de los cuales son profesionales aut\u00f3nomos y la gran mayor\u00eda trabajan en microempresas de 2 o 3 trabajadores.<\/p>\n<p><strong>\u00bfC\u00f3mo apoyan a estos profesionales?\u00a0<\/strong><\/p>\n<p>El punto esencial del que partimos es el de aportarles el reconocimiento legal e incuestionable de su profesionalidad. Esencialmente, utilizan nuestros servicios de asesoramiento. La mayor\u00eda nos solicitan ayuda en temas relacionados con la formaci\u00f3n empresarial en dise\u00f1o, propiedad intelectual, derechos de autor, \u00e9tica y deontolog\u00eda profesional.<\/p>\n<p>No existe un v\u00ednculo entre el dise\u00f1o y la peque\u00f1a y mediana empresa porque los empresarios lo entienden como un \u201cvalor a\u00f1adido\u201d, cuando tendr\u00eda que ser una prioridad, una herramienta estructural. Muy pocas compa\u00f1\u00edas cuentan con un departamento de dise\u00f1o gr\u00e1fico; habitualmente son servicios externos o un profesional que forma parte de otros departamentos como los de marketing o de inform\u00e1tica. Si las empresas integraran el dise\u00f1o gr\u00e1fico ser\u00edan m\u00e1s innovadoras, productivas y generar\u00edan m\u00e1s riqueza, como est\u00e1 pasando desde hace tiempo en otros pa\u00edses.<\/p>\n<p><strong>\u00bfCu\u00e1les son las necesidades del sector y en\u00a0qu\u00e9 ayudan a las pymes?<\/strong><\/p>\n<p>El objetivo l\u00f3gico es ayudar a generar riqueza y conseguir que se reparta. Por otro lado, implicarse en el tejido productivo y, en particular, en la peque\u00f1a y mediana empresa es el reto esencial. Para las pymes los estudios de dise\u00f1o deben ser aut\u00e9nticas \u00e1reas externas y estrat\u00e9gicas de Investigaci\u00f3n, Desarrollo, Innovaci\u00f3n y Dise\u00f1o (I+D+i+D), que son los ejes principales del \u00e9xito presente y consolidado.<\/p>\n<p>Por otro lado, aclarar qui\u00e9n es o no \u201clegalmente\u201d profesional del dise\u00f1o es la piedra angular de cualquier actuaci\u00f3n y de aqu\u00ed se parte para combatir la precariedad. Los niveles de paro son elevados y los honorarios son bajos.<\/p>\n<p>Adem\u00e1s, consideramos que las pol\u00edticas relacionadas con el dise\u00f1o y las entidades que las amparan y promueven han fracasado porque no han sido orientadas correctamente. La Administraci\u00f3n no se sit\u00faa, y es su obligaci\u00f3n, en el nuevo paradigma legal de nuestra disciplina, y no exige elementos que han sido aprobados en el Parlament de Catalunya. Por ejemplo, en cuestiones de formaci\u00f3n, hay que tener la colegiaci\u00f3n para clarificar la realidad de los profesionales en materia de intrusismo profesional. Los profesionales del dise\u00f1o gr\u00e1fico tenemos derechos y deberes y, para avanzar, tenemos que exigir tanto el respecto a nuestros derechos como el cumplimiento de nuestros deberes.<\/p>\n<p>Por \u00faltimo, hemos de conseguir romper con el prejuicio de la sociedad que ha asumido que el dise\u00f1o es algo fr\u00edvolo y caro y que es un \u00e1mbito art\u00edstico y elitista; y no es as\u00ed, en absoluto.<\/p>\n<p><strong>\u00bfQu\u00e9 nos puede decir sobre la formaci\u00f3n en dise\u00f1o gr\u00e1fico?<\/strong><\/p>\n<p>Hay mucha oferta formativa enfocada solo al software y a especialidades concretas, pero el nivel es bajo porque no hay una base disciplinaria del dise\u00f1o bien asentada. A menudo se prioriza la especialidad a la formaci\u00f3n troncal. Continuamente lo denunciamos y, para mejorar la formaci\u00f3n y resolver estos graves problemas estructurales, nos ofrecemos a colaborar y trabajar junto con el Departamento de Educaci\u00f3n y Universidades de la Generalitat.<\/p>\n<p><strong>Llevan a cabo una tarea importante en la denuncia del intrusismo profesional. \u00bfQu\u00e9 nos puede explicar al respecto?<\/strong><\/p>\n<p>Nosotros no somos ni la fiscal\u00eda, ni polic\u00edas, y no perseguimos a nadie. Nuestra tarea en este sentido es informar a los profesionales, las administraciones y las empresas de todos los sectores para que sepan que solo son dise\u00f1adores gr\u00e1ficos los profesionales con t\u00edtulo oficial o bien los que est\u00e1n colegiados y que, absolutamente todos, deben tener un seguro de responsabilidad civil profesional. Este es el punto de partida b\u00e1sico y esencial de nuestro marco legal y hay que empezar por aqu\u00ed y reconocer las implicaciones empresariales, que es lo que legitima, consolida y clarifica la interlocuci\u00f3n entre usuario y profesional. Esto es bueno, necesario y beneficia absolutamente a todo el mundo.<\/p>\n<p><strong>Este mes de marzo han otorgado los Premios\u00a0Gaudeamus\u00a0Proyecta que organiza el colegio. \u00bfEn qu\u00e9 consisten?<\/strong><\/p>\n<p>Los Premios\u00a0Gaudeamus\u00a0Proyecta premian la excelencia acad\u00e9mica de los proyectos de fin de grado desarrollados en las universidades y centros con titulaci\u00f3n legalmente equivalente de todo el Estado. Est\u00e1 dotado con m\u00e1s de 50.000 \u20ac. El jurado est\u00e1 formado por profesionales del dise\u00f1o, la docencia, la investigaci\u00f3n y por colegiados.<\/p>\n<p>Hay cinco galardones diferentes:<\/p>\n<ul>\n<li>Innova: Reconoce la innovaci\u00f3n en las formas del lenguaje y la expresi\u00f3n visual.<\/li>\n<li>Natura: Reconoce el compromiso con el medio ambiente y sus necesidades.<\/li>\n<li>Humana: Reconoce el compromiso con la sociedad y las singularidades de sus diferencias.<\/li>\n<li>Tecnia: Reconoce el uso original, eficaz y eficiente de las tecnolog\u00edas por el bien de la sociedad y del entorno.<\/li>\n<li>Proyecta: Reconoce el proyecto que aglutina de una forma m\u00e1s compensada todos los aspectos anteriores.<\/li>\n<\/ul>\n","protected":false},"excerpt":{"rendered":"<p>El Colegio Oficial de Dise\u00f1o Gr\u00e1fico de Catalunya nace en 2004, como consecuencia de una ley del Parlament de Catalunya de 2003, y de la mano de las asociaciones entonces existentes y que exig\u00edan su creaci\u00f3n para consolidar y promover el dise\u00f1o gr\u00e1fico como factor esencial y transversal para el conjunto de la ciudadan\u00eda. Es una entidad de derecho p\u00fablico, neutral y sin \u00e1nimo de lucro que determina, defiende y clarifica los intereses globales de la disciplina de la comunicaci\u00f3n visual y del dise\u00f1o gr\u00e1fico, tanto para los profesionales como para los usuarios. Jes\u00fas Del Hoyo es decano de este<\/p>\n","protected":false},"author":83,"featured_media":19064,"comment_status":"open","ping_status":"closed","sticky":false,"template":"","format":"standard","meta":[],"categories":[342],"tags":[],"_links":{"self":[{"href":"https:\/\/www.pimealdia.org\/es\/wp-json\/wp\/v2\/posts\/19066"}],"collection":[{"href":"https:\/\/www.pimealdia.org\/es\/wp-json\/wp\/v2\/posts"}],"about":[{"href":"https:\/\/www.pimealdia.org\/es\/wp-json\/wp\/v2\/types\/post"}],"author":[{"embeddable":true,"href":"https:\/\/www.pimealdia.org\/es\/wp-json\/wp\/v2\/users\/83"}],"replies":[{"embeddable":true,"href":"https:\/\/www.pimealdia.org\/es\/wp-json\/wp\/v2\/comments?post=19066"}],"version-history":[{"count":2,"href":"https:\/\/www.pimealdia.org\/es\/wp-json\/wp\/v2\/posts\/19066\/revisions"}],"predecessor-version":[{"id":19094,"href":"https:\/\/www.pimealdia.org\/es\/wp-json\/wp\/v2\/posts\/19066\/revisions\/19094"}],"wp:featuredmedia":[{"embeddable":true,"href":"https:\/\/www.pimealdia.org\/es\/wp-json\/wp\/v2\/media\/19064"}],"wp:attachment":[{"href":"https:\/\/www.pimealdia.org\/es\/wp-json\/wp\/v2\/media?parent=19066"}],"wp:term":[{"taxonomy":"category","embeddable":true,"href":"https:\/\/www.pimealdia.org\/es\/wp-json\/wp\/v2\/categories?post=19066"},{"taxonomy":"post_tag","embeddable":true,"href":"https:\/\/www.pimealdia.org\/es\/wp-json\/wp\/v2\/tags?post=19066"}],"curies":[{"name":"wp","href":"https:\/\/api.w.org\/{rel}","templated":true}]}}