{"id":19946,"date":"2019-05-28T10:38:52","date_gmt":"2019-05-28T08:38:52","guid":{"rendered":"https:\/\/www.pimealdia.org\/?p=19946\/"},"modified":"2019-05-28T11:01:46","modified_gmt":"2019-05-28T09:01:46","slug":"que-debe-hacer-tu-empresa-para-proteger-los-datos-personales","status":"publish","type":"post","link":"https:\/\/www.pimealdia.org\/es\/que-debe-hacer-tu-empresa-para-proteger-los-datos-personales\/","title":{"rendered":"\u00bfQu\u00e9 debe hacer tu empresa para proteger los datos personales?"},"content":{"rendered":"<p>El pasado s\u00e1bado 25 de mayo se cumpli\u00f3 un a\u00f1o de la aplicaci\u00f3n del Reglamento europeo General de Protecci\u00f3n de Datos (RGPD). Este hecho ha supuesto un aut\u00e9ntico tsunami normativo en toda la Uni\u00f3n Europea y nuevas obligaciones para las empresas que pertenecen a la misma.<\/p>\n<p>En estos momentos las empresas se encuentran ante la necesidad de analizar y revisar los nuevos requerimientos en relaci\u00f3n a la protecci\u00f3n de la informaci\u00f3n de car\u00e1cter personal. Hablamos tanto de proteger los datos no automatizados (papel) como de datos automatizados (inform\u00e1ticos\/digitales).<\/p>\n<p>La informaci\u00f3n personal no es propiedad de la empresa. Aunque los datos est\u00e9n en nuestros archivos, cajones, ordenadores o servidores inform\u00e1ticos, solo tenemos la posesi\u00f3n temporal de los mismos para conseguir una finalidad espec\u00edfica. No podemos disponer de los datos seg\u00fan nuestras necesidades sin pedir permiso. Se tiene que informar y recoger el consentimiento de los afectados para poder tratarlos legalmente sin exponernos a ser sancionados.<\/p>\n<p><img loading=\"lazy\" class=\"size-medium wp-image-19943 alignright\" src=\"https:\/\/www.pimealdia.org\/wp-content\/uploads\/2019\/05\/pexels-photo-2084974-300x200.jpeg\" alt=\"\" width=\"300\" height=\"200\" srcset=\"https:\/\/www.pimealdia.org\/wp-content\/uploads\/2019\/05\/pexels-photo-2084974-300x200.jpeg 300w, https:\/\/www.pimealdia.org\/wp-content\/uploads\/2019\/05\/pexels-photo-2084974-1024x683.jpeg 1024w, https:\/\/www.pimealdia.org\/wp-content\/uploads\/2019\/05\/pexels-photo-2084974-1000x667.jpeg 1000w, https:\/\/www.pimealdia.org\/wp-content\/uploads\/2019\/05\/pexels-photo-2084974-800x533.jpeg 800w, https:\/\/www.pimealdia.org\/wp-content\/uploads\/2019\/05\/pexels-photo-2084974-600x400.jpeg 600w, https:\/\/www.pimealdia.org\/wp-content\/uploads\/2019\/05\/pexels-photo-2084974-400x267.jpeg 400w\" sizes=\"(max-width: 300px) 100vw, 300px\" \/>Internamente, existe un efecto positivo colateral al implementar la normativa. El hecho de configurar nuevos protocolos en nuestro negocio para adaptarnos a la normativa de protecci\u00f3n de datos personales nos servir\u00e1 para ser m\u00e1s eficientes en la defensa y protecci\u00f3n de activos intangibles fundamentales de nuestra mercantil. Por ejemplo, me refiero al fondo de comercio, creaciones intelectuales, know-how, etc.<\/p>\n<p>A nivel externo, la buena imagen que reciben los terceros que se relacionan con nuestra entidad cuando perciben que estamos adaptados a la\u00a0LOPDGDD\u00a0y al\u00a0RGPD, es un valor a\u00f1adido. De hecho, ya aparece esta obligaci\u00f3n como un requisito para poder optar a adjudicaciones en algunas licitaciones p\u00fablicas.<\/p>\n<p>Para tratar leg\u00edtimamente los datos, minimizar el riesgo de sanci\u00f3n, aumentar la calidad de nuestra imagen empresarial y proteger con m\u00e1s seguridad los activos intangibles, es recomendable que su entidad realice una valoraci\u00f3n de la aplicaci\u00f3n de las obligaciones de protecci\u00f3n de datos requeridas por la normativa europea y espa\u00f1ola, entre las cuales destacamos:<\/p>\n<ul>\n<li>Auditor\u00eda y an\u00e1lisis de riesgos de los tratamientos llevados a cabo por su entidad.<\/li>\n<li>Legitimaci\u00f3n de los tratamientos de datos personales.<\/li>\n<li>An\u00e1lisis de las \u201cfuentes\u201d de recogida de datos efectuada por su entidad.<\/li>\n<li>Elaboraci\u00f3n de documentaci\u00f3n interna de protecci\u00f3n de datos como, por ejemplo, el Manual de Protecci\u00f3n de Datos con las normas de seguridad de privacidad que tienen que conocer todos los trabajadores.<\/li>\n<li>Redacci\u00f3n de los anexos contractuales de protecci\u00f3n de datos con proveedores.<\/li>\n<li>An\u00e1lisis sobre la necesidad de denominar un Delegado de Protecci\u00f3n de Datos.<\/li>\n<li>Estudio y an\u00e1lisis en relaci\u00f3n con sus BBDD y comunicaciones comerciales.<\/li>\n<\/ul>\n<p>Alberto Cuesta.<\/p>\n<p>Abogado y auditor de entornos tecnol\u00f3gicos\u00a0URECA-Legal.<\/p>\n","protected":false},"excerpt":{"rendered":"<p>El pasado s\u00e1bado 25 de mayo se cumpli\u00f3 un a\u00f1o de la aplicaci\u00f3n del Reglamento europeo General de Protecci\u00f3n de Datos (RGPD). Este hecho ha supuesto un aut\u00e9ntico tsunami normativo en toda la Uni\u00f3n Europea y nuevas obligaciones para las empresas que pertenecen a la misma. En estos momentos las empresas se encuentran ante la necesidad de analizar y revisar los nuevos requerimientos en relaci\u00f3n a la protecci\u00f3n de la informaci\u00f3n de car\u00e1cter personal. Hablamos tanto de proteger los datos no automatizados (papel) como de datos automatizados (inform\u00e1ticos\/digitales). La informaci\u00f3n personal no es propiedad de la empresa. Aunque los datos<\/p>\n","protected":false},"author":104,"featured_media":19942,"comment_status":"open","ping_status":"closed","sticky":false,"template":"","format":"standard","meta":[],"categories":[330],"tags":[],"_links":{"self":[{"href":"https:\/\/www.pimealdia.org\/es\/wp-json\/wp\/v2\/posts\/19946"}],"collection":[{"href":"https:\/\/www.pimealdia.org\/es\/wp-json\/wp\/v2\/posts"}],"about":[{"href":"https:\/\/www.pimealdia.org\/es\/wp-json\/wp\/v2\/types\/post"}],"author":[{"embeddable":true,"href":"https:\/\/www.pimealdia.org\/es\/wp-json\/wp\/v2\/users\/104"}],"replies":[{"embeddable":true,"href":"https:\/\/www.pimealdia.org\/es\/wp-json\/wp\/v2\/comments?post=19946"}],"version-history":[{"count":2,"href":"https:\/\/www.pimealdia.org\/es\/wp-json\/wp\/v2\/posts\/19946\/revisions"}],"predecessor-version":[{"id":19949,"href":"https:\/\/www.pimealdia.org\/es\/wp-json\/wp\/v2\/posts\/19946\/revisions\/19949"}],"wp:featuredmedia":[{"embeddable":true,"href":"https:\/\/www.pimealdia.org\/es\/wp-json\/wp\/v2\/media\/19942"}],"wp:attachment":[{"href":"https:\/\/www.pimealdia.org\/es\/wp-json\/wp\/v2\/media?parent=19946"}],"wp:term":[{"taxonomy":"category","embeddable":true,"href":"https:\/\/www.pimealdia.org\/es\/wp-json\/wp\/v2\/categories?post=19946"},{"taxonomy":"post_tag","embeddable":true,"href":"https:\/\/www.pimealdia.org\/es\/wp-json\/wp\/v2\/tags?post=19946"}],"curies":[{"name":"wp","href":"https:\/\/api.w.org\/{rel}","templated":true}]}}