{"id":20207,"date":"2019-06-06T11:04:14","date_gmt":"2019-06-06T09:04:14","guid":{"rendered":"https:\/\/www.pimealdia.org\/?p=20207\/"},"modified":"2019-06-06T11:04:43","modified_gmt":"2019-06-06T09:04:43","slug":"mirada-profesional-que-hay-detras-oficina-farmacia","status":"publish","type":"post","link":"https:\/\/www.pimealdia.org\/es\/mirada-profesional-que-hay-detras-oficina-farmacia\/","title":{"rendered":"Una mirada al profesional que hay detr\u00e1s de una oficina de farmacia"},"content":{"rendered":"<p>Entrevista a Antoni Torres, presidente de la Federaci\u00f3n de Asociaciones de Farmacias de Catalunya (FEFAC).<\/p>\n<p><strong><img loading=\"lazy\" class=\"size-medium wp-image-20201 alignleft\" src=\"https:\/\/www.pimealdia.org\/wp-content\/uploads\/2019\/06\/Antonio-Torres-FEFAC-221x300.jpg\" alt=\"\" width=\"221\" height=\"300\" srcset=\"https:\/\/www.pimealdia.org\/wp-content\/uploads\/2019\/06\/Antonio-Torres-FEFAC-221x300.jpg 221w, https:\/\/www.pimealdia.org\/wp-content\/uploads\/2019\/06\/Antonio-Torres-FEFAC-755x1024.jpg 755w, https:\/\/www.pimealdia.org\/wp-content\/uploads\/2019\/06\/Antonio-Torres-FEFAC-590x800.jpg 590w, https:\/\/www.pimealdia.org\/wp-content\/uploads\/2019\/06\/Antonio-Torres-FEFAC-442x600.jpg 442w, https:\/\/www.pimealdia.org\/wp-content\/uploads\/2019\/06\/Antonio-Torres-FEFAC-295x400.jpg 295w, https:\/\/www.pimealdia.org\/wp-content\/uploads\/2019\/06\/Antonio-Torres-FEFAC.jpg 1916w\" sizes=\"(max-width: 221px) 100vw, 221px\" \/>\u00bfCu\u00e1l es la importancia de la figura del aut\u00f3nomo en el sector de farmacias?<\/strong><\/p>\n<p>La figura del aut\u00f3nomo tiene una importancia absoluta en nuestro sector, dado que, en el marco de la normativa legal vigente aplicable a la naturaleza y condiciones de los titulares de oficina de farmacia, constituye un requisito esencial ser una persona f\u00edsica y, adem\u00e1s, licenciada en farmacia, para ser titular de un establecimiento del sector.<\/p>\n<p><strong>\u00bfQu\u00e9 problem\u00e1ticas afectan a los aut\u00f3nomos del sector de farmacias?<\/strong><\/p>\n<p>Todas las que suelen afectar al resto de los aut\u00f3nomos, independientemente del sector al que pertenezcan; en particular, las que afectan a la mujer aut\u00f3noma, dado que su porcentaje es muy mayoritario en nuestro \u00e1mbito. Espec\u00edficamente, y muy especialmente, la problem\u00e1tica fiscal, puesto que los farmac\u00e9uticos titulares, al tener que ser aut\u00f3nomos y tributar como personas f\u00edsicas, no pueden disfrutar de ning\u00fan tipo de figura societaria. Al repercutir en los porcentajes de impuestos a abonar, la normativa espec\u00edfica sanitaria prevalece sobre la fiscal y mercantil.<\/p>\n<p><strong>\u00bfCu\u00e1les son las principales l\u00edneas de actuaci\u00f3n de la Federaci\u00f3n?\u00a0<\/strong><\/p>\n<p>Es fundamental estar presente en todas las comisiones que negocian todo aquello que afecta a los titulares de oficina comunitaria; este aspecto lo defendemos bajo el paraguas de Aut\u00f3nomos\u00a0PIMEC, de la que formamos parte a trav\u00e9s de su Junta Directiva. La uni\u00f3n de los aut\u00f3nomos fue esencial para hacer realidad -defendiendo los intereses y cubriendo las necesidades de este colectivo- la cobertura de la baja por maternidad para las mujeres, teniendo en cuenta que el 70% de las farmac\u00e9uticas titulares son mujeres.<\/p>\n<p>Las farmacias somos tambi\u00e9n peque\u00f1as o medianas microempresas y, por tanto, es\u00a0PIMEC\u00a0quien defiende nuestros intereses y procura regulaciones que tengan presentes nuestras caracter\u00edsticas. El reciente acuerdo entre\u00a0PIMEC (micro, peque\u00f1as y medianas empresas) y Fomento (grandes empresas) despu\u00e9s de 12 a\u00f1os de litigios judiciales, determina que la representatividad empresarial es, por primera vez, del 50%, declarando a ambas entidades en exclusiva como m\u00e1s representativas, lo que resulta fundamental para acabar con la discriminaci\u00f3n de las pymes frente a las grandes empresas en todos los \u00e1mbitos.<\/p>\n<p><strong><img loading=\"lazy\" class=\"size-medium wp-image-20203 alignright\" src=\"https:\/\/www.pimealdia.org\/wp-content\/uploads\/2019\/06\/apothecary-159037_960_720-300x300.png\" alt=\"\" width=\"300\" height=\"300\" srcset=\"https:\/\/www.pimealdia.org\/wp-content\/uploads\/2019\/06\/apothecary-159037_960_720-300x300.png 300w, https:\/\/www.pimealdia.org\/wp-content\/uploads\/2019\/06\/apothecary-159037_960_720-150x150.png 150w, https:\/\/www.pimealdia.org\/wp-content\/uploads\/2019\/06\/apothecary-159037_960_720-600x600.png 600w, https:\/\/www.pimealdia.org\/wp-content\/uploads\/2019\/06\/apothecary-159037_960_720-400x400.png 400w, https:\/\/www.pimealdia.org\/wp-content\/uploads\/2019\/06\/apothecary-159037_960_720-100x100.png 100w, https:\/\/www.pimealdia.org\/wp-content\/uploads\/2019\/06\/apothecary-159037_960_720-50x50.png 50w, https:\/\/www.pimealdia.org\/wp-content\/uploads\/2019\/06\/apothecary-159037_960_720.png 720w\" sizes=\"(max-width: 300px) 100vw, 300px\" \/>\u00bfCu\u00e1les son los retos m\u00e1s relevantes que tiene planteados la profesi\u00f3n? \u00bfC\u00f3mo actuar\u00e1 la Federaci\u00f3n?<\/strong><\/p>\n<p>La digitalizaci\u00f3n es uno de los grandes retos. A pesar de haber realizado una gran tarea pasando de la gesti\u00f3n manual a la receta electr\u00f3nica, los farmac\u00e9uticos tenemos por delante el reto de conseguir que la comunicaci\u00f3n en red de las farmacias nos permita aportar valor y servicios mediante una mejor comunicaci\u00f3n entre los profesionales de la salud como son los m\u00e9dicos, los enfermeros y las farmacias, y el sistema sanitario, con el objetivo de ofrecer al ciudadano los resultados m\u00e1s eficientes posibles a trav\u00e9s de la participaci\u00f3n de todos los profesionales.<\/p>\n<p>Otro de los grandes retos es hacer frente a la situaci\u00f3n econ\u00f3mica actual, relacionada con el importante y continuo descenso del precio del medicamento, que provoca menos ingresos, mientras que los gastos se incrementan porque nuestros equipos est\u00e1n formados por profesionales universitarios o t\u00e9cnicos graduados.<\/p>\n<p>Por \u00faltimo, tenemos el reto de ser capaces de mantener la proximidad y la confianza hist\u00f3rica del farmac\u00e9utico, ahora con una poblaci\u00f3n cada vez m\u00e1s envejecida, cr\u00f3nica y dependiente, y simult\u00e1neamente relacionarnos con las personas sanas que cada vez quieren cuidarse m\u00e1s y piden una mayor atenci\u00f3n y asesoramiento sin perder el control y garantizando el buen uso del medicamento que otorga la farmacia.<\/p>\n<p>Desde la Federaci\u00f3n creemos que las farmacias est\u00e1n preparadas para cualquier cambio, y as\u00ed lo han demostrado a lo largo del tiempo. Hemos sido siempre uno de los sectores que m\u00e1s cambios trascendentes ha tenido que afrontar: del medicamento no industrializado al industrializado; de la gesti\u00f3n manual a la receta electr\u00f3nica; de dar servicio a una sociedad pr\u00f3xima a dar servicio a una sociedad global. Actuamos y continuaremos actuando sin perder nunca la calidad del servicio y manteniendo siempre la valoraci\u00f3n alt\u00edsima que el ciudadano tiene de la oficina de farmacia, fieles al principio de que la salud es lo primero y de que el medicamento no es un bien de consumo m\u00e1s, sino una herramienta m\u00e1s para la salud de las personas. Como tal, debe mantenerse siempre bajo el control y responsabilidad del farmac\u00e9utico como profesional m\u00e1s pr\u00f3ximo y accesible, en much\u00edsimos casos el primer y \u00faltimo punto de contacto con el sistema de salud.<\/p>\n","protected":false},"excerpt":{"rendered":"<p>Entrevista a Antoni Torres, presidente de la Federaci\u00f3n de Asociaciones de Farmacias de Catalunya (FEFAC). \u00bfCu\u00e1l es la importancia de la figura del aut\u00f3nomo en el sector de farmacias? La figura del aut\u00f3nomo tiene una importancia absoluta en nuestro sector, dado que, en el marco de la normativa legal vigente aplicable a la naturaleza y condiciones de los titulares de oficina de farmacia, constituye un requisito esencial ser una persona f\u00edsica y, adem\u00e1s, licenciada en farmacia, para ser titular de un establecimiento del sector. \u00bfQu\u00e9 problem\u00e1ticas afectan a los aut\u00f3nomos del sector de farmacias? Todas las que suelen afectar al<\/p>\n","protected":false},"author":30,"featured_media":20200,"comment_status":"open","ping_status":"closed","sticky":false,"template":"","format":"standard","meta":[],"categories":[342],"tags":[],"_links":{"self":[{"href":"https:\/\/www.pimealdia.org\/es\/wp-json\/wp\/v2\/posts\/20207"}],"collection":[{"href":"https:\/\/www.pimealdia.org\/es\/wp-json\/wp\/v2\/posts"}],"about":[{"href":"https:\/\/www.pimealdia.org\/es\/wp-json\/wp\/v2\/types\/post"}],"author":[{"embeddable":true,"href":"https:\/\/www.pimealdia.org\/es\/wp-json\/wp\/v2\/users\/30"}],"replies":[{"embeddable":true,"href":"https:\/\/www.pimealdia.org\/es\/wp-json\/wp\/v2\/comments?post=20207"}],"version-history":[{"count":1,"href":"https:\/\/www.pimealdia.org\/es\/wp-json\/wp\/v2\/posts\/20207\/revisions"}],"predecessor-version":[{"id":20208,"href":"https:\/\/www.pimealdia.org\/es\/wp-json\/wp\/v2\/posts\/20207\/revisions\/20208"}],"wp:featuredmedia":[{"embeddable":true,"href":"https:\/\/www.pimealdia.org\/es\/wp-json\/wp\/v2\/media\/20200"}],"wp:attachment":[{"href":"https:\/\/www.pimealdia.org\/es\/wp-json\/wp\/v2\/media?parent=20207"}],"wp:term":[{"taxonomy":"category","embeddable":true,"href":"https:\/\/www.pimealdia.org\/es\/wp-json\/wp\/v2\/categories?post=20207"},{"taxonomy":"post_tag","embeddable":true,"href":"https:\/\/www.pimealdia.org\/es\/wp-json\/wp\/v2\/tags?post=20207"}],"curies":[{"name":"wp","href":"https:\/\/api.w.org\/{rel}","templated":true}]}}