{"id":20786,"date":"2019-06-27T14:01:51","date_gmt":"2019-06-27T12:01:51","guid":{"rendered":"https:\/\/www.pimealdia.org\/?p=20786\/"},"modified":"2019-06-27T14:02:19","modified_gmt":"2019-06-27T12:02:19","slug":"registro-jornada-laboral-nuevo-reto-las-empresas","status":"publish","type":"post","link":"https:\/\/www.pimealdia.org\/es\/registro-jornada-laboral-nuevo-reto-las-empresas\/","title":{"rendered":"El registro de la jornada laboral; nuevo reto de las empresas"},"content":{"rendered":"<p>El pasado 12 de mayo entr\u00f3 en vigor la obligaci\u00f3n contenida en el Cap\u00edtulo III del Real Decreto 8\/2019, de 8 de marzo, de medidas urgentes de protecci\u00f3n social y de lucha contra la precariedad laboral en la jornada de trabajo, por la que <strong>todas las empresas est\u00e1n obligadas a establecer un sistema de registro diario de la jornada laboral.\u00a0<\/strong><\/p>\n<p>Esta nueva regulaci\u00f3n pretende implementar en nuestra normativa <strong>medidas de lucha contra la precariedad en la jornada laboral<\/strong>, estableciendo un marco jur\u00eddico que permite que, tanto empresas como personas trabajadoras, tengan constancia del tiempo de trabajo efectivo y de sus prolongaciones, lo que incide de manera directa en la conciliaci\u00f3n de la vida laboral y familiar, el salario y las cotizaciones de los profesionales.<\/p>\n<p><img loading=\"lazy\" class=\"size-medium wp-image-20783 alignright\" src=\"https:\/\/www.pimealdia.org\/wp-content\/uploads\/2019\/06\/pexels-photo-1893527-300x208.jpeg\" alt=\"\" width=\"300\" height=\"208\" srcset=\"https:\/\/www.pimealdia.org\/wp-content\/uploads\/2019\/06\/pexels-photo-1893527-300x208.jpeg 300w, https:\/\/www.pimealdia.org\/wp-content\/uploads\/2019\/06\/pexels-photo-1893527-1024x710.jpeg 1024w, https:\/\/www.pimealdia.org\/wp-content\/uploads\/2019\/06\/pexels-photo-1893527-1000x694.jpeg 1000w, https:\/\/www.pimealdia.org\/wp-content\/uploads\/2019\/06\/pexels-photo-1893527-800x555.jpeg 800w, https:\/\/www.pimealdia.org\/wp-content\/uploads\/2019\/06\/pexels-photo-1893527-600x416.jpeg 600w, https:\/\/www.pimealdia.org\/wp-content\/uploads\/2019\/06\/pexels-photo-1893527-400x278.jpeg 400w\" sizes=\"(max-width: 300px) 100vw, 300px\" \/>Las empresas han contado \u00fanicamente con dos meses para aplicar esta medida desde la entrada en vigor del Real Decreto Ley, debiendo disponer desde el pasado 12 de mayo de los medios suficientes para cumplir con la obligaci\u00f3n, lo que ha supuesto a las empresas un inevitable incremento de los costes. En comparaci\u00f3n con las grandes compa\u00f1\u00edas, la implantaci\u00f3n de un sistema de registro horario en las micro, peque\u00f1as y medianas empresas est\u00e1 suponiendo una gran inversi\u00f3n de esfuerzo pedag\u00f3gico, de tiempo y de recursos econ\u00f3micos.<\/p>\n<p>En este contexto, desde\u00a0PIMEC, como patronal que representa y defiende los intereses de los aut\u00f3nomos y de las pymes de Catalunya, se ha puesto en marcha una <a href=\"https:\/\/www.pimec.org\/ca\/pimes-autonoms\/serveis\/tecnologia-innovacio\/pimeciaccesos\">plataforma online<\/a> gratuita destinada a sus socios con el objetivo de facilitar el correcto cumplimiento de esta medida. Con esta herramienta, que es una aplicaci\u00f3n tecnol\u00f3gica 100%\u00a0Cloud,\u00a0PIMEC\u00a0da respuesta a las m\u00faltiples peticiones que desde la publicaci\u00f3n de la nueva ley los empresarios han formulado a la patronal.<\/p>\n<p><img loading=\"lazy\" class=\"size-medium wp-image-20781 alignleft\" src=\"https:\/\/www.pimealdia.org\/wp-content\/uploads\/2019\/06\/pexels-photo-295826-300x226.jpeg\" alt=\"\" width=\"300\" height=\"226\" srcset=\"https:\/\/www.pimealdia.org\/wp-content\/uploads\/2019\/06\/pexels-photo-295826-300x226.jpeg 300w, https:\/\/www.pimealdia.org\/wp-content\/uploads\/2019\/06\/pexels-photo-295826-1024x771.jpeg 1024w, https:\/\/www.pimealdia.org\/wp-content\/uploads\/2019\/06\/pexels-photo-295826-1000x753.jpeg 1000w, https:\/\/www.pimealdia.org\/wp-content\/uploads\/2019\/06\/pexels-photo-295826-800x602.jpeg 800w, https:\/\/www.pimealdia.org\/wp-content\/uploads\/2019\/06\/pexels-photo-295826-600x452.jpeg 600w, https:\/\/www.pimealdia.org\/wp-content\/uploads\/2019\/06\/pexels-photo-295826-400x301.jpeg 400w, https:\/\/www.pimealdia.org\/wp-content\/uploads\/2019\/06\/pexels-photo-295826.jpeg 1993w\" sizes=\"(max-width: 300px) 100vw, 300px\" \/>Es importante destacar que durante las distintas jornadas y formaciones sobre esta cuesti\u00f3n celebradas en la sede de\u00a0PIMEC, desde Inspecci\u00f3n de Trabajo y Seguridad Social se ha trasladado que, con esta medida, lo que se pretende no es proporcionar a la empresa nuevas medidas de control sobre la jornada laboral de las personas trabajadoras, sino dotar a \u00e9stas, as\u00ed como a la propia Inspecci\u00f3n de Trabajo y Seguridad Social, de los elementos que permitan detectar y acreditar la existencia de extralimitaciones horarias, as\u00ed como la falta de pago y cotizaci\u00f3n de dichos excesos.<\/p>\n<p>Por este motivo, <strong>todas las empresas deben ser conscientes de la importancia de la aplicaci\u00f3n rigurosa y correcta de esta medida, estableciendo los sistemas de registro mediante la autorregulaci\u00f3n (negociaci\u00f3n y consulta), pero cumpliendo con los requisitos legalmente establecidos para dotarlos de validez.<\/strong><\/p>\n<p>Conscientes de las dificultades que muchas pymes han tenido a la hora de implantar un sistema de registro horario para cumplir la nueva ley,\u00a0PIMEC\u00a0continuar\u00e1 ayudando y asesorando a las empresas y seguir\u00e1 planteando <strong>propuestas a la administraci\u00f3n p\u00fablica para que la regulaci\u00f3n normativa tenga en cuenta las circunstancias y caracter\u00edsticas propias de las micro, peque\u00f1as y medianas empresas.<\/strong><\/p>\n<p><em>Guillem\u00a0\u00c0ngeles<br \/>\n<\/em><em>Abogado laboralista de PIMEC<\/em><\/p>\n","protected":false},"excerpt":{"rendered":"<p>El pasado 12 de mayo entr\u00f3 en vigor la obligaci\u00f3n contenida en el Cap\u00edtulo III del Real Decreto 8\/2019, de 8 de marzo, de medidas urgentes de protecci\u00f3n social y de lucha contra la precariedad laboral en la jornada de trabajo, por la que todas las empresas est\u00e1n obligadas a establecer un sistema de registro diario de la jornada laboral.\u00a0 Esta nueva regulaci\u00f3n pretende implementar en nuestra normativa medidas de lucha contra la precariedad en la jornada laboral, estableciendo un marco jur\u00eddico que permite que, tanto empresas como personas trabajadoras, tengan constancia del tiempo de trabajo efectivo y de sus<\/p>\n","protected":false},"author":107,"featured_media":20780,"comment_status":"open","ping_status":"closed","sticky":false,"template":"","format":"standard","meta":[],"categories":[342],"tags":[],"_links":{"self":[{"href":"https:\/\/www.pimealdia.org\/es\/wp-json\/wp\/v2\/posts\/20786"}],"collection":[{"href":"https:\/\/www.pimealdia.org\/es\/wp-json\/wp\/v2\/posts"}],"about":[{"href":"https:\/\/www.pimealdia.org\/es\/wp-json\/wp\/v2\/types\/post"}],"author":[{"embeddable":true,"href":"https:\/\/www.pimealdia.org\/es\/wp-json\/wp\/v2\/users\/107"}],"replies":[{"embeddable":true,"href":"https:\/\/www.pimealdia.org\/es\/wp-json\/wp\/v2\/comments?post=20786"}],"version-history":[{"count":1,"href":"https:\/\/www.pimealdia.org\/es\/wp-json\/wp\/v2\/posts\/20786\/revisions"}],"predecessor-version":[{"id":20787,"href":"https:\/\/www.pimealdia.org\/es\/wp-json\/wp\/v2\/posts\/20786\/revisions\/20787"}],"wp:featuredmedia":[{"embeddable":true,"href":"https:\/\/www.pimealdia.org\/es\/wp-json\/wp\/v2\/media\/20780"}],"wp:attachment":[{"href":"https:\/\/www.pimealdia.org\/es\/wp-json\/wp\/v2\/media?parent=20786"}],"wp:term":[{"taxonomy":"category","embeddable":true,"href":"https:\/\/www.pimealdia.org\/es\/wp-json\/wp\/v2\/categories?post=20786"},{"taxonomy":"post_tag","embeddable":true,"href":"https:\/\/www.pimealdia.org\/es\/wp-json\/wp\/v2\/tags?post=20786"}],"curies":[{"name":"wp","href":"https:\/\/api.w.org\/{rel}","templated":true}]}}