{"id":22541,"date":"2019-10-29T10:44:37","date_gmt":"2019-10-29T08:44:37","guid":{"rendered":"https:\/\/www.pimealdia.org\/?p=22541\/"},"modified":"2020-01-24T10:01:38","modified_gmt":"2020-01-24T08:01:38","slug":"jubilacion-y-envejecimiento-activo-autonomos-2019","status":"publish","type":"post","link":"https:\/\/www.pimealdia.org\/es\/jubilacion-y-envejecimiento-activo-autonomos-2019\/","title":{"rendered":"Jubilaci\u00f3n y envejecimiento activo: Aut\u00f3nomos 2019"},"content":{"rendered":"<p>En el a\u00f1o 2019 se han producido numerosas novedades en el \u00e1mbito de la pensi\u00f3n p\u00fablica. Algunas de ellas, derivadas de la aplicaci\u00f3n de la Ley 27\/2011, que modifica gradualmente las condiciones de acceso a la jubilaci\u00f3n. En este art\u00edculo repasamos c\u00f3mo podemos acceder\u00a0a ella y\u00a0a qu\u00e9 tipo de jubilaci\u00f3n podemos optar.<\/p>\n<p><strong><u>Acceso<br \/>\n<\/u><\/strong><\/p>\n<p>Como norma general, para acceder a la prestaci\u00f3n de jubilaci\u00f3n en 2019 se requiere que el beneficiario tenga cotizados 15 a\u00f1os, como falta gen\u00e9rica, de los cuales 2 a\u00f1os, como falta espec\u00edfica, deben estar comprendidos dentro de los \u00faltimos 15 a\u00f1os previos a la edad ordinaria de jubilaci\u00f3n.<\/p>\n<p>Cumplidos estos dos requisitos, en 2019, la edad ordinaria de jubilaci\u00f3n es de:<\/p>\n<ul>\n<li>Aquellos beneficiarios que tengan 36 a\u00f1os y 9 meses o m\u00e1s (37 a\u00f1os para el 2020) de cotizaci\u00f3n podr\u00e1n acceder a la jubilaci\u00f3n a la edad ordinaria de 65 a\u00f1os.<\/li>\n<li>Para aquellos beneficiarios que tengan cotizados menos de 36 a\u00f1os y 9 meses (37 a\u00f1os para el 2020), la edad ordinaria de jubilaci\u00f3n ser\u00e1 de 65 a\u00f1os y 8 meses (65 a\u00f1os y 10 meses para el 2020).<\/li>\n<\/ul>\n<p>Recordamos que la edad de jubilaci\u00f3n se encuentra en fase de incremento gradual desde los 65 hasta los 67 a\u00f1os (2027). A partir del 2027 podr\u00e1n jubilarse con 65 a\u00f1os quienes coticen al menos 38 y 6 meses.<\/p>\n<p><img loading=\"lazy\" class=\"size-medium wp-image-22534 alignleft\" src=\"https:\/\/www.pimealdia.org\/wp-content\/uploads\/2019\/10\/purse-1359848_960_720-300x169.jpg\" alt=\"\" width=\"300\" height=\"169\" srcset=\"https:\/\/www.pimealdia.org\/wp-content\/uploads\/2019\/10\/purse-1359848_960_720-300x169.jpg 300w, https:\/\/www.pimealdia.org\/wp-content\/uploads\/2019\/10\/purse-1359848_960_720-800x450.jpg 800w, https:\/\/www.pimealdia.org\/wp-content\/uploads\/2019\/10\/purse-1359848_960_720-600x338.jpg 600w, https:\/\/www.pimealdia.org\/wp-content\/uploads\/2019\/10\/purse-1359848_960_720-400x225.jpg 400w, https:\/\/www.pimealdia.org\/wp-content\/uploads\/2019\/10\/purse-1359848_960_720.jpg 960w\" sizes=\"(max-width: 300px) 100vw, 300px\" \/>Hay que recordar que, para el c\u00e1lculo de la prestaci\u00f3n, el periodo de cotizaci\u00f3n con el que se calcula la base reguladora de la pensi\u00f3n de jubilaci\u00f3n se encuentra en fase de incremento gradual; en el 2019 se toman como referencia los \u00faltimos 22 a\u00f1os y para 2027 se deber\u00e1n tener en cuenta los \u00faltimos 25 a\u00f1os de tu cotizaci\u00f3n.<\/p>\n<p>El a\u00f1o 2019 ser\u00e1 el \u00faltimo en que, para llegar al 100% de la base reguladora (prestaci\u00f3n), se exijan como m\u00ednimo 35 a\u00f1os y 6 meses cotizados. El 2020, pasar\u00e1 a ser requisito haber cotizado al menos 36 a\u00f1os.\u00a0A partir de\u00a02027, los que quieran percibir su pensi\u00f3n \u00edntegra deber\u00e1n cotizar al menos 37 a\u00f1os.<\/p>\n<p><strong>Tipo de jubilaci\u00f3n<\/strong><\/p>\n<p>\u00bfQu\u00e9 tipo de jubilaci\u00f3n est\u00e1 disponible para el aut\u00f3nomo\/aut\u00f3nomo societario?<\/p>\n<p><strong>Jubilaci\u00f3n contributiva<\/strong><\/p>\n<p>La prestaci\u00f3n econ\u00f3mica consiste en una pensi\u00f3n vitalicia que le ser\u00e1 reconocida en las condiciones, cuant\u00eda y forma que se determinen, habiendo alcanzado la edad establecida, cese o no haya cesado en el trabajo por cuenta ajena.<\/p>\n<p>Los requisitos de acceso son los que anteriormente hemos mencionado y adem\u00e1s debe estar al corriente de los pagos.<\/p>\n<p><strong>Jubilaci\u00f3n no contributiva<\/strong><\/p>\n<p>En caso de no cumplir con los requisitos de la modalidad contributiva podr\u00e1s ser beneficiario de la modalidad no contributiva al llegar a la edad legalmente establecida para poder jubilarte.<\/p>\n<p><strong>Jubilaci\u00f3n flexible<\/strong><\/p>\n<p>Una vez el aut\u00f3nomo ha pasado a ser pensionista (jubilado), puede retomar su tarea profesional como trabajador contratado en una empresa a trav\u00e9s de la jubilaci\u00f3n flexible.<\/p>\n<p><img loading=\"lazy\" class=\"size-medium wp-image-22536 alignright\" src=\"https:\/\/www.pimealdia.org\/wp-content\/uploads\/2019\/10\/old-man-1208210_960_720-300x200.jpg\" alt=\"\" width=\"300\" height=\"200\" srcset=\"https:\/\/www.pimealdia.org\/wp-content\/uploads\/2019\/10\/old-man-1208210_960_720-300x200.jpg 300w, https:\/\/www.pimealdia.org\/wp-content\/uploads\/2019\/10\/old-man-1208210_960_720-800x533.jpg 800w, https:\/\/www.pimealdia.org\/wp-content\/uploads\/2019\/10\/old-man-1208210_960_720-600x399.jpg 600w, https:\/\/www.pimealdia.org\/wp-content\/uploads\/2019\/10\/old-man-1208210_960_720-400x266.jpg 400w, https:\/\/www.pimealdia.org\/wp-content\/uploads\/2019\/10\/old-man-1208210_960_720.jpg 960w\" sizes=\"(max-width: 300px) 100vw, 300px\" \/>Se trata de una situaci\u00f3n que permite a un aut\u00f3nomo jubilado compatibilizar su pensi\u00f3n con un contrato laboral siempre que se acrediten los requisitos siguientes:<\/p>\n<ul>\n<li>No pertenecer a los reg\u00edmenes especiales de los funcionarios civiles del Estado, de las Fuerzas Armadas o del personal al servicio de la Administraci\u00f3n de Justicia.<\/li>\n<li>Tener causada la pensi\u00f3n de jubilaci\u00f3n. Es decir, que el beneficiario haya accedido ya a la jubilaci\u00f3n y est\u00e9 recibiendo su correspondiente pensi\u00f3n de la Seguridad Social.<\/li>\n<li>La nueva actividad laboral se debe desarrollar en r\u00e9gimen de tiempo parcial. La normativa estipula que la jornada que realice el jubilado podr\u00e1 ser de entre el 50% y el 75% de la jornada a tiempo completo equivalente que se lleve a cabo en el centro de trabajo en cuesti\u00f3n.<\/li>\n<\/ul>\n<p>El mecanismo, una vez que la Seguridad Social comprueba que el solicitante de la jubilaci\u00f3n flexible cumple todos los requerimientos, es bastante sencillo. El importe de la pensi\u00f3n de jubilaci\u00f3n se reduce de forma proporcional a la jornada laboral que desarrolla el pensionista. Por ejemplo, si el beneficiario trabaja media jornada, su pensi\u00f3n de jubilaci\u00f3n se reducir\u00e1 un 50%.<\/p>\n<p><strong>Jubilaci\u00f3n o envejecimiento activo<\/strong><\/p>\n<p>Esta modalidad est\u00e1 pensada para aut\u00f3nomos que quieren mantener una cierta actividad laboral. Con la jubilaci\u00f3n activa se cobra la mitad de la pensi\u00f3n a la que se tiene derecho en el momento de la jubilaci\u00f3n, mientras se contin\u00faa laboralmente activo. El trabajo compatible con la jubilaci\u00f3n activa podr\u00e1 ser a tiempo completo o parcial. Eso s\u00ed, cuando el contrato acabe, es decir, cuando se produzca el retiro total y definitivo, la persona debe percibir el 100% de la pensi\u00f3n a que tenga derecho.<\/p>\n<p>Para poder optar a esta opci\u00f3n de la jubilaci\u00f3n activa se tienen que cumplir algunos requisitos:<\/p>\n<ul>\n<li>Haber accedido a la pensi\u00f3n a la edad reglamentaria sin bonificaciones<\/li>\n<li>El porcentaje aplicable en la base reguladora a efectos de determinar la cuant\u00eda de la pensi\u00f3n debe llegar al 100%<\/li>\n<li>Las jubilaciones anticipadas o bonificadas por trabajos penosos o t\u00f3xicos quedan, por lo tanto, excluidas<\/li>\n<li>Hay que tener derecho a la pensi\u00f3n completa, bien por tiempo cotizado, bien por haber cumplido la edad ordinaria de jubilaci\u00f3n<\/li>\n<\/ul>\n<p><img loading=\"lazy\" class=\"size-medium wp-image-22538 alignleft\" src=\"https:\/\/www.pimealdia.org\/wp-content\/uploads\/2019\/10\/grandparents-2807673_960_720-300x200.jpg\" alt=\"\" width=\"300\" height=\"200\" srcset=\"https:\/\/www.pimealdia.org\/wp-content\/uploads\/2019\/10\/grandparents-2807673_960_720-300x200.jpg 300w, https:\/\/www.pimealdia.org\/wp-content\/uploads\/2019\/10\/grandparents-2807673_960_720-800x533.jpg 800w, https:\/\/www.pimealdia.org\/wp-content\/uploads\/2019\/10\/grandparents-2807673_960_720-600x400.jpg 600w, https:\/\/www.pimealdia.org\/wp-content\/uploads\/2019\/10\/grandparents-2807673_960_720-400x267.jpg 400w, https:\/\/www.pimealdia.org\/wp-content\/uploads\/2019\/10\/grandparents-2807673_960_720.jpg 960w\" sizes=\"(max-width: 300px) 100vw, 300px\" \/>La cuant\u00eda de la pensi\u00f3n de jubilaci\u00f3n compatible con el trabajo ser\u00e1 equivalente al 50% del importe resultante en el reconocimiento inicial, excluido, en todo caso, el complemento por m\u00ednimos, cualquiera que sea la jornada laboral o la actividad que realice el pensionista. No obstante, si la actividad se realiza por cuenta propia y se acredita tener contratado, al menos, a un trabajador por cuenta ajena, la cuant\u00eda de la pensi\u00f3n compatible con el trabajo ser\u00e1 del 100%.<\/p>\n<p><strong>Envejecimiento activo del aut\u00f3nomo societario<\/strong><\/p>\n<p>Cuando el aut\u00f3nomo ejerce el cargo de administrador de una empresa con forma de sociedad los criterios son complicados y en ocasiones parecen contradictorios.<\/p>\n<p>Para la Seguridad Social, el aut\u00f3nomo societario no podr\u00e1 contabilizar el 100%. Esto es as\u00ed porque, para la Seguridad Social, en el caso del aut\u00f3nomo societario no es la persona quien contrata, sino que lo hace la sociedad mediante su propia personalidad jur\u00eddica.<\/p>\n<p>Aun as\u00ed, ha habido sentencias en sentido contrario que han reconocido al aut\u00f3nomo el derecho a percibir una pensi\u00f3n de jubilaci\u00f3n del 100% y compatibilizarla con su trabajo como gestor en su propia empresa.<\/p>\n<p>En todo caso, el art.214.2\u00a0LGSS\u00a0reconoce la posibilidad de compatibilizar el 50% de la pensi\u00f3n de jubilaci\u00f3n con el trabajo por cuenta ajena o propio.<\/p>\n<p>Si eres aut\u00f3nomo (no societario) y tienes contratado, al menos, a un empleado por cuenta ajena, podr\u00e1s compatibilizar tu actividad con el cobro del 100% de tu pensi\u00f3n (si cumples el resto de los requisitos de edad y cotizaciones indicados). Si eres aut\u00f3nomo societario y tienes contratado, al menos, a un empleado por cuenta ajena, podr\u00e1s compatibilizar tu actividad con el cobro del 50% de tu pensi\u00f3n.<\/p>\n<p><strong>Cuota de solidaridad\/envejecimiento activo<\/strong><\/p>\n<p>La cotizaci\u00f3n del aut\u00f3nomo por la jubilaci\u00f3n activa incorpora un 3,30% por contingencias comunes y un tipo especial denominado cuota de solidaridad de un 8%.<\/p>\n<p><strong>Jubilaci\u00f3n anticipada. Requisitos:<\/strong><\/p>\n<ul>\n<li>Encontrarse en situaci\u00f3n de alta o asimilada.<\/li>\n<li>Cesar en el trabajo por voluntad propia.<\/li>\n<li>Tener, como m\u00e1ximo, dos a\u00f1os menos que la edad legal de jubilaci\u00f3n en el momento en que vaya a solicitarse.<\/li>\n<li>Haber cotizado m\u00ednimo 35 a\u00f1os<\/li>\n<\/ul>\n<p>Un aut\u00f3nomo puede jubilarse anticipadamente pero tan solo en alguno de los siguientes supuestos: Igual que sucede en el R\u00e9gimen General por trabajo t\u00f3xico o penoso. Por jubilaci\u00f3n anticipada voluntaria (2 a\u00f1os antes de la edad ordinaria de jubilaci\u00f3n). Jubilaci\u00f3n anticipada por IP (incapacidad permanente).<br \/>\n<strong>Senwei Zhou<br \/>\n<\/strong><strong>Aut\u00f2noms\u00a0PIMEC<\/strong><\/p>\n<p>&nbsp;<\/p>\n","protected":false},"excerpt":{"rendered":"<p>En el a\u00f1o 2019 se han producido numerosas novedades en el \u00e1mbito de la pensi\u00f3n p\u00fablica. Algunas de ellas, derivadas de la aplicaci\u00f3n de la Ley 27\/2011, que modifica gradualmente las condiciones de acceso a la jubilaci\u00f3n. En este art\u00edculo repasamos c\u00f3mo podemos acceder\u00a0a ella y\u00a0a qu\u00e9 tipo de jubilaci\u00f3n podemos optar. Acceso Como norma general, para acceder a la prestaci\u00f3n de jubilaci\u00f3n en 2019 se requiere que el beneficiario tenga cotizados 15 a\u00f1os, como falta gen\u00e9rica, de los cuales 2 a\u00f1os, como falta espec\u00edfica, deben estar comprendidos dentro de los \u00faltimos 15 a\u00f1os previos a la edad ordinaria de<\/p>\n","protected":false},"author":116,"featured_media":22533,"comment_status":"open","ping_status":"closed","sticky":false,"template":"","format":"standard","meta":[],"categories":[342],"tags":[718],"_links":{"self":[{"href":"https:\/\/www.pimealdia.org\/es\/wp-json\/wp\/v2\/posts\/22541"}],"collection":[{"href":"https:\/\/www.pimealdia.org\/es\/wp-json\/wp\/v2\/posts"}],"about":[{"href":"https:\/\/www.pimealdia.org\/es\/wp-json\/wp\/v2\/types\/post"}],"author":[{"embeddable":true,"href":"https:\/\/www.pimealdia.org\/es\/wp-json\/wp\/v2\/users\/116"}],"replies":[{"embeddable":true,"href":"https:\/\/www.pimealdia.org\/es\/wp-json\/wp\/v2\/comments?post=22541"}],"version-history":[{"count":1,"href":"https:\/\/www.pimealdia.org\/es\/wp-json\/wp\/v2\/posts\/22541\/revisions"}],"predecessor-version":[{"id":22542,"href":"https:\/\/www.pimealdia.org\/es\/wp-json\/wp\/v2\/posts\/22541\/revisions\/22542"}],"wp:featuredmedia":[{"embeddable":true,"href":"https:\/\/www.pimealdia.org\/es\/wp-json\/wp\/v2\/media\/22533"}],"wp:attachment":[{"href":"https:\/\/www.pimealdia.org\/es\/wp-json\/wp\/v2\/media?parent=22541"}],"wp:term":[{"taxonomy":"category","embeddable":true,"href":"https:\/\/www.pimealdia.org\/es\/wp-json\/wp\/v2\/categories?post=22541"},{"taxonomy":"post_tag","embeddable":true,"href":"https:\/\/www.pimealdia.org\/es\/wp-json\/wp\/v2\/tags?post=22541"}],"curies":[{"name":"wp","href":"https:\/\/api.w.org\/{rel}","templated":true}]}}