{"id":22575,"date":"2019-11-07T12:41:18","date_gmt":"2019-11-07T10:41:18","guid":{"rendered":"https:\/\/www.pimealdia.org\/?p=22575\/"},"modified":"2019-11-07T12:41:42","modified_gmt":"2019-11-07T10:41:42","slug":"catalunya-economia-muy-privada","status":"publish","type":"post","link":"https:\/\/www.pimealdia.org\/es\/catalunya-economia-muy-privada\/","title":{"rendered":"Catalunya, una econom\u00eda muy privada"},"content":{"rendered":"<p>En un reciente <a href=\"https:\/\/www.pimec.org\/sites\/default\/files\/documents_pagines\/informes_9_2019_cast.pdf\">INFORMES\u00a0PIMEC<\/a>, el Observatorio de la\u00a0PIMEC\u00a0ha recogido datos actualizados sobre empleados p\u00fablicos en Catalunya. Se trata de un ejercicio que se viene realizando desde hace algunos a\u00f1os y que en este caso presenta el estado de la cuesti\u00f3n en enero de 2019 y en el que se hace una comparativa con enero de 2013.<\/p>\n<p>El n\u00famero de asalariados del sector p\u00fablico a principios de este a\u00f1o se cifraba en 319.759, un valor un 2,3% superior al de 2013. El peso de estos empleados sobre el total de empleados p\u00fablicos existentes en el conjunto del Estado es del 12,3%, porcentaje inferior al peso de la poblaci\u00f3n catalana sobre la espa\u00f1ola (16%) o sobre el PIB (cerca del 20%).<\/p>\n<p><strong>En Catalunya, la distribuci\u00f3n de las administraciones que operan en su territorio es esta: Administraci\u00f3n central, 8,1%; Administraci\u00f3n auton\u00f3mica, 55,1%, Administraci\u00f3n local, 28% y Universidades, 8,8%<\/strong>.<\/p>\n<p>Dos indicadores sirven para sopesar la importancia del empleo p\u00fablico en el conjunto de la econom\u00eda. El primero es el peso de los empleados p\u00fablicos sobre los ocupados totales. <strong>En Catalunya, este registro es el m\u00e1s bajo de todo el Estado, concretamente del 9,3%<\/strong>. De hecho, desde que elaboramos este indicador, Catalunya tiene siempre el valor m\u00e1s bajo. Contrasta con los niveles superiores al 15% que registran las dos\u00a0Castillas, Arag\u00f3n y Asturias; y contrasta todav\u00eda m\u00e1s con el 23,4% que registra Extremadura, 2,5 veces m\u00e1s que el nivel catal\u00e1n.<\/p>\n<p>El segundo indicador es el n\u00famero de empleados p\u00fablicos en relaci\u00f3n con la poblaci\u00f3n a la que sirven. <strong>En este registro Catalunya tambi\u00e9n es la comunidad menos dotada: 41,3 empleados p\u00fablicos por cada 1.000 habitantes, el nivel m\u00e1s bajo de todo el Estado<\/strong>. Las dos\u00a0Castillas\u00a0y Arag\u00f3n tienen entre 66 y 69 empleados p\u00fablicos por cada 1.000 habitantes, un 63% m\u00e1s que Catalunya. El caso m\u00e1s diferenciado es el de Extremadura, que cuenta con 84,5 trabajadores p\u00fablicos por cada 1.000 habitantes, m\u00e1s del doble que Catalunya. Para entender la magnitud de la diferencia, si Catalunya tuviera esta relaci\u00f3n de empleados p\u00fablicos, har\u00edan falta 335.700 personas m\u00e1s ocupadas, con lo que el paro registrado en enero de 2019 hubiera sido de 62.000 personas en vez de las 398.000 registradas.<\/p>\n<p>Una parte de la distancia de empleados p\u00fablicos entre Catalunya y las dem\u00e1s comunidades se puede explicar por la pol\u00edtica de concertaciones entre el sector p\u00fablico y el sector privado, sobre todo en los \u00e1mbitos educativo y sanitario, que en Catalunya cuentan con una larga tradici\u00f3n e implantaci\u00f3n. <strong>En resumen, en t\u00e9rminos de empleo, nuestra econom\u00eda es mucho m\u00e1s privada que p\u00fablica.<\/strong><\/p>\n","protected":false},"excerpt":{"rendered":"<p>En un reciente INFORMES\u00a0PIMEC, el Observatorio de la\u00a0PIMEC\u00a0ha recogido datos actualizados sobre empleados p\u00fablicos en Catalunya. Se trata de un ejercicio que se viene realizando desde hace algunos a\u00f1os y que en este caso presenta el estado de la cuesti\u00f3n en enero de 2019 y en el que se hace una comparativa con enero de 2013. El n\u00famero de asalariados del sector p\u00fablico a principios de este a\u00f1o se cifraba en 319.759, un valor un 2,3% superior al de 2013. El peso de estos empleados sobre el total de empleados p\u00fablicos existentes en el conjunto del Estado es del 12,3%,<\/p>\n","protected":false},"author":88,"featured_media":22573,"comment_status":"open","ping_status":"closed","sticky":false,"template":"","format":"standard","meta":[],"categories":[342],"tags":[],"_links":{"self":[{"href":"https:\/\/www.pimealdia.org\/es\/wp-json\/wp\/v2\/posts\/22575"}],"collection":[{"href":"https:\/\/www.pimealdia.org\/es\/wp-json\/wp\/v2\/posts"}],"about":[{"href":"https:\/\/www.pimealdia.org\/es\/wp-json\/wp\/v2\/types\/post"}],"author":[{"embeddable":true,"href":"https:\/\/www.pimealdia.org\/es\/wp-json\/wp\/v2\/users\/88"}],"replies":[{"embeddable":true,"href":"https:\/\/www.pimealdia.org\/es\/wp-json\/wp\/v2\/comments?post=22575"}],"version-history":[{"count":1,"href":"https:\/\/www.pimealdia.org\/es\/wp-json\/wp\/v2\/posts\/22575\/revisions"}],"predecessor-version":[{"id":22576,"href":"https:\/\/www.pimealdia.org\/es\/wp-json\/wp\/v2\/posts\/22575\/revisions\/22576"}],"wp:featuredmedia":[{"embeddable":true,"href":"https:\/\/www.pimealdia.org\/es\/wp-json\/wp\/v2\/media\/22573"}],"wp:attachment":[{"href":"https:\/\/www.pimealdia.org\/es\/wp-json\/wp\/v2\/media?parent=22575"}],"wp:term":[{"taxonomy":"category","embeddable":true,"href":"https:\/\/www.pimealdia.org\/es\/wp-json\/wp\/v2\/categories?post=22575"},{"taxonomy":"post_tag","embeddable":true,"href":"https:\/\/www.pimealdia.org\/es\/wp-json\/wp\/v2\/tags?post=22575"}],"curies":[{"name":"wp","href":"https:\/\/api.w.org\/{rel}","templated":true}]}}