{"id":22584,"date":"2019-11-11T11:57:55","date_gmt":"2019-11-11T09:57:55","guid":{"rendered":"https:\/\/www.pimealdia.org\/?p=22584\/"},"modified":"2019-11-11T11:57:55","modified_gmt":"2019-11-11T09:57:55","slug":"jordi-ciuraneta-buen-uso-lengua-factor-clave-para-mejorar-competitividad-las-empresas","status":"publish","type":"post","link":"https:\/\/www.pimealdia.org\/es\/jordi-ciuraneta-buen-uso-lengua-factor-clave-para-mejorar-competitividad-las-empresas\/","title":{"rendered":"Jordi Ciuraneta: \u201cEl buen uso de la lengua es un factor clave para mejorar la competitividad de las empresas\u201d"},"content":{"rendered":"<p>Entrevista a Jordi\u00a0Ciuraneta, presidente de\u00a0Priordei.<\/p>\n<p>Esta pyme ha sido reconocida por\u00a0PIMEC\u00a0con el premio a la Calidad Ling\u00fc\u00edstica en el mundo empresarial en la \u00faltima edici\u00f3n de los Premis Pimes 2019.<\/p>\n<p>Agro\u00a0Foods\u00a0es una peque\u00f1a empresa del Priorat que se dedica a la elaboraci\u00f3n, la producci\u00f3n y la comercializaci\u00f3n de aceite de oliva virgen extra a trav\u00e9s de la marca\u00a0Priordei. Su aceite es producto del esfuerzo, el trabajo y la ilusi\u00f3n de una familia que, en todas sus acciones, tiene en cuenta la importancia del uso de la lengua en su negocio.<\/p>\n<p>PIMEC\u00a0y el Departamento de Cultura de la Generalitat de Catalunya han premiado a Agro\u00a0Foods\u00a0y a su marca\u00a0Priordei\u00a0por su propuesta de fomento de la lengua catalana.<\/p>\n<p><strong><img loading=\"lazy\" class=\"size-medium wp-image-22579 alignright\" src=\"https:\/\/www.pimealdia.org\/wp-content\/uploads\/2019\/11\/Jordi-Ciuraneta_Retallada-229x300.jpg\" alt=\"\" width=\"229\" height=\"300\" srcset=\"https:\/\/www.pimealdia.org\/wp-content\/uploads\/2019\/11\/Jordi-Ciuraneta_Retallada-229x300.jpg 229w, https:\/\/www.pimealdia.org\/wp-content\/uploads\/2019\/11\/Jordi-Ciuraneta_Retallada-780x1024.jpg 780w, https:\/\/www.pimealdia.org\/wp-content\/uploads\/2019\/11\/Jordi-Ciuraneta_Retallada-610x800.jpg 610w, https:\/\/www.pimealdia.org\/wp-content\/uploads\/2019\/11\/Jordi-Ciuraneta_Retallada-457x600.jpg 457w, https:\/\/www.pimealdia.org\/wp-content\/uploads\/2019\/11\/Jordi-Ciuraneta_Retallada-305x400.jpg 305w, https:\/\/www.pimealdia.org\/wp-content\/uploads\/2019\/11\/Jordi-Ciuraneta_Retallada.jpg 1920w\" sizes=\"(max-width: 229px) 100vw, 229px\" \/>\u00bfQu\u00e9 ha supuesto ganar este premio a la calidad ling\u00fc\u00edstica?<\/strong><\/p>\n<p>Nosotros, todos los que formamos parte de\u00a0Priordei, pensamos, trabajamos y so\u00f1amos en catal\u00e1n. Este reconocimiento ha sido un orgullo. El catal\u00e1n forma parte de nuestro d\u00eda a d\u00eda, es nuestro hilo conductor a la hora de comunicarnos internamente y de dar a conocer nuestros productos.<\/p>\n<p>Dentro de la normalidad que supone para nosotros la utilizaci\u00f3n de la lengua catalana, este premio nos anima a seguir trabajando de la manera en que lo hacemos y a continuar usando el catal\u00e1n, que es nuestra identidad.<\/p>\n<p><strong>En un mundo en el que las empresas buscan constantemente elementos que las diferencien, la lengua catalana puede aportar un valor a\u00f1adido en la actividad que desarrollan los negocios. \u00bfConsidera que la lengua catalana es un distintivo y forma parte de\u00a0Priordei?\u00a0\u00bfPor qu\u00e9 motivo?<\/strong><\/p>\n<p>S\u00ed, por supuesto. El catal\u00e1n est\u00e1 presente en todo nuestro ciclo productivo: desde el inicio de nuestra actividad hasta el final de la cadena del mercado y el etiquetado, en nuestras presentaciones institucionales, en los cat\u00e1logos&#8230;<\/p>\n<p>Tenemos una manera de hacer y de ser y, en cierto modo, lo expresamos con el catal\u00e1n. En cada botella de aceite ponemos toda la ilusi\u00f3n de una familia y de un equipo que nos hemos expresado siempre en catal\u00e1n.<\/p>\n<p><strong>\u00bfQu\u00e9 medidas hab\u00e9is impulsado para fomentar el catal\u00e1n dentro de la empresa?<\/strong><\/p>\n<p>Dentro de la empresa, desde los letreros, la publicidad, las catas y degustaciones de aceite virgen extra, hasta la lengua en la que hablamos entre nosotros&#8230; todo es en catal\u00e1n. Ello ha coincidido con que todos los miembros del equipo somos de aqu\u00ed, y cuando tenemos que hablar con gente de fuera tambi\u00e9n utilizamos el ingl\u00e9s e incluso el italiano. El nombre de nuestra marca, Priordei, es en lat\u00edn, la lengua troncal del catal\u00e1n.<\/p>\n<p><strong>\u00bfCree que un buen uso del lenguaje es un elemento fundamental de competitividad para su empresa?<\/strong><\/p>\n<p>Sin lugar a duda, yo creo que nuestros consumidores lo valoran porque, en cierto modo, se puede considerar un elemento de proximidad.<\/p>\n","protected":false},"excerpt":{"rendered":"<p>Entrevista a Jordi\u00a0Ciuraneta, presidente de\u00a0Priordei. Esta pyme ha sido reconocida por\u00a0PIMEC\u00a0con el premio a la Calidad Ling\u00fc\u00edstica en el mundo empresarial en la \u00faltima edici\u00f3n de los Premis Pimes 2019. Agro\u00a0Foods\u00a0es una peque\u00f1a empresa del Priorat que se dedica a la elaboraci\u00f3n, la producci\u00f3n y la comercializaci\u00f3n de aceite de oliva virgen extra a trav\u00e9s de la marca\u00a0Priordei. Su aceite es producto del esfuerzo, el trabajo y la ilusi\u00f3n de una familia que, en todas sus acciones, tiene en cuenta la importancia del uso de la lengua en su negocio. PIMEC\u00a0y el Departamento de Cultura de la Generalitat de Catalunya<\/p>\n","protected":false},"author":83,"featured_media":22582,"comment_status":"open","ping_status":"closed","sticky":false,"template":"","format":"standard","meta":[],"categories":[330],"tags":[],"_links":{"self":[{"href":"https:\/\/www.pimealdia.org\/es\/wp-json\/wp\/v2\/posts\/22584"}],"collection":[{"href":"https:\/\/www.pimealdia.org\/es\/wp-json\/wp\/v2\/posts"}],"about":[{"href":"https:\/\/www.pimealdia.org\/es\/wp-json\/wp\/v2\/types\/post"}],"author":[{"embeddable":true,"href":"https:\/\/www.pimealdia.org\/es\/wp-json\/wp\/v2\/users\/83"}],"replies":[{"embeddable":true,"href":"https:\/\/www.pimealdia.org\/es\/wp-json\/wp\/v2\/comments?post=22584"}],"version-history":[{"count":1,"href":"https:\/\/www.pimealdia.org\/es\/wp-json\/wp\/v2\/posts\/22584\/revisions"}],"predecessor-version":[{"id":22585,"href":"https:\/\/www.pimealdia.org\/es\/wp-json\/wp\/v2\/posts\/22584\/revisions\/22585"}],"wp:featuredmedia":[{"embeddable":true,"href":"https:\/\/www.pimealdia.org\/es\/wp-json\/wp\/v2\/media\/22582"}],"wp:attachment":[{"href":"https:\/\/www.pimealdia.org\/es\/wp-json\/wp\/v2\/media?parent=22584"}],"wp:term":[{"taxonomy":"category","embeddable":true,"href":"https:\/\/www.pimealdia.org\/es\/wp-json\/wp\/v2\/categories?post=22584"},{"taxonomy":"post_tag","embeddable":true,"href":"https:\/\/www.pimealdia.org\/es\/wp-json\/wp\/v2\/tags?post=22584"}],"curies":[{"name":"wp","href":"https:\/\/api.w.org\/{rel}","templated":true}]}}