{"id":22882,"date":"2020-01-13T10:42:49","date_gmt":"2020-01-13T08:42:49","guid":{"rendered":"https:\/\/www.pimealdia.org\/?p=22882\/"},"modified":"2020-01-24T09:58:23","modified_gmt":"2020-01-24T07:58:23","slug":"hacienda-prorroga-los-limites-regimen-modulos-ano-mas","status":"publish","type":"post","link":"https:\/\/www.pimealdia.org\/es\/hacienda-prorroga-los-limites-regimen-modulos-ano-mas\/","title":{"rendered":"Hacienda prorroga los l\u00edmites del r\u00e9gimen de m\u00f3dulos un a\u00f1o m\u00e1s"},"content":{"rendered":"<p style=\"text-align: justify;\">El\u00a0Ministerio de Hacienda ha anunciado que prorrogar\u00e1 los actuales l\u00edmites de facturaci\u00f3n en el r\u00e9gimen de m\u00f3dulos para 2020. Esta pr\u00f3rroga ser\u00e1 la cuarta despu\u00e9s de la Ley 48\/2015, de 29 de octubre, de Presupuestos Generales del Estado para el a\u00f1o 2016, que introdujo un r\u00e9gimen transitorio para los ejercicios 2016 y 2017 (prorrogado en 2018 por el Real Decreto Ley 20\/2018, de 29 de diciembre, y en 2019 por el Real Decreto Ley\u00a027\/2018, de 28 de diciembre) en cuanto a los l\u00edmites para la aplicaci\u00f3n tanto del m\u00e9todo de estimaci\u00f3n objetiva del IRPF como para el r\u00e9gimen especial simplificado del IVA que contempla una rebaja de estos l\u00edmites inferior.<\/p>\n<p style=\"text-align: justify;\">Finalmente, la pr\u00f3rroga se aprob\u00f3 a finales de diciembre de 2019. El sistema est\u00e1 pensado para aut\u00f3nomos con facturaci\u00f3n reducida que tributen seg\u00fan su consumo de luz, la superficie del local y la actividad, y no de acuerdo con sus gastos e ingresos. En primer lugar, cabe se\u00f1alar que se mantiene para el ejercicio de 2020 la cuant\u00eda de los signos, \u00edndices o m\u00f3dulos, as\u00ed como las instrucciones aplicables durante el a\u00f1o 2019.<\/p>\n<p style=\"text-align: justify;\"><strong>\u00bfPor qu\u00e9 se quieren reducir los l\u00edmites?<\/strong><\/p>\n<p style=\"text-align: justify;\">El gobierno aprob\u00f3 una serie de medidas para reforzar la lucha contra el fraude fiscal, entre las cuales se encuentra la reforma del r\u00e9gimen de estimaci\u00f3n objetiva del IRPF (m\u00f3dulos). El objetivo de \u00e9stos es acabar con la pr\u00e1ctica de aquellos aut\u00f3nomos sujetos a este r\u00e9gimen de tributaci\u00f3n que emiten facturas falsas por servicios o productos no entregados a empresas y que \u00e9stas puedan beneficiarse de las deducciones sobre gastos no realizados.<\/p>\n<p style=\"text-align: justify;\"><strong><img loading=\"lazy\" class=\"size-medium wp-image-22878 alignright\" src=\"https:\/\/www.pimealdia.org\/wp-content\/uploads\/2020\/01\/pexels-photo-590022-300x199.jpeg\" alt=\"\" width=\"300\" height=\"199\" srcset=\"https:\/\/www.pimealdia.org\/wp-content\/uploads\/2020\/01\/pexels-photo-590022-300x199.jpeg 300w, https:\/\/www.pimealdia.org\/wp-content\/uploads\/2020\/01\/pexels-photo-590022-1024x678.jpeg 1024w, https:\/\/www.pimealdia.org\/wp-content\/uploads\/2020\/01\/pexels-photo-590022-1000x662.jpeg 1000w, https:\/\/www.pimealdia.org\/wp-content\/uploads\/2020\/01\/pexels-photo-590022-800x530.jpeg 800w, https:\/\/www.pimealdia.org\/wp-content\/uploads\/2020\/01\/pexels-photo-590022-600x397.jpeg 600w, https:\/\/www.pimealdia.org\/wp-content\/uploads\/2020\/01\/pexels-photo-590022-400x265.jpeg 400w\" sizes=\"(max-width: 300px) 100vw, 300px\" \/>\u00bfCu\u00e1les son los actuales l\u00edmites que se prorrogan?<\/strong><\/p>\n<p style=\"text-align: justify;\"><strong>Volumen de ingresos:<\/strong> Este no puede superar, el a\u00f1o anterior, los 250.000 euros anuales. Ello es fruto de la pr\u00f3rroga de los l\u00edmites de 2018 y de 2017. Finalmente, no se ha aplicado el l\u00edmite transitorio previsto entre los 450.000 euros anuales vigentes anteriormente y el l\u00edmite de 150.000 euros anuales (200.000 en el caso de actividades agr\u00edcolas, forestales y ganaderas) que entraba en vigor en 2019, cuando deb\u00eda tener pleno efecto la reforma fiscal, lo que iba a contribuir a reducir el n\u00famero de aut\u00f3nomos que cotizan en m\u00f3dulos. Finalmente se flexibiliza el sistema.<\/p>\n<p style=\"text-align: justify;\"><strong>Facturaci\u00f3n a empresas y a profesionales<\/strong>: No pueden seguir en m\u00f3dulos aquellos aut\u00f3nomos obligados a expedir facturas a clientes que sean empresas y profesionales si el a\u00f1o anterior han tenido rendimientos superiores a los 125.000 euros. El l\u00edmite esperado en la reforma fiscal de 2019 era de 75.000 euros, pero finalmente se mantendr\u00e1 en la cifra de 125.000 euros.<\/p>\n<p style=\"text-align: justify;\"><strong>Volumen de compras<\/strong>: Sin incluir inversiones, el l\u00edmite se establece de forma transitoria en 250.000 euros. Antes de esta pr\u00f3rroga, la reforma fiscal inclu\u00eda una reducci\u00f3n del l\u00edmite en 150.000\u00a0euros.<\/p>\n<p>Senwei\u00a0Zhou<br \/>\nAut\u00f2noms PIMEC<\/p>\n","protected":false},"excerpt":{"rendered":"<p>El\u00a0Ministerio de Hacienda ha anunciado que prorrogar\u00e1 los actuales l\u00edmites de facturaci\u00f3n en el r\u00e9gimen de m\u00f3dulos para 2020. Esta pr\u00f3rroga ser\u00e1 la cuarta despu\u00e9s de la Ley 48\/2015, de 29 de octubre, de Presupuestos Generales del Estado para el a\u00f1o 2016, que introdujo un r\u00e9gimen transitorio para los ejercicios 2016 y 2017 (prorrogado en 2018 por el Real Decreto Ley 20\/2018, de 29 de diciembre, y en 2019 por el Real Decreto Ley\u00a027\/2018, de 28 de diciembre) en cuanto a los l\u00edmites para la aplicaci\u00f3n tanto del m\u00e9todo de estimaci\u00f3n objetiva del IRPF como para el r\u00e9gimen especial simplificado<\/p>\n","protected":false},"author":116,"featured_media":22877,"comment_status":"open","ping_status":"closed","sticky":false,"template":"","format":"standard","meta":[],"categories":[342],"tags":[718],"_links":{"self":[{"href":"https:\/\/www.pimealdia.org\/es\/wp-json\/wp\/v2\/posts\/22882"}],"collection":[{"href":"https:\/\/www.pimealdia.org\/es\/wp-json\/wp\/v2\/posts"}],"about":[{"href":"https:\/\/www.pimealdia.org\/es\/wp-json\/wp\/v2\/types\/post"}],"author":[{"embeddable":true,"href":"https:\/\/www.pimealdia.org\/es\/wp-json\/wp\/v2\/users\/116"}],"replies":[{"embeddable":true,"href":"https:\/\/www.pimealdia.org\/es\/wp-json\/wp\/v2\/comments?post=22882"}],"version-history":[{"count":1,"href":"https:\/\/www.pimealdia.org\/es\/wp-json\/wp\/v2\/posts\/22882\/revisions"}],"predecessor-version":[{"id":22883,"href":"https:\/\/www.pimealdia.org\/es\/wp-json\/wp\/v2\/posts\/22882\/revisions\/22883"}],"wp:featuredmedia":[{"embeddable":true,"href":"https:\/\/www.pimealdia.org\/es\/wp-json\/wp\/v2\/media\/22877"}],"wp:attachment":[{"href":"https:\/\/www.pimealdia.org\/es\/wp-json\/wp\/v2\/media?parent=22882"}],"wp:term":[{"taxonomy":"category","embeddable":true,"href":"https:\/\/www.pimealdia.org\/es\/wp-json\/wp\/v2\/categories?post=22882"},{"taxonomy":"post_tag","embeddable":true,"href":"https:\/\/www.pimealdia.org\/es\/wp-json\/wp\/v2\/tags?post=22882"}],"curies":[{"name":"wp","href":"https:\/\/api.w.org\/{rel}","templated":true}]}}