{"id":23056,"date":"2020-02-12T10:50:02","date_gmt":"2020-02-12T08:50:02","guid":{"rendered":"https:\/\/www.pimealdia.org\/?p=23056\/"},"modified":"2020-02-12T10:54:04","modified_gmt":"2020-02-12T08:54:04","slug":"los-ods-oportunidad-para-las-pymes","status":"publish","type":"post","link":"https:\/\/www.pimealdia.org\/es\/los-ods-oportunidad-para-las-pymes\/","title":{"rendered":"Los ODS, una oportunidad para las pymes"},"content":{"rendered":"<p style=\"text-align: justify;\">En septiembre del 2015 la Asamblea General de las Naciones Unidas aprob\u00f3 la Agenda 2030 de Desarrollo Sostenible, un marco de actuaci\u00f3n universal e integral que se est\u00e1 desplegando mediante 17 objetivos de desarrollo sostenible (ODS). Los\u00a0ODS\u00a0se plantean de acuerdo con tres dimensiones: la econ\u00f3mica, con la finalidad principal de erradicar la pobreza en el mundo; la social, para luchar contra la desigualdad y la injusticia, y el ambiental, para\u00a0poner freno al cambio clim\u00e1tico. Ante este objetivo com\u00fan de lograr un desarrollo mundial sostenible, la responsabilidad de implantar los\u00a0ODS\u00a0no solo recae en las administraciones, como los estados y gobiernos, sino tambi\u00e9n en la sociedad civil y, por supuesto, en las empresas. Las empresas constituyen el motor econ\u00f3mico del mundo actual y es por eso que su papel en esta lucha es del todo fundamental.<\/p>\n<p><strong>El rol de las pymes<\/strong><\/p>\n<p>En este contexto, las empresas grandes, gracias a sus recursos y a posibles inversiones, tienen m\u00e1s facilidad para incorporar los\u00a0ODS\u00a0en sus planes estrat\u00e9gicos y, as\u00ed, ayudar al impulso y al desarrollo de la Agenda 2030. Pero, \u00bfcu\u00e1l es la situaci\u00f3n de las pymes? \u00bfQu\u00e9 rol tienen que asumir? Mireia\u00a0Cammany, directora general adjunta de\u00a0EPI\u00a0Industries\u00a0y miembro de la junta directiva de\u00a0PIMEC, y Rosa\u00a0Juny, directora de la Fundaci\u00f3n\u00a0PIMEC, han llevado a cabo una serie de iniciativas para dar a conocer los\u00a0ODS\u00a0y para compartir estrategias y acciones a la hora de implantarlos en el d\u00eda a d\u00eda de la empresa.<\/p>\n<p><img loading=\"lazy\" class=\" wp-image-23051 alignright\" src=\"https:\/\/www.pimealdia.org\/wp-content\/uploads\/2020\/02\/thumbnail-300x132.jpg\" alt=\"\" width=\"316\" height=\"139\" srcset=\"https:\/\/www.pimealdia.org\/wp-content\/uploads\/2020\/02\/thumbnail-300x132.jpg 300w, https:\/\/www.pimealdia.org\/wp-content\/uploads\/2020\/02\/thumbnail-800x351.jpg 800w, https:\/\/www.pimealdia.org\/wp-content\/uploads\/2020\/02\/thumbnail-600x264.jpg 600w, https:\/\/www.pimealdia.org\/wp-content\/uploads\/2020\/02\/thumbnail-400x176.jpg 400w, https:\/\/www.pimealdia.org\/wp-content\/uploads\/2020\/02\/thumbnail.jpg 865w\" sizes=\"(max-width: 316px) 100vw, 316px\" \/>El 18 de septiembre\u00a0EPI\u00a0Industries, con Mireia\u00a0Cammany\u00a0al frente, organiz\u00f3 una jornada en sus instalaciones de Lli\u00e7\u00e0 de Vall a la\u00a0que asistieron 55 altos directivos de 38 empresas (start-ups, pymes y grandes empresas) y en\u00a0la que tambi\u00e9n particip\u00f3\u00a0PIMEC. Y el 13 de noviembre la Fundaci\u00f3n\u00a0PIMEC\u00a0dinamiz\u00f3 una\u00a0mesa de experiencias empresariales sobre el tema, coordinada por Rosa Maria\u00a0Juny\u00a0y con la presencia de Mireia\u00a0Cammany.<\/p>\n<p>Del primer acto,\u00a0Cammany\u00a0extrae y destaca uno de los grandes\u00a0quids\u00a0del rol de las pymes en la implementaci\u00f3n de los\u00a0ODS: &#8220;Las pymes no tenemos tantos recursos ni tanto capital como las grandes empresas,\u00a0por lo que tenemos que invertir en los ODS\u00a0de una manera que genere retorno, puesto que el objetivo principal de la empresa es crear valor a\u00f1adido. Invertimos en\u00a0ODS\u00a0sociales, incorpor\u00e1ndolos a la cultura organizativa, y en algunos\u00a0ODS\u00a0medioambientales, trabajando en t\u00e9rminos de eficiencia de recursos, pero el gran reto, tambi\u00e9n, es conseguir enfocar los\u00a0ODS\u00a0con una estrategia afinada y como una oportunidad de negocio&#8221;. En este sentido, Mireia\u00a0Cammany\u00a0remarca que la oportunidad de negocio puede venir &#8220;no solo de una ganancia econ\u00f3mica externa, sino tambi\u00e9n en forma de ahorro de costes, a partir de estudios de racionalizaci\u00f3n de stocks o estudios de eficiencia energ\u00e9tica, por ejemplo&#8221;. Y, por otro lado, destaca la posibilidad de las pymes de &#8220;establecer alianzas con grupos universitarios que puedan desarrollar proyectos innovadores alineados con los\u00a0ODS\u00a0y sus negocios, externalizando y haciendo posible su propia I+D&#8221;.<\/p>\n<p><strong>Mireia\u00a0Cammany: \u201cLas pymes no tenemos tantos recursos como las empresas grandes, por lo que tenemos que invertir en los ODS\u00a0de una manera que genere retorno\u201d\u00a0<\/strong><\/p>\n<p>Por su parte, Rosa\u00a0Juny\u00a0destaca que la Fundaci\u00f3n\u00a0PIMEC\u00a0est\u00e1 inmersa en una \u201ctarea de sensibilizaci\u00f3n con las empresas para que sean conscientes de qu\u00e9\u00a0ODS\u00a0est\u00e1n trabajando, ordenen sus estrategias y se comprometan a lograr nuevos retos sostenibles. Todo ello, para que puedan\u00a0ser empresas socialmente responsables y no se queden atr\u00e1s con pr\u00e1cticas que m\u00e1s adelante les penalizar\u00e1n\u201d. La Fundaci\u00f3n\u00a0PIMEC\u00a0desarrolla este trabajo de asesoramiento a partir de la campa\u00f1a <a href=\"https:\/\/www.pimec.org\/es\/reto-sostenible\">Reto Sostenible<\/a> y del <a href=\"https:\/\/www.pimec.org\/es\/programa-economia-circular\">Programa Econom\u00eda Circular<\/a>, y durante 2020 organizar\u00e1 nuevas jornadas sobre los\u00a0ODS\u00a0en otros puntos de Catalu\u00f1a, unos encuentros que \u201ca la vez invitan a hacer\u00a0networking\u00a0e intercambiar ideas pr\u00e1cticas entre empresas de una misma zona\u201d.<\/p>\n<p><img loading=\"lazy\" class=\"size-medium wp-image-23053 alignright\" src=\"https:\/\/www.pimealdia.org\/wp-content\/uploads\/2020\/02\/thumbnail-1-300x225.jpg\" alt=\"\" width=\"300\" height=\"225\" srcset=\"https:\/\/www.pimealdia.org\/wp-content\/uploads\/2020\/02\/thumbnail-1-300x225.jpg 300w, https:\/\/www.pimealdia.org\/wp-content\/uploads\/2020\/02\/thumbnail-1-400x300.jpg 400w, https:\/\/www.pimealdia.org\/wp-content\/uploads\/2020\/02\/thumbnail-1.jpg 512w\" sizes=\"(max-width: 300px) 100vw, 300px\" \/><strong>Rosa\u00a0Juny: \u201cDesde\u00a0PIMEC\u00a0queremos que las empresas sean conscientes de los\u00a0ODS, los ordenen y se comprometan a lograr nuevos retos sostenibles\u201d\u00a0<\/strong><\/p>\n<p>Antoni Ca\u00f1ete, secretario general de\u00a0PIMEC, que particip\u00f3 en\u00a0el primero de los dos encuentros, considera que \u201cla sostenibilidad y la econom\u00eda circular han llegado a nuestra sociedad para quedarse y hay que introducirlas en nuestra estrategia empresarial\u201d. Adem\u00e1s, en la l\u00ednea de\u00a0Cammany\u00a0y Juny, asegura que \u201cla sostenibilidad es una necesidad y, como empresarios, lo tenemos que convertir en una oportunidad\u201d.<\/p>\n<p><strong>Antoni Ca\u00f1ete: \u201cLa sostenibilidad y la econom\u00eda circular han llegado para quedarse y hay que introducirlas en nuestra estrategia empresarial\u201d\u00a0<\/strong><\/p>\n<p><strong>Casos destacables<\/strong><\/p>\n<p>Tanto en el encuentro organizado por\u00a0EPI\u00a0Industries\u00a0como en el encuentro organizado por\u00a0PIMEC\u00a0participaron varios directivos de empresas que compartieron con los asistentes ideas y estrategias con las que han aplicado los\u00a0ODS en sus proyectos:<\/p>\n<p><strong>Sorbos.<\/strong> Empresa nacida en 2015 que ha creado las primeras\u00a0pagitas de beber comestibles y aromatizadas del mercado. Se centran en los\u00a0ODS\u00a0relacionados con el medio ambiente, apostando por un producto biodegradable, sostenible y respetuoso con el planeta.<\/p>\n<p><strong>Dragones.<\/strong> Comercio familiar de Granollers focalizado en la venta de ropa y absolutamente alineado con varios\u00a0ODS\u00a0(4, 1, 11, 12, 13, 15 y 17) a partir de varias acciones: construcci\u00f3n del edificio con materiales y proveedores de km 0, 80% del consumo de energ\u00eda compensado con placas solares propias, jerseys fabricados en t\u00e9rminos de econom\u00eda circular, compensaci\u00f3n de las emisiones de CO? con plantaci\u00f3n de \u00e1rboles, escuela de consumo consciente y alianzas con numerosas entidades del territorio.<\/p>\n<p><strong>Restaurante Denominaci\u00f3n de Origen.<\/strong> Restaurante de Granollers que promueve la gastronom\u00eda saludable con productos de temporada y de proximidad. Genera actividad de formaci\u00f3n para los colectivos desfavorecidos, tiene iniciativas de econom\u00eda circular y muchos v\u00ednculos con empresas y entidades de la zona.<\/p>\n<p><strong>KH\u00a0Lloreda.<\/strong> Empresa de referencia dedicada a los productos de limpieza que trabaja los\u00a0ODS\u00a03, 4, 5, 6, 7, 8, 9, 10, 12, 13, 15, 14 y 17. Como proyectos m\u00e1s relevantes: la creaci\u00f3n de una guarder\u00eda propia, la reutilizaci\u00f3n del 100% del agua, el uso de coches de gas natural, la econom\u00eda circular en el embalaje y la apuesta por los productos ecol\u00f3gicos.<\/p>\n<p style=\"text-align: justify;\">Otras experiencias empresariales notorias respecto a los\u00a0ODS, y que\u00a0formaron parte en alguno de los dos encuentros citados anteriormente son las de\u00a0Epidor, Km 0\u00a0Energy,\u00a0Bandalux,\u00a0MesPack,\u00a0Black\u00a0tono\u00a0Grey,\u00a0Vemvirotech\u00a0y el\u00a0AE\u00a0Ramass\u00e0.<\/p>\n<p style=\"text-align: justify;\">\n","protected":false},"excerpt":{"rendered":"<p>En septiembre del 2015 la Asamblea General de las Naciones Unidas aprob\u00f3 la Agenda 2030 de Desarrollo Sostenible, un marco de actuaci\u00f3n universal e integral que se est\u00e1 desplegando mediante 17 objetivos de desarrollo sostenible (ODS). Los\u00a0ODS\u00a0se plantean de acuerdo con tres dimensiones: la econ\u00f3mica, con la finalidad principal de erradicar la pobreza en el mundo; la social, para luchar contra la desigualdad y la injusticia, y el ambiental, para\u00a0poner freno al cambio clim\u00e1tico. Ante este objetivo com\u00fan de lograr un desarrollo mundial sostenible, la responsabilidad de implantar los\u00a0ODS\u00a0no solo recae en las administraciones, como los estados y gobiernos, sino<\/p>\n","protected":false},"author":124,"featured_media":23050,"comment_status":"open","ping_status":"closed","sticky":false,"template":"","format":"standard","meta":[],"categories":[330,338],"tags":[780],"_links":{"self":[{"href":"https:\/\/www.pimealdia.org\/es\/wp-json\/wp\/v2\/posts\/23056"}],"collection":[{"href":"https:\/\/www.pimealdia.org\/es\/wp-json\/wp\/v2\/posts"}],"about":[{"href":"https:\/\/www.pimealdia.org\/es\/wp-json\/wp\/v2\/types\/post"}],"author":[{"embeddable":true,"href":"https:\/\/www.pimealdia.org\/es\/wp-json\/wp\/v2\/users\/124"}],"replies":[{"embeddable":true,"href":"https:\/\/www.pimealdia.org\/es\/wp-json\/wp\/v2\/comments?post=23056"}],"version-history":[{"count":2,"href":"https:\/\/www.pimealdia.org\/es\/wp-json\/wp\/v2\/posts\/23056\/revisions"}],"predecessor-version":[{"id":23060,"href":"https:\/\/www.pimealdia.org\/es\/wp-json\/wp\/v2\/posts\/23056\/revisions\/23060"}],"wp:featuredmedia":[{"embeddable":true,"href":"https:\/\/www.pimealdia.org\/es\/wp-json\/wp\/v2\/media\/23050"}],"wp:attachment":[{"href":"https:\/\/www.pimealdia.org\/es\/wp-json\/wp\/v2\/media?parent=23056"}],"wp:term":[{"taxonomy":"category","embeddable":true,"href":"https:\/\/www.pimealdia.org\/es\/wp-json\/wp\/v2\/categories?post=23056"},{"taxonomy":"post_tag","embeddable":true,"href":"https:\/\/www.pimealdia.org\/es\/wp-json\/wp\/v2\/tags?post=23056"}],"curies":[{"name":"wp","href":"https:\/\/api.w.org\/{rel}","templated":true}]}}