{"id":23239,"date":"2020-03-05T14:44:55","date_gmt":"2020-03-05T12:44:55","guid":{"rendered":"https:\/\/www.pimealdia.org\/?p=23239\/"},"modified":"2020-03-05T14:45:19","modified_gmt":"2020-03-05T12:45:19","slug":"mi-sueno-autonoma-tener-las-facilidades-trabajar-para-empresa-con-flexibilidad-que-permite-trabajo-por-cuenta-propia","status":"publish","type":"post","link":"https:\/\/www.pimealdia.org\/es\/mi-sueno-autonoma-tener-las-facilidades-trabajar-para-empresa-con-flexibilidad-que-permite-trabajo-por-cuenta-propia\/","title":{"rendered":"\u201cMi sue\u00f1o de aut\u00f3noma es tener las facilidades de trabajar para una empresa con la flexibilidad que permite el trabajo por cuenta propia\u201d"},"content":{"rendered":"<p style=\"text-align: justify;\">Mujer, madre, creadora, emprendedora y profesional aut\u00f3noma. Cristina Mart\u00ednez es desde hace 10 a\u00f1os una profesional aut\u00f3noma que se dedica al mundo de la fotograf\u00eda. Inici\u00f3 su carrera en el sector sanitario con la diagnosis de la imagen y, despu\u00e9s de formarse en fotograf\u00eda y dise\u00f1o gr\u00e1fico, cre\u00f3 su empresa &#8220;Delrv\u00e9s&#8221; que ofrece, entre otras cuestiones: videos art\u00edsticos, fotograf\u00eda emocional y social, encuadernaciones y sesiones fotogr\u00e1ficas. Hoy en d\u00eda,\u00a0Delrv\u00e9s\u00a0cuenta con un espacio dentro del estudio de\u00a0Monr\u00f3s\u00a0Copy\u00a0Foto.<\/p>\n<p style=\"text-align: justify;\"><strong>\u00bfEn qu\u00e9 consiste tu tarea diaria?<\/strong><\/p>\n<p style=\"text-align: justify;\">Me defino como una \u201ccreadora de oportunidades\u201d. Mi sector ha ido experimentando en los \u00faltimos a\u00f1os muchos cambios a causa de la transformaci\u00f3n digital y yo me he tenido que ir reinventando como profesional para adaptar mi negocio a los requerimientos de la clientela y a los cambios del mercado de trabajo. La direcci\u00f3n art\u00edstica de esta empresa es la fotograf\u00eda emocional, tanto en cel proceso creativo como en el gr\u00e1fico.<\/p>\n<p style=\"text-align: justify;\">Mi tarea diaria es gestionar mi empresa, pero tambi\u00e9n tengo otras responsabilidades importantes. Soy madre de dos hijos, de 8 y 4 a\u00f1os, y gracias al trabajo aut\u00f3nomo puedo gestionar mi tiempo y favorecer la conciliaci\u00f3n laboral con mi vida personal. Cuando fui madre por primera vez, trabajaba para una empresa y mis horarios no me permit\u00edan la conciliaci\u00f3n que tengo ahora mismo. Creo que, en este sentido, se tienen que hacer pasos adelante.<\/p>\n<p style=\"text-align: justify;\"><strong>\u00bfC\u00f3mo cu\u00e1les?<\/strong><\/p>\n<p style=\"text-align: justify;\">Creo que los colegios tendr\u00edan que adaptar los horarios escolares a los horarios laborales para que coincidan m\u00e1s y sea m\u00e1s f\u00e1cil coordinar la entrada y la salida del trabajo con el hecho de llevar y recoger a los ni\u00f1os y las ni\u00f1as de la escuela. Yo soy madre separada con dos hijos a cargo y resulta muy complicado ajustar los horarios.<\/p>\n<p style=\"text-align: justify;\">Adem\u00e1s, creo que tendr\u00edamos que seguir los ejemplos de otros pa\u00edses como Suecia o Noruega, que dan ayudas econ\u00f3micas a los padres y madres y donde los permisos por nacimiento son de un a\u00f1o, o m\u00e1s.<\/p>\n<p style=\"text-align: justify;\"><strong>\u00bfCon qu\u00e9 dificultades te encuentras como profesional aut\u00f3noma y qu\u00e9 cuestiones crees que hay que mejorar de cara a hacer m\u00e1s competitivo el colectivo?<\/strong><\/p>\n<p style=\"text-align: justify;\">Es cierto que los profesionales aut\u00f3nomos nos encontramos con muchas dificultades que cualquier persona trabajadora de\u00a0una empresa no tiene, como pagar gastos: material, alquiler&#8230; Por otro lado, no nos podemos permitir el lujo de descansar como es debido cuando estamos enfermos puesto que, si no vamos a trabajar, aquel d\u00eda no facturamos.<\/p>\n<p style=\"text-align: justify;\">Las personas aut\u00f3nomas somos expertas en ir\u00a0dando pasos peque\u00f1os, asegurando cada uno de ellos,\u00a0en el camino del crecimiento de nuestro negocio. Como defiende PIMEC, creo que hace falta m\u00e1s ayudas al emprendimiento y al colectivo de aut\u00f3nomos, que pagamos muchos impuestos y a menudo tenemos que gestionar tr\u00e1mites demasiados burocratizados. Adem\u00e1s,\u00a0son necesarias m\u00e1s ayudas a la segunda oportunidad, como el programa\u00a0emppersona\u00a0de la Fundaci\u00f3n\u00a0PIMEC, que acompa\u00f1a personalmente y profesionalmente a las personas empresarias en momentos de dificultad.<\/p>\n<p style=\"text-align: justify;\">Por otro lado, yo me he encontrado con que los aut\u00f3nomos que, en alg\u00fan momento de nuestra carrera profesional queremos hacer un cambio y trabajar para una empresa, tenemos muchas dificultades porque existe la falsa creencia de que no nos podemos adaptar porque estamos acostumbrados a trabajar de una manera y con unos tiempos concretos.<\/p>\n<p style=\"text-align: justify;\"><strong>\u00bfQu\u00e9 opinas de la formaci\u00f3n?<\/strong><\/p>\n<p style=\"text-align: justify;\">Ser aut\u00f3noma me ha permitido hacer las cosas como quiero, como a m\u00ed me gustan, experimentando y aprendiendo cada d\u00eda de m\u00ed misma y tambi\u00e9n de mis clientes. Tengo formaci\u00f3n en fotograf\u00eda y dise\u00f1o gr\u00e1fico; esto me ha permitido adquirir unos conocimientos que son b\u00e1sicos para desarrollar mi actividad de una manera innovadora y art\u00edstica.<\/p>\n<p style=\"text-align: justify;\"><strong><img loading=\"lazy\" class=\"size-medium wp-image-23236 alignleft\" src=\"https:\/\/www.pimealdia.org\/wp-content\/uploads\/2020\/03\/Delrves-foto-300x99.jpg\" alt=\"\" width=\"300\" height=\"99\" srcset=\"https:\/\/www.pimealdia.org\/wp-content\/uploads\/2020\/03\/Delrves-foto-300x99.jpg 300w, https:\/\/www.pimealdia.org\/wp-content\/uploads\/2020\/03\/Delrves-foto-1024x339.jpg 1024w, https:\/\/www.pimealdia.org\/wp-content\/uploads\/2020\/03\/Delrves-foto-1000x331.jpg 1000w, https:\/\/www.pimealdia.org\/wp-content\/uploads\/2020\/03\/Delrves-foto-800x265.jpg 800w, https:\/\/www.pimealdia.org\/wp-content\/uploads\/2020\/03\/Delrves-foto-600x199.jpg 600w, https:\/\/www.pimealdia.org\/wp-content\/uploads\/2020\/03\/Delrves-foto-400x132.jpg 400w, https:\/\/www.pimealdia.org\/wp-content\/uploads\/2020\/03\/Delrves-foto.jpg 1274w\" sizes=\"(max-width: 300px) 100vw, 300px\" \/>\u00bfDelrv\u00e9s? \u00bfQu\u00e9 historia tiene el nombre de tu empresa?<\/strong><\/p>\n<p style=\"text-align: justify;\">Pues es una historia bonita, de superaci\u00f3n. Es una empresa que ha tenido y tiene todav\u00eda algunas dificultades. En los inicios, lo ten\u00eda todo en contra, pero aun as\u00ed consegu\u00ed abrir el estudio. Lo tuve que hacer porque tuve mi primer hijo. No fue una etapa f\u00e1cil porque viv\u00eda un momento complicado\u00a0a nivel personal y econ\u00f3mico y parec\u00eda que todo mi mundo se encontraba \u201cdel rev\u00e9s\u201d. Por eso, decid\u00ed ponerle este nombre a mi negocio.<\/p>\n<p style=\"text-align: justify;\"><strong>\u00bfC\u00f3mo consigues superar estas dificultades?<\/strong><\/p>\n<p style=\"text-align: justify;\">Con mucho de esfuerzo personal, dedicando mucho tiempo y todos los recursos econ\u00f3micos que puedo. Cuesta mucho sacar mi profesi\u00f3n art\u00edstica y artesanal adelante, sin\u00a0descuidar\u00a0otros aspectos de mi vida profesional y familiar.<\/p>\n<p style=\"text-align: justify;\">Tambi\u00e9n, gracias al apoyo de amigos y de mi familia y con la ayuda de la Fundaci\u00f3n\u00a0PIMEC, que a trav\u00e9s del programa\u00a0emppersona\u00a0me ha permitido levantar de nuevo la empresa despu\u00e9s de verme obligada a dejar mi actividad profesional parada durante un tiempo. Cuando est\u00e1s emocionalmente tocada y te faltan las fuerzas para continuar, programas como \u00e9ste te ayudan a superar miedos y a salir adelante.<\/p>\n","protected":false},"excerpt":{"rendered":"<p>Mujer, madre, creadora, emprendedora y profesional aut\u00f3noma. Cristina Mart\u00ednez es desde hace 10 a\u00f1os una profesional aut\u00f3noma que se dedica al mundo de la fotograf\u00eda. Inici\u00f3 su carrera en el sector sanitario con la diagnosis de la imagen y, despu\u00e9s de formarse en fotograf\u00eda y dise\u00f1o gr\u00e1fico, cre\u00f3 su empresa &#8220;Delrv\u00e9s&#8221; que ofrece, entre otras cuestiones: videos art\u00edsticos, fotograf\u00eda emocional y social, encuadernaciones y sesiones fotogr\u00e1ficas. Hoy en d\u00eda,\u00a0Delrv\u00e9s\u00a0cuenta con un espacio dentro del estudio de\u00a0Monr\u00f3s\u00a0Copy\u00a0Foto. \u00bfEn qu\u00e9 consiste tu tarea diaria? Me defino como una \u201ccreadora de oportunidades\u201d. Mi sector ha ido experimentando en los \u00faltimos a\u00f1os muchos cambios<\/p>\n","protected":false},"author":30,"featured_media":23235,"comment_status":"open","ping_status":"closed","sticky":false,"template":"","format":"standard","meta":[],"categories":[330],"tags":[724,718],"_links":{"self":[{"href":"https:\/\/www.pimealdia.org\/es\/wp-json\/wp\/v2\/posts\/23239"}],"collection":[{"href":"https:\/\/www.pimealdia.org\/es\/wp-json\/wp\/v2\/posts"}],"about":[{"href":"https:\/\/www.pimealdia.org\/es\/wp-json\/wp\/v2\/types\/post"}],"author":[{"embeddable":true,"href":"https:\/\/www.pimealdia.org\/es\/wp-json\/wp\/v2\/users\/30"}],"replies":[{"embeddable":true,"href":"https:\/\/www.pimealdia.org\/es\/wp-json\/wp\/v2\/comments?post=23239"}],"version-history":[{"count":1,"href":"https:\/\/www.pimealdia.org\/es\/wp-json\/wp\/v2\/posts\/23239\/revisions"}],"predecessor-version":[{"id":23240,"href":"https:\/\/www.pimealdia.org\/es\/wp-json\/wp\/v2\/posts\/23239\/revisions\/23240"}],"wp:featuredmedia":[{"embeddable":true,"href":"https:\/\/www.pimealdia.org\/es\/wp-json\/wp\/v2\/media\/23235"}],"wp:attachment":[{"href":"https:\/\/www.pimealdia.org\/es\/wp-json\/wp\/v2\/media?parent=23239"}],"wp:term":[{"taxonomy":"category","embeddable":true,"href":"https:\/\/www.pimealdia.org\/es\/wp-json\/wp\/v2\/categories?post=23239"},{"taxonomy":"post_tag","embeddable":true,"href":"https:\/\/www.pimealdia.org\/es\/wp-json\/wp\/v2\/tags?post=23239"}],"curies":[{"name":"wp","href":"https:\/\/api.w.org\/{rel}","templated":true}]}}