{"id":23276,"date":"2020-03-09T08:30:07","date_gmt":"2020-03-09T06:30:07","guid":{"rendered":"https:\/\/www.pimealdia.org\/?p=23276\/"},"modified":"2020-03-06T11:57:47","modified_gmt":"2020-03-06T09:57:47","slug":"como-prestacion-por-desempleo-los-autonomos","status":"publish","type":"post","link":"https:\/\/www.pimealdia.org\/es\/como-prestacion-por-desempleo-los-autonomos\/","title":{"rendered":"\u00bfC\u00f3mo es la prestaci\u00f3n por desempleo de los aut\u00f3nomos?"},"content":{"rendered":"<p style=\"text-align: justify;\">El Estatuto del Trabajador Aut\u00f3nomo ha fijado las reglas equitativas para conseguir la equiparaci\u00f3n efectiva del trabajador aut\u00f3nomo respecto a los trabajadores por cuenta ajena (en materia de protecci\u00f3n social), entre otras medidas, con la <strong>prestaci\u00f3n por cese de actividad de los aut\u00f3nomos<\/strong>.<\/p>\n<p style=\"text-align: justify;\">La finalidad de esta prestaci\u00f3n es cubrir las situaciones de finalizaci\u00f3n de la actividad de las personas profesionales aut\u00f3nomas provocadas por una situaci\u00f3n en todo caso <strong>involuntaria<\/strong> y que debe justificarse para poder acceder a la correspondiente prestaci\u00f3n econ\u00f3mica. Esta prestaci\u00f3n por cese est\u00e1 regulada en el texto refundido de la ley general de la Seguridad Social; en el real decreto ley 28\/2018; en el real decreto 1541\/2011, de 31 de octubre, y en la ley 31\/2015, de 9 de septiembre.<\/p>\n<p style=\"text-align: justify;\">Si cumples los requisitos y existe una causa legal que acredite el cese de la actividad, la prestaci\u00f3n ser\u00e1 gestionada por las mutuas colaboradoras con la Seguridad Social o del Instituto Social de la Marina (si es en la entidad que cubre la mencionada contingencia), con la colaboraci\u00f3n de los servicios p\u00fablicos de empleo de las comunidades aut\u00f3nomas.<\/p>\n<p style=\"text-align: justify;\">Desde el 1 de enero de 2019, el decreto ley 28\/2018, de 28 de diciembre, establece que la cotizaci\u00f3n por cese de la actividad es obligatoria, con <strong>ciertas exenciones<\/strong>:<\/p>\n<ul style=\"text-align: justify;\">\n<li>Aut\u00f3nomos en el Sistema Especial para Trabajadores por Cuenta Propia Agrarios (SETA).<\/li>\n<li>Socios de cooperativas incluidos en el RETA que dispongan de un sistema intercooperativo de prestaciones sociales, complementario al sistema de la seguridad social y que cuente con su autorizaci\u00f3n.<\/li>\n<\/ul>\n<p style=\"text-align: justify;\">Quedar\u00e1n cubiertos los <strong>colectivos siguientes<\/strong>:<\/p>\n<ul style=\"text-align: justify;\">\n<li>Personas profesionales aut\u00f3nomas comprendidas en el R\u00e9gimen Especial por Cuenta Propia o Aut\u00f3nomos.<\/li>\n<li>Personas trabajadoras por cuenta propia incluidas en el Sistema Especial de Trabajadores por Cuenta Propia Agrarios y que opten por su cobertura.<\/li>\n<li>Personas trabajadoras por cuenta propia incluidos en el R\u00e9gimen Especial de Trabajadores del Mar.<\/li>\n<\/ul>\n<p style=\"text-align: justify;\">Debemos tener en cuenta los <em>casos de los beneficiarios<\/em> de la tarifa plana:<\/p>\n<ul style=\"text-align: justify;\">\n<li>Los beneficiarios de la tarifa plana anteriores al 1 de enero de 2019 est\u00e1n obligados a cotizar por cese de la actividad.<\/li>\n<li>Los beneficiarios de la tarifa plana posteriores al 31 de diciembre de 2018 est\u00e1n exentos de cotizar por cese de la actividad hasta que finalice la bonificaci\u00f3n. Una vez finalizada, se deber\u00e1 cotizar por todas las contingencias, incluidas las de cese de la actividad y la formaci\u00f3n.<\/li>\n<\/ul>\n<p style=\"text-align: justify;\">Se trata de una prestaci\u00f3n altamente demandada por el colectivo pero que no acaba de contentarse, ya que en la pr\u00e1ctica no es f\u00e1cil de obtener. Seg\u00fan datos de la Seguridad Social, en el cuarto trimestre de 2019 m\u00e1s de 2.900 personas solicitaron esta prestaci\u00f3n, y de \u00e9stas tan s\u00f3lo el 34% fueron beneficiarias de la ayuda.<\/p>\n<p style=\"text-align: justify;\"><strong>Requisitos para acceder<\/strong><\/p>\n<p style=\"text-align: justify;\">Para poder optar al cese de actividad o prestaci\u00f3n por desempleo del aut\u00f3nomo, hay que cumplir estos <strong>requisitos<\/strong>:<\/p>\n<ol style=\"text-align: justify;\">\n<li>Estar afiliado e inscrito en el RETA.<\/li>\n<li>Tener un per\u00edodo m\u00ednimo de cotizaci\u00f3n por cese de actividad, que deber\u00e1 haberse efectuado en los 48 meses anteriores al cese y de manera continuada en al menos 12 meses justo antes del cese.<\/li>\n<li>Estar en situaci\u00f3n legal de cese de actividad, es decir, demostrar que tienes una voluntad activa de reincorporarte al mercado laboral.<\/li>\n<li>No haber alcanzado la edad ordinaria que te d\u00e9 derecho a la jubilaci\u00f3n, salvo que no hayas acreditado el per\u00edodo de cotizaci\u00f3n requerido.<\/li>\n<li>Estar al corriente del pago de las cuotas de la Seguridad Social.<\/li>\n<li>Los aut\u00f3nomos que pierdan la licencia de la actividad por delito penal no tendr\u00e1n derecho al cese de la prestaci\u00f3n de la actividad, pero s\u00ed mantendr\u00e1n este derecho si la retirada del permiso se debe a otros motivos.<\/li>\n<\/ol>\n<p style=\"text-align: justify;\"><strong>Posibles causas del cese:<\/strong><\/p>\n<ul style=\"text-align: justify;\">\n<li>Causas econ\u00f3micas, t\u00e9cnicas, organizativas o de producci\u00f3n (p\u00e9rdidas superiores a un 10% en un ejercicio anual o declaraci\u00f3n judicial de concurso entre otros &#8230;).<\/li>\n<li>Por causas de fuerza mayor que determinen el cese temporal o definitivo de la actividad econ\u00f3mica o profesional.<\/li>\n<li>Por p\u00e9rdida de la licencia administrativa, siempre que \u00e9sta sea un elemento esencial para el desarrollo de la actividad.<\/li>\n<li>Otras causas legales (violencia de g\u00e9nero, divorcio &#8230;).<\/li>\n<\/ul>\n<p style=\"text-align: justify;\"><img loading=\"lazy\" class=\"alignnone wp-image-23280\" src=\"https:\/\/www.pimealdia.org\/wp-content\/uploads\/2020\/03\/cup-of-coffee-1280537_1920-300x199.jpg\" alt=\"\" width=\"675\" height=\"448\" srcset=\"https:\/\/www.pimealdia.org\/wp-content\/uploads\/2020\/03\/cup-of-coffee-1280537_1920-300x199.jpg 300w, https:\/\/www.pimealdia.org\/wp-content\/uploads\/2020\/03\/cup-of-coffee-1280537_1920-1024x681.jpg 1024w, https:\/\/www.pimealdia.org\/wp-content\/uploads\/2020\/03\/cup-of-coffee-1280537_1920-1000x665.jpg 1000w, https:\/\/www.pimealdia.org\/wp-content\/uploads\/2020\/03\/cup-of-coffee-1280537_1920-800x532.jpg 800w, https:\/\/www.pimealdia.org\/wp-content\/uploads\/2020\/03\/cup-of-coffee-1280537_1920-600x399.jpg 600w, https:\/\/www.pimealdia.org\/wp-content\/uploads\/2020\/03\/cup-of-coffee-1280537_1920-400x266.jpg 400w, https:\/\/www.pimealdia.org\/wp-content\/uploads\/2020\/03\/cup-of-coffee-1280537_1920.jpg 1920w\" sizes=\"(max-width: 675px) 100vw, 675px\" \/><\/p>\n<p style=\"text-align: justify;\"><strong>Nacimiento y duraci\u00f3n de la prestaci\u00f3n por cese:<\/strong><\/p>\n<p style=\"text-align: justify;\">Para establecer el momento en que se produce el derecho, debemos tener en cuenta el momento en que se presenta la solicitud. Si se realiza en el plazo que marca la ley, el derecho nace desde el primer d\u00eda del mes siguiente a los efectos de baja como consecuencia del cese de actividad. Si se presenta la solicitud fuera de plazo, el derecho nace al d\u00eda siguiente de la complementaci\u00f3n.<\/p>\n<p style=\"text-align: justify;\">La duraci\u00f3n de la prestaci\u00f3n por cese de la actividad depender\u00e1 del periodo cotizado.<\/p>\n<table>\n<tbody>\n<tr>\n<td><u>Per\u00edodo de cotizaci\u00f3n<\/u><\/td>\n<td><u>Duraci\u00f3n de la prestaci\u00f3n<\/u><\/td>\n<\/tr>\n<tr>\n<td>De 12 a 17 meses<\/td>\n<td>\u00a04 meses<\/td>\n<\/tr>\n<tr>\n<td>De 18 a 23<\/td>\n<td>\u00a06 meses<\/td>\n<\/tr>\n<tr>\n<td>De 24 a 29<\/td>\n<td>\u00a08 meses<\/td>\n<\/tr>\n<tr>\n<td>De 30 a 35<\/td>\n<td>\u00a010 meses<\/td>\n<\/tr>\n<tr>\n<td>De 36 a 42<\/td>\n<td>\u00a012 meses<\/td>\n<\/tr>\n<tr>\n<td>De 43 a 47<\/td>\n<td>\u00a016 meses<\/td>\n<\/tr>\n<tr>\n<td>De 48 o m\u00e1s<\/td>\n<td>\u00a024 meses<\/td>\n<\/tr>\n<\/tbody>\n<\/table>\n<p style=\"text-align: justify;\"><strong>\u00a0<\/strong><strong>Cuant\u00eda de la prestaci\u00f3n econ\u00f3mica <\/strong><\/p>\n<p style=\"text-align: justify;\">Para realizar el c\u00e1lculo de la prestaci\u00f3n econ\u00f3mica debemos multiplicar por 70% la media de las bases de cotizaci\u00f3n de los \u00faltimos 12 meses. Por ejemplo, si durante 12 meses he cotizado por la base m\u00ednima (944,40 \u20ac), se le aplica el 70% y el resultado de esta operaci\u00f3n es la cuant\u00eda de la prestaci\u00f3n por cese de la actividad.<\/p>\n<p style=\"text-align: justify;\">Media de los \u00faltimos 12 meses: 944,40 \u20ac x 12 meses \/ 12 meses = 11.332,8 \u20ac \/ 12 = 944,40 \u20ac<\/p>\n<p style=\"text-align: justify;\">Cuant\u00eda prestaci\u00f3n: 944, 40 \u20ac x 70% = 661,08 \u20ac \/ mes<\/p>\n<p style=\"text-align: justify;\"><strong>Extinci\u00f3n de la prestaci\u00f3n econ\u00f3mica <\/strong><\/p>\n<p style=\"text-align: justify;\">El derecho a la protecci\u00f3n por cese de la actividad finaliza en los supuestos siguientes:<\/p>\n<ul style=\"text-align: justify;\">\n<li>Agotamiento de la duraci\u00f3n de la prestaci\u00f3n.<\/li>\n<li>Realizaci\u00f3n de un trabajo por cuenta ajena o propia por un tiempo superior o igual a 12 meses.<\/li>\n<\/ul>\n<p style=\"text-align: justify;\">Por imposici\u00f3n o sanci\u00f3n y por otras causas establecidas en el art\u00edculo 341 de la LGSS.<\/p>\n","protected":false},"excerpt":{"rendered":"<p>El Estatuto del Trabajador Aut\u00f3nomo ha fijado las reglas equitativas para conseguir la equiparaci\u00f3n efectiva del trabajador aut\u00f3nomo respecto a los trabajadores por cuenta ajena (en materia de protecci\u00f3n social), entre otras medidas, con la prestaci\u00f3n por cese de actividad de los aut\u00f3nomos. La finalidad de esta prestaci\u00f3n es cubrir las situaciones de finalizaci\u00f3n de la actividad de las personas profesionales aut\u00f3nomas provocadas por una situaci\u00f3n en todo caso involuntaria y que debe justificarse para poder acceder a la correspondiente prestaci\u00f3n econ\u00f3mica. Esta prestaci\u00f3n por cese est\u00e1 regulada en el texto refundido de la ley general de la Seguridad Social;<\/p>\n","protected":false},"author":124,"featured_media":23274,"comment_status":"open","ping_status":"closed","sticky":false,"template":"","format":"standard","meta":[],"categories":[342],"tags":[724,718,728,727],"_links":{"self":[{"href":"https:\/\/www.pimealdia.org\/es\/wp-json\/wp\/v2\/posts\/23276"}],"collection":[{"href":"https:\/\/www.pimealdia.org\/es\/wp-json\/wp\/v2\/posts"}],"about":[{"href":"https:\/\/www.pimealdia.org\/es\/wp-json\/wp\/v2\/types\/post"}],"author":[{"embeddable":true,"href":"https:\/\/www.pimealdia.org\/es\/wp-json\/wp\/v2\/users\/124"}],"replies":[{"embeddable":true,"href":"https:\/\/www.pimealdia.org\/es\/wp-json\/wp\/v2\/comments?post=23276"}],"version-history":[{"count":2,"href":"https:\/\/www.pimealdia.org\/es\/wp-json\/wp\/v2\/posts\/23276\/revisions"}],"predecessor-version":[{"id":23282,"href":"https:\/\/www.pimealdia.org\/es\/wp-json\/wp\/v2\/posts\/23276\/revisions\/23282"}],"wp:featuredmedia":[{"embeddable":true,"href":"https:\/\/www.pimealdia.org\/es\/wp-json\/wp\/v2\/media\/23274"}],"wp:attachment":[{"href":"https:\/\/www.pimealdia.org\/es\/wp-json\/wp\/v2\/media?parent=23276"}],"wp:term":[{"taxonomy":"category","embeddable":true,"href":"https:\/\/www.pimealdia.org\/es\/wp-json\/wp\/v2\/categories?post=23276"},{"taxonomy":"post_tag","embeddable":true,"href":"https:\/\/www.pimealdia.org\/es\/wp-json\/wp\/v2\/tags?post=23276"}],"curies":[{"name":"wp","href":"https:\/\/api.w.org\/{rel}","templated":true}]}}