{"id":23415,"date":"2020-03-15T12:22:02","date_gmt":"2020-03-15T10:22:02","guid":{"rendered":"https:\/\/www.pimealdia.org\/?p=23415\/"},"modified":"2020-03-15T12:23:03","modified_gmt":"2020-03-15T10:23:03","slug":"estado-alarma-y-ahora-que","status":"publish","type":"post","link":"https:\/\/www.pimealdia.org\/es\/estado-alarma-y-ahora-que\/","title":{"rendered":"Estado de alarma, \u00bfy ahora qu\u00e9?"},"content":{"rendered":"<p style=\"text-align: justify;\">El estado de alarma confirmado esta madrugada en el BOE sit\u00faa al conjunto del Estado espa\u00f1ol en un nuevo nivel de prevenci\u00f3n contra el\u00a0Covid-19, que ya aplicaba Catalu\u00f1a desde el viernes en los \u00e1mbitos de su competencia. M\u00e1s all\u00e1 de las implicaciones pol\u00edticas, <strong>los efectos sobre la econom\u00eda ser\u00e1n muy graves, especialmente para las peque\u00f1as empresas y en sectores como el comercio, el turismo, el transporte y los servicios a personas y empresas.<\/strong> Las medidas de mitigaci\u00f3n y ayuda a los empresarios y trabajadores del Gobierno espa\u00f1ol se har\u00e1n, pero hay que esperar hasta martes.<\/p>\n<p style=\"text-align: justify;\">El conjunto del pa\u00eds se encuentra hoy por hoy solo a un paso por detr\u00e1s de Italia, que hace d\u00edas que decret\u00f3 su confinamiento nacional. Las acciones radicales en aquel pa\u00eds fueron\u00a0 acompa\u00f1adas de medidas valientes de compensaci\u00f3n, como la suspensi\u00f3n de los pagos de tributos e impuestos, de pr\u00e9stamos bancarios, de recibos de luz y otros suministros, as\u00ed como de <strong>ayudas directas a los trabajadores y aut\u00f3nomos<\/strong>. Habr\u00e1 que ver si el Gobierno espa\u00f1ol podr\u00e1 tomar medidas tan osadas ante los poderosos lobbies.<\/p>\n<p style=\"text-align: justify;\">En clave internacional ya se compara el impacto del\u00a0Covid-19\u00a0a los efectos de los atentados del 11-S del 2001. Aquellos hechos provocaron una parada en el proceso de globalizaci\u00f3n, con medidas contra la libre circulaci\u00f3n de personas, mercanc\u00edas y capitales, lideradas por los Estados Unidos. La duraci\u00f3n fue limitada, y\u00a0en\u00a02004 ya se retomaba el ritmo de crecimiento y globalizaci\u00f3n, posteriormente parado por la crisis econ\u00f3mica de 2008.<\/p>\n<p style=\"text-align: justify;\">Como la protecci\u00f3n de la seguridad nacional fue el leitmotiv de los a\u00f1os posteriores al 11-S, la pandemia actual situar\u00e1 la salud p\u00fablica en una prioridad para muchos pa\u00edses, afectando a los movimientos de personas. <strong>Las empresas tambi\u00e9n rehar\u00e1n las cadenas de valor, ante el riesgo de depender de proveedores lejanos,<\/strong> como ha pasado en los \u00faltimos meses. Por lo tanto, de retruque el comercio mundial se podr\u00eda ver afectado, cuando ya estaba sufriendo la oleada proteccionista comenzada por Donald Trump.<\/p>\n<p style=\"text-align: justify;\"><strong>El\u00a0Covid-19\u00a0tendr\u00e1 un efecto inmediato muy severo sobre nuestro tejido de pymes y aut\u00f3nomos, sobre todo en determinados sectores<\/strong>. Por lo tanto, hace falta que las administraciones tomen <strong>medidas inmediatas y ambiciosas<\/strong> para mitigar el impacto. La mortandad empresarial podr\u00eda si no lograr magnitudes de pandemia.<\/p>\n<p style=\"text-align: justify;\"><strong>En t\u00e9rminos globales se producir\u00e1 un frenazo en la globalizaci\u00f3n<\/strong>, que ya no viv\u00eda sus mejores momentos, pero algunos efectos nos podr\u00edan sorprender. En China, por ejemplo, siempre se ha dicho que la epidemia de\u00a0SARS\u00a0de 2003 hizo crecer el comercio electr\u00f3nico y las redes sociales, con la eclosi\u00f3n de gigantes como\u00a0Alibaba\u00a0y\u00a0Tencent\/Wechat.\u00a0Aqu\u00ed todav\u00eda es pronto para encontrar alg\u00fan efecto positivo del\u00a0Covid-19\u00a0y <strong>ahora mismo toca parar los contagios, evitar las muertes y amortiguar la cat\u00e1strofe econ\u00f3mica.<\/strong><\/p>\n","protected":false},"excerpt":{"rendered":"<p>El estado de alarma confirmado esta madrugada en el BOE sit\u00faa al conjunto del Estado espa\u00f1ol en un nuevo nivel de prevenci\u00f3n contra el\u00a0Covid-19, que ya aplicaba Catalu\u00f1a desde el viernes en los \u00e1mbitos de su competencia. M\u00e1s all\u00e1 de las implicaciones pol\u00edticas, los efectos sobre la econom\u00eda ser\u00e1n muy graves, especialmente para las peque\u00f1as empresas y en sectores como el comercio, el turismo, el transporte y los servicios a personas y empresas. Las medidas de mitigaci\u00f3n y ayuda a los empresarios y trabajadores del Gobierno espa\u00f1ol se har\u00e1n, pero hay que esperar hasta martes. El conjunto del pa\u00eds se<\/p>\n","protected":false},"author":19,"featured_media":23411,"comment_status":"open","ping_status":"closed","sticky":false,"template":"","format":"standard","meta":[],"categories":[342],"tags":[],"_links":{"self":[{"href":"https:\/\/www.pimealdia.org\/es\/wp-json\/wp\/v2\/posts\/23415"}],"collection":[{"href":"https:\/\/www.pimealdia.org\/es\/wp-json\/wp\/v2\/posts"}],"about":[{"href":"https:\/\/www.pimealdia.org\/es\/wp-json\/wp\/v2\/types\/post"}],"author":[{"embeddable":true,"href":"https:\/\/www.pimealdia.org\/es\/wp-json\/wp\/v2\/users\/19"}],"replies":[{"embeddable":true,"href":"https:\/\/www.pimealdia.org\/es\/wp-json\/wp\/v2\/comments?post=23415"}],"version-history":[{"count":1,"href":"https:\/\/www.pimealdia.org\/es\/wp-json\/wp\/v2\/posts\/23415\/revisions"}],"predecessor-version":[{"id":23416,"href":"https:\/\/www.pimealdia.org\/es\/wp-json\/wp\/v2\/posts\/23415\/revisions\/23416"}],"wp:featuredmedia":[{"embeddable":true,"href":"https:\/\/www.pimealdia.org\/es\/wp-json\/wp\/v2\/media\/23411"}],"wp:attachment":[{"href":"https:\/\/www.pimealdia.org\/es\/wp-json\/wp\/v2\/media?parent=23415"}],"wp:term":[{"taxonomy":"category","embeddable":true,"href":"https:\/\/www.pimealdia.org\/es\/wp-json\/wp\/v2\/categories?post=23415"},{"taxonomy":"post_tag","embeddable":true,"href":"https:\/\/www.pimealdia.org\/es\/wp-json\/wp\/v2\/tags?post=23415"}],"curies":[{"name":"wp","href":"https:\/\/api.w.org\/{rel}","templated":true}]}}