{"id":23456,"date":"2020-03-23T13:02:35","date_gmt":"2020-03-23T11:02:35","guid":{"rendered":"https:\/\/www.pimealdia.org\/?p=23456\/"},"modified":"2020-03-23T13:03:39","modified_gmt":"2020-03-23T11:03:39","slug":"las-autoridades-europeas-dan-luz-verde-agilizacion-y-ampliacion-los-apoyos-financieros","status":"publish","type":"post","link":"https:\/\/www.pimealdia.org\/es\/las-autoridades-europeas-dan-luz-verde-agilizacion-y-ampliacion-los-apoyos-financieros\/","title":{"rendered":"Las autoridades europeas dan luz verde a la agilizaci\u00f3n y la ampliaci\u00f3n de los apoyos financieros"},"content":{"rendered":"<p style=\"text-align: justify;\">Ante el impacto econ\u00f3mico que est\u00e1 teniendo el coronavirus en las empresas y los aut\u00f3nomos del pa\u00eds y, en consecuencia, en la vida de la ciudadan\u00eda, el gobierno espa\u00f1ol y el gobierno catal\u00e1n han dibujado soluciones en forma de l\u00edneas de avales <strong>para dotar de liquidez<\/strong> a las empresas en este tiempo de parada de la producci\u00f3n y los servicios.<\/p>\n<p style=\"text-align: justify;\">El <strong>govern de la Generalitat<\/strong>, a trav\u00e9s del Instituto Catal\u00e1n de Finanzas y Avalis, ha lanzado una l\u00ednea de financiaci\u00f3n de 1.000 millones de euros a la que pueden acceder todas las empresas que est\u00e9n sufriendo econ\u00f3micamente por la crisis del coronavirus y que puedan pedir un importe m\u00ednimo de 50.000 euros. Por otra parte, el <strong>gobierno espa\u00f1ol<\/strong>, a trav\u00e9s del Ministerio de Asuntos Econ\u00f3micos, anunci\u00f3 el 17 de marzo una l\u00ednea de avales de 100.000 millones de euros tambi\u00e9n destinada a reforzar la liquidez de las empresas que se hayan visto perjudicadas por la pandemia del Covidien-19.<\/p>\n<p style=\"text-align: justify;\">Estas medidas de \u00e1mbito financiero, sumadas a otras medidas en el \u00e1mbito tributario, de los aut\u00f3nomos y de la contrataci\u00f3n p\u00fablica, deber\u00edan representar una ayuda importante para las empresas, pero a estas alturas nos estamos encontrando con <strong>dos obst\u00e1culos principales<\/strong>. En primer lugar, las medidas de apoyo financiero que he citado se est\u00e1n poniendo a disposici\u00f3n de las empresas a partir de unos <strong>procedimientos demasiado lentos<\/strong>, especialmente la l\u00ednea de avales de 100.000 millones de euros del gobierno espa\u00f1ol, que todav\u00eda no dispone de desarrollo reglamentario. Y, por otro lado, las medidas generales de apoyo econ\u00f3mico son <strong>demasiado limitadas<\/strong>: las exoneraciones de cotizaciones a la Seguridad Social por expedientes de regulaci\u00f3n temporal de empleo (ERTE) deber\u00edan ser aplicables a todos los expedientes presentados por estas circunstancias, y las medidas para el colectivo de aut\u00f3nomos deber\u00edan ser m\u00e1s generosas.<\/p>\n<p style=\"text-align: justify;\"><strong>El visto bueno del BCE y la CE<\/strong><\/p>\n<p style=\"text-align: justify;\">En este contexto, considero que hay <strong>dos factores clave<\/strong> para que sea posible llevar adelante estas medidas de manera m\u00e1s r\u00e1pida y m\u00e1s amplia: la decisi\u00f3n del Banco Central Europeo y la propuesta de la Comisi\u00f3n Europea.<\/p>\n<p style=\"text-align: justify;\">1-La decisi\u00f3n del <strong>Banco Central Europeo<\/strong><\/p>\n<p style=\"text-align: justify;\">El Banco Central Europeo anunci\u00f3 el viernes, 20 de marzo, un conjunto de medidas adicionales para asegurar que las entidades financieras puedan proporcionar a las empresas y los aut\u00f3nomos los avales necesarios ante esta situaci\u00f3n tan excepcional. Unas medidas que se pueden definir en <strong>tres puntos<\/strong>:<\/p>\n<ul style=\"text-align: justify;\">\n<li>El BCE actuar\u00e1 con m\u00e1s flexibilidad supervisora ??en el tratamiento de los pr\u00e9stamos dudosos para que las entidades se beneficien plenamente de las garant\u00edas y las moratorias que establezcan las autoridades p\u00fablicas, con el objetivo de afrontar la situaci\u00f3n actual de la mejor manera.<\/li>\n<li>Los pr\u00e9stamos que pasan a ser dudosos y que est\u00e1n soportados por garant\u00edas p\u00fablicas se beneficiar\u00e1n de un tratamiento prudencial preferente en t\u00e9rminos de expectativas supervisoras sobre dotaci\u00f3n de provisiones por insolvencias.<\/li>\n<li>Las autoridades ser\u00e1n flexibles a la hora de analizar con las entidades de cr\u00e9dito la aplicaci\u00f3n de estrategias de reducci\u00f3n de pr\u00e9stamos dudosos.<\/li>\n<\/ul>\n<p style=\"text-align: justify;\">Con estas medidas queda claro que el BCE es consciente de la necesidad de proporcionar financiaci\u00f3n y liquidez a las empresas y los aut\u00f3nomos europeos, as\u00ed que, teniendo en cuenta este apoyo, es necesario que los ministerios espa\u00f1oles correspondientes, el Banco de Espa\u00f1a y el sector financiero asuman el compromiso de <strong>poner a disposici\u00f3n de manera inmediata<\/strong> el paquete de medidas de apoyo financiero anunciado con el real decreto ley 8\/2020 hace casi una semana.<\/p>\n<p style=\"text-align: justify;\">2-La propuesta de la <strong>Comisi\u00f3n Europea<\/strong><\/p>\n<p style=\"text-align: justify;\">Tambi\u00e9n el viernes, 20 de marzo, la Comisi\u00f3n Europea propuso <strong>activar la cl\u00e1usula general de escape del Pacto de Estabilidad <\/strong>(PEC) para responder de manera r\u00e1pida y coordinada a los efectos negativos que est\u00e1 teniendo el Covid-19 en la econom\u00eda europea.<\/p>\n<p style=\"text-align: justify;\">El Pacto de Estabilidad y Crecimiento es un conjunto de reglas que, por ejemplo, limitan el d\u00e9ficit y la deuda p\u00fablica de los pa\u00edses al 3% y al 60% del PIB, respectivamente, y que permite a las autoridades comunitarias abrir expedientes a las capitales que incumplen estos umbrales. As\u00ed pues, la suspensi\u00f3n temporal de este pacto por parte de la Comisi\u00f3n Europea abre la puerta a los gobiernos nacionales a <strong>elevar el gasto p\u00fablico<\/strong> todo lo que sea necesario para combatir la propagaci\u00f3n del coronavirus y mitigar las consecuencias econ\u00f3micas.<\/p>\n<p style=\"text-align: justify;\">En este sentido, es necesario que las medidas de apoyo econ\u00f3mico de los gobiernos espa\u00f1ol y catal\u00e1n <strong>sean generosas<\/strong>, porque las pautas presupuestarias de la Uni\u00f3n Europea lo permiten y porque s\u00f3lo as\u00ed se puede afrontar adecuadamente la crisis generada por el coronavirus.<\/p>\n<p style=\"text-align: justify;\">Habiendo analizado el posicionamiento de las autoridades comunitarias, la conclusi\u00f3n es que la puesta en funcionamiento de las medidas econ\u00f3micas y financieras presentadas por los gobiernos debe ser r\u00e1pida, efectiva y amplia, porque se integran plenamente en el marco general europeo de gesti\u00f3n de la crisis y porque permitir\u00e1n mantener la solidez del tejido econ\u00f3mica y empresarial del pa\u00eds. Las medidas del BCE y la CE deben permitir <strong>la agilizaci\u00f3n y la ampliaci\u00f3n de los apoyos econ\u00f3micos y financieros<\/strong> para hacer frente al impacto del Covid-19.<\/p>\n","protected":false},"excerpt":{"rendered":"<p>Ante el impacto econ\u00f3mico que est\u00e1 teniendo el coronavirus en las empresas y los aut\u00f3nomos del pa\u00eds y, en consecuencia, en la vida de la ciudadan\u00eda, el gobierno espa\u00f1ol y el gobierno catal\u00e1n han dibujado soluciones en forma de l\u00edneas de avales para dotar de liquidez a las empresas en este tiempo de parada de la producci\u00f3n y los servicios. El govern de la Generalitat, a trav\u00e9s del Instituto Catal\u00e1n de Finanzas y Avalis, ha lanzado una l\u00ednea de financiaci\u00f3n de 1.000 millones de euros a la que pueden acceder todas las empresas que est\u00e9n sufriendo econ\u00f3micamente por la crisis<\/p>\n","protected":false},"author":133,"featured_media":23450,"comment_status":"open","ping_status":"closed","sticky":false,"template":"","format":"standard","meta":[],"categories":[330,342],"tags":[741,742,781],"_links":{"self":[{"href":"https:\/\/www.pimealdia.org\/es\/wp-json\/wp\/v2\/posts\/23456"}],"collection":[{"href":"https:\/\/www.pimealdia.org\/es\/wp-json\/wp\/v2\/posts"}],"about":[{"href":"https:\/\/www.pimealdia.org\/es\/wp-json\/wp\/v2\/types\/post"}],"author":[{"embeddable":true,"href":"https:\/\/www.pimealdia.org\/es\/wp-json\/wp\/v2\/users\/133"}],"replies":[{"embeddable":true,"href":"https:\/\/www.pimealdia.org\/es\/wp-json\/wp\/v2\/comments?post=23456"}],"version-history":[{"count":2,"href":"https:\/\/www.pimealdia.org\/es\/wp-json\/wp\/v2\/posts\/23456\/revisions"}],"predecessor-version":[{"id":23458,"href":"https:\/\/www.pimealdia.org\/es\/wp-json\/wp\/v2\/posts\/23456\/revisions\/23458"}],"wp:featuredmedia":[{"embeddable":true,"href":"https:\/\/www.pimealdia.org\/es\/wp-json\/wp\/v2\/media\/23450"}],"wp:attachment":[{"href":"https:\/\/www.pimealdia.org\/es\/wp-json\/wp\/v2\/media?parent=23456"}],"wp:term":[{"taxonomy":"category","embeddable":true,"href":"https:\/\/www.pimealdia.org\/es\/wp-json\/wp\/v2\/categories?post=23456"},{"taxonomy":"post_tag","embeddable":true,"href":"https:\/\/www.pimealdia.org\/es\/wp-json\/wp\/v2\/tags?post=23456"}],"curies":[{"name":"wp","href":"https:\/\/api.w.org\/{rel}","templated":true}]}}