{"id":23553,"date":"2020-04-14T13:31:50","date_gmt":"2020-04-14T11:31:50","guid":{"rendered":"https:\/\/www.pimealdia.org\/?p=23553\/"},"modified":"2020-04-14T13:32:31","modified_gmt":"2020-04-14T11:32:31","slug":"necesidad-ayudas-directas-ante-crisis-covid-19","status":"publish","type":"post","link":"https:\/\/www.pimealdia.org\/es\/necesidad-ayudas-directas-ante-crisis-covid-19\/","title":{"rendered":"Necesidad de ayudas directas ante la crisis del Covid-19"},"content":{"rendered":"<p style=\"text-align: justify;\">Despu\u00e9s de cuatro semanas de estado de alarma para hacer frente a los efectos del\u00a0Covid-19, tenemos algunos elementos ya definidos que condicionan de forma importante el futuro del tejido empresarial de pymes y aut\u00f3nomos.<\/p>\n<p style=\"text-align: justify;\">En primer lugar, hay que constatar que el Gobierno no ha querido considerar al tejido empresarial como sist\u00e9mico, tal y como s\u00ed hizo al considerar al sector financiero como tal, realizando un elevado esfuerzo en t\u00e9rminos de ayudas directas. Recordamos que, seg\u00fan el Tribunal de Cuentas, los recursos p\u00fablicos comprometidos para la reestructuraci\u00f3n de la banca fueron los siguientes:<\/p>\n<ul style=\"text-align: justify;\">\n<li>Ayudas directas: 122.122 millones de euros.<\/li>\n<li>Avales por un importe de 85.965 millones de euros.<\/li>\n<li>Emisiones de deuda s\u00e9nior de la sociedad\u00a0Sareb\u00a0avaladas mediante el Estado por un importe de 43.476 millones de euros.<\/li>\n<\/ul>\n<p style=\"text-align: justify;\">Adem\u00e1s, recordamos que la banca no tuvo la obligaci\u00f3n de mantener puestos de trabajo, como s\u00ed se est\u00e1 exigiendo en estos momentos a las empresas.<\/p>\n<p style=\"text-align: justify;\">En segundo lugar, y como consecuencia de lo anterior, <strong>el hecho de que no se apueste por la ayuda directa ha llevado a que la parte principal de las medidas sea financiera, y a que el coste del estado de alarma recaiga sobre las pymes y los aut\u00f3nomos.<\/strong> Por lo tanto, las empresas saldr\u00e1n de la crisis con un mayor endeudamiento. <strong>Este elemento condicionar\u00e1 la capacidad futura de crecimiento y creaci\u00f3n de empleo.<\/strong><\/p>\n<p style=\"text-align: justify;\"><img loading=\"lazy\" class=\"size-medium wp-image-23547 alignright\" src=\"https:\/\/www.pimealdia.org\/wp-content\/uploads\/2020\/04\/pexels-photo-210600-300x300.jpeg\" alt=\"\" width=\"300\" height=\"300\" srcset=\"https:\/\/www.pimealdia.org\/wp-content\/uploads\/2020\/04\/pexels-photo-210600-300x300.jpeg 300w, https:\/\/www.pimealdia.org\/wp-content\/uploads\/2020\/04\/pexels-photo-210600-150x150.jpeg 150w, https:\/\/www.pimealdia.org\/wp-content\/uploads\/2020\/04\/pexels-photo-210600-1024x1024.jpeg 1024w, https:\/\/www.pimealdia.org\/wp-content\/uploads\/2020\/04\/pexels-photo-210600-800x800.jpeg 800w, https:\/\/www.pimealdia.org\/wp-content\/uploads\/2020\/04\/pexels-photo-210600-600x600.jpeg 600w, https:\/\/www.pimealdia.org\/wp-content\/uploads\/2020\/04\/pexels-photo-210600-400x400.jpeg 400w, https:\/\/www.pimealdia.org\/wp-content\/uploads\/2020\/04\/pexels-photo-210600-100x100.jpeg 100w, https:\/\/www.pimealdia.org\/wp-content\/uploads\/2020\/04\/pexels-photo-210600-50x50.jpeg 50w, https:\/\/www.pimealdia.org\/wp-content\/uploads\/2020\/04\/pexels-photo-210600.jpeg 1300w\" sizes=\"(max-width: 300px) 100vw, 300px\" \/>En tercer lugar, la recuperaci\u00f3n de la actividad, especialmente en determinados sectores como el comercio y el turismo, pero tambi\u00e9n en otros relacionados, no ser\u00e1 inmediata y requerir\u00e1 que la sociedad vuelva a coger confianza.<\/p>\n<p style=\"text-align: justify;\">Finalmente, hay que <strong>constatar que las estrategias empresariales se tendr\u00e1n que adaptar a cambios que con esta crisis sanitaria se han acelerado o generado<\/strong>. Podemos mencionar algunos ejemplos, pero a buen seguro surgir\u00e1n muchos m\u00e1s:<\/p>\n<ul style=\"text-align: justify;\">\n<li>Aceleraci\u00f3n de la venta digital y redefinici\u00f3n del comercio.<\/li>\n<li>C\u00f3mo ser\u00e1n los futuros restaurantes y acontecimientos.<\/li>\n<li>C\u00f3mo cambiar\u00e1 la cadena de valor en t\u00e9rminos geogr\u00e1ficos.<\/li>\n<li>C\u00f3mo se organizar\u00e1 el trabajo en las empresas y c\u00f3mo se afrontar\u00e1 la pol\u00edtica de riesgos laborales.<\/li>\n<\/ul>\n<p style=\"text-align: justify;\">En definitiva, debemos concienciarnos de que la situaci\u00f3n que afrontamos no puede considerarse como coyuntural, sino que hay que tratarla como estructural. <strong>Por lo tanto, es necesario pensar en poner en marcha un plan que tenga en cuenta las bonificaciones fiscales para compensar las p\u00e9rdidas derivadas del estado de alarma; las bonificaciones de cuotas a la Seguridad Social; planes de apoyo a estrategias posconfinamiento, as\u00ed como considerar el pago de cuotas por pr\u00e9stamos como partida deducible en el Impuesto sobre Sociedades, como medida para compensar, en parte, el esfuerzo de endeudamiento.<\/strong><\/p>\n<p style=\"text-align: justify;\">\n<p style=\"text-align: justify;\">\n","protected":false},"excerpt":{"rendered":"<p>Despu\u00e9s de cuatro semanas de estado de alarma para hacer frente a los efectos del\u00a0Covid-19, tenemos algunos elementos ya definidos que condicionan de forma importante el futuro del tejido empresarial de pymes y aut\u00f3nomos. En primer lugar, hay que constatar que el Gobierno no ha querido considerar al tejido empresarial como sist\u00e9mico, tal y como s\u00ed hizo al considerar al sector financiero como tal, realizando un elevado esfuerzo en t\u00e9rminos de ayudas directas. Recordamos que, seg\u00fan el Tribunal de Cuentas, los recursos p\u00fablicos comprometidos para la reestructuraci\u00f3n de la banca fueron los siguientes: Ayudas directas: 122.122 millones de euros. Avales<\/p>\n","protected":false},"author":133,"featured_media":23550,"comment_status":"open","ping_status":"closed","sticky":false,"template":"","format":"standard","meta":[],"categories":[342],"tags":[],"_links":{"self":[{"href":"https:\/\/www.pimealdia.org\/es\/wp-json\/wp\/v2\/posts\/23553"}],"collection":[{"href":"https:\/\/www.pimealdia.org\/es\/wp-json\/wp\/v2\/posts"}],"about":[{"href":"https:\/\/www.pimealdia.org\/es\/wp-json\/wp\/v2\/types\/post"}],"author":[{"embeddable":true,"href":"https:\/\/www.pimealdia.org\/es\/wp-json\/wp\/v2\/users\/133"}],"replies":[{"embeddable":true,"href":"https:\/\/www.pimealdia.org\/es\/wp-json\/wp\/v2\/comments?post=23553"}],"version-history":[{"count":1,"href":"https:\/\/www.pimealdia.org\/es\/wp-json\/wp\/v2\/posts\/23553\/revisions"}],"predecessor-version":[{"id":23554,"href":"https:\/\/www.pimealdia.org\/es\/wp-json\/wp\/v2\/posts\/23553\/revisions\/23554"}],"wp:featuredmedia":[{"embeddable":true,"href":"https:\/\/www.pimealdia.org\/es\/wp-json\/wp\/v2\/media\/23550"}],"wp:attachment":[{"href":"https:\/\/www.pimealdia.org\/es\/wp-json\/wp\/v2\/media?parent=23553"}],"wp:term":[{"taxonomy":"category","embeddable":true,"href":"https:\/\/www.pimealdia.org\/es\/wp-json\/wp\/v2\/categories?post=23553"},{"taxonomy":"post_tag","embeddable":true,"href":"https:\/\/www.pimealdia.org\/es\/wp-json\/wp\/v2\/tags?post=23553"}],"curies":[{"name":"wp","href":"https:\/\/api.w.org\/{rel}","templated":true}]}}