{"id":23568,"date":"2020-04-15T12:00:50","date_gmt":"2020-04-15T10:00:50","guid":{"rendered":"https:\/\/www.pimealdia.org\/?p=23568\/"},"modified":"2020-04-15T12:01:17","modified_gmt":"2020-04-15T10:01:17","slug":"corresponsabilidad-las-empresas-y-los-trabajadores-ante-prevencion-riesgos-laborales-relacionados-con-covid-19","status":"publish","type":"post","link":"https:\/\/www.pimealdia.org\/es\/corresponsabilidad-las-empresas-y-los-trabajadores-ante-prevencion-riesgos-laborales-relacionados-con-covid-19\/","title":{"rendered":"La corresponsabilidad de las empresas y los trabajadores ante la prevenci\u00f3n de riesgos laborales relacionados con el Covid-19"},"content":{"rendered":"<p style=\"text-align: justify;\">La crisis sanitaria del Covid-19 expone a los trabajadores y a las empresas al riesgo, invisible pero cierto, de accidente de trabajo por contagio circunstancial de coronavirus en el entorno laboral. Este escenario requiere que <strong>empresas y personas trabajadoras tomen con actitud de corresponsabilidad medidas excepcionales de prevenci\u00f3n<\/strong>.<\/p>\n<p style=\"text-align: justify;\">Esta corresponsabilidad no es al\u00edcuota, puesto que <strong>es la empresa la que tiene\u00a0el deber de velar por la seguridad y, por lo tanto, la responsable de decidir sobre la gesti\u00f3n de la prevenci\u00f3n de los riesgos laborales<\/strong>, sin perjuicio de los derechos de consulta, participaci\u00f3n y representaci\u00f3n de los trabajadores en esta materia. As\u00ed pues, los servicios de prevenci\u00f3n de riesgos, propios o ajenos, tendr\u00e1n que jugar un papel de asesoramiento espec\u00edfico con el dise\u00f1o y la ejecuci\u00f3n\u00a0de las medidas que se tomen en cada empresa.<\/p>\n<p style=\"text-align: justify;\"><img loading=\"lazy\" class=\"size-medium wp-image-23564 alignleft\" src=\"https:\/\/www.pimealdia.org\/wp-content\/uploads\/2020\/04\/pexels-photo-3786120-200x300.jpeg\" alt=\"\" width=\"200\" height=\"300\" srcset=\"https:\/\/www.pimealdia.org\/wp-content\/uploads\/2020\/04\/pexels-photo-3786120-200x300.jpeg 200w, https:\/\/www.pimealdia.org\/wp-content\/uploads\/2020\/04\/pexels-photo-3786120-683x1024.jpeg 683w, https:\/\/www.pimealdia.org\/wp-content\/uploads\/2020\/04\/pexels-photo-3786120-534x800.jpeg 534w, https:\/\/www.pimealdia.org\/wp-content\/uploads\/2020\/04\/pexels-photo-3786120-400x600.jpeg 400w, https:\/\/www.pimealdia.org\/wp-content\/uploads\/2020\/04\/pexels-photo-3786120-267x400.jpeg 267w, https:\/\/www.pimealdia.org\/wp-content\/uploads\/2020\/04\/pexels-photo-3786120.jpeg 867w\" sizes=\"(max-width: 200px) 100vw, 200px\" \/>Por razones de inter\u00e9s p\u00fablico y ante la propagaci\u00f3n epid\u00e9mica, varios organismos oficiales han publicado recomendaciones sobre las medidas a aplicar.<\/p>\n<p style=\"text-align: justify;\"><strong>El Ministerio de Sanidad<\/strong> ha publicado y va actualizando un documento llamado \u201c<a href=\"https:\/\/www.mscbs.gob.es\/profesionales\/saludPublica\/ccayes\/alertasActual\/nCov-China\/documentos\/PrevencionRRLL_COVID-19.pdf\">Procedimiento de actuaci\u00f3n para los Servicios de Prevenci\u00f3n de Riesgos Laborales frente a la exposici\u00f3n al SARS-CoV-2<\/a>\u201d que ha sido elaborada con la participaci\u00f3n del Instituto de Seguridad y Salud en el Trabajo y asociaciones profesionales del \u00e1mbito de la sanidad y la seguridad en el trabajo (actualizado el 08\/04\/2020).<\/p>\n<p style=\"text-align: justify;\"><strong>El Consejo de Relaciones Laborales de Catalu\u00f1a<\/strong> ha difundido unas \u201c<a href=\"https:\/\/treballiaferssocials.gencat.cat\/web\/.content\/01departament\/coronavirus\/recomanacions-empreses-treballadors-crl.pdf\">Recomendaciones para empresas y personas trabajadoras sobre actuaciones vinculadas a las situaciones que se puedan producir por el efecto del coronavirus SARS-CoV-2<\/a>\u201d (actualizado el 12\/04\/2020).<\/p>\n<p style=\"text-align: justify;\"><img loading=\"lazy\" class=\"size-medium wp-image-23562 alignright\" src=\"https:\/\/www.pimealdia.org\/wp-content\/uploads\/2020\/04\/pexels-photo-545014-300x200.jpeg\" alt=\"\" width=\"300\" height=\"200\" srcset=\"https:\/\/www.pimealdia.org\/wp-content\/uploads\/2020\/04\/pexels-photo-545014-300x200.jpeg 300w, https:\/\/www.pimealdia.org\/wp-content\/uploads\/2020\/04\/pexels-photo-545014-1024x683.jpeg 1024w, https:\/\/www.pimealdia.org\/wp-content\/uploads\/2020\/04\/pexels-photo-545014-1000x667.jpeg 1000w, https:\/\/www.pimealdia.org\/wp-content\/uploads\/2020\/04\/pexels-photo-545014-800x534.jpeg 800w, https:\/\/www.pimealdia.org\/wp-content\/uploads\/2020\/04\/pexels-photo-545014-600x400.jpeg 600w, https:\/\/www.pimealdia.org\/wp-content\/uploads\/2020\/04\/pexels-photo-545014-400x267.jpeg 400w, https:\/\/www.pimealdia.org\/wp-content\/uploads\/2020\/04\/pexels-photo-545014.jpeg 1880w\" sizes=\"(max-width: 300px) 100vw, 300px\" \/>A nivel normativo, y aparte de la legislaci\u00f3n general sobre prevenci\u00f3n de riesgos laborales, las medidas preventivas toman como marco espec\u00edfico de referencia\u00a0en el <strong>Real Decreto 664\/1997, de 12 de mayo<\/strong>, sobre la <a href=\"https:\/\/www.boe.es\/buscar\/pdf\/1997\/BOE-A-1997-11144-consolidado.pdf\">protecci\u00f3n de los trabajadores contra los riesgos relacionados con la exposici\u00f3n a agentes biol\u00f3gicos durante el trabajo<\/a>. De acuerdo con esta norma es fundamental la revisi\u00f3n y actualizaci\u00f3n permanente de la evaluaci\u00f3n de riesgos laborales teniendo en cuenta toda la informaci\u00f3n disponible y, en particular, las recomendaciones de las autoridades sanitarias sobre la conveniencia de controlar el agente biol\u00f3gico a fin de proteger la salud de los trabajadores que est\u00e9n o puedan estar expuestos a este agente por raz\u00f3n de su trabajo.<\/p>\n<p style=\"text-align: justify;\"><strong>El incumplimiento de las medidas preventivas exigibles a la empresa puede comportar infracciones con consecuencias de car\u00e1cter sancionador<\/strong>. Por un lado, pueden ser sancionadas con una multa por infracciones administrativas de la orden social en materia de prevenci\u00f3n de riesgos laborales. Por otro lado, se les puede imponer la responsabilidad en relaci\u00f3n al recargo de las prestaciones de seguridad social de los trabajadores que hayan sufrido un accidente de trabajo por contagio.<\/p>\n","protected":false},"excerpt":{"rendered":"<p>La crisis sanitaria del Covid-19 expone a los trabajadores y a las empresas al riesgo, invisible pero cierto, de accidente de trabajo por contagio circunstancial de coronavirus en el entorno laboral. Este escenario requiere que empresas y personas trabajadoras tomen con actitud de corresponsabilidad medidas excepcionales de prevenci\u00f3n. Esta corresponsabilidad no es al\u00edcuota, puesto que es la empresa la que tiene\u00a0el deber de velar por la seguridad y, por lo tanto, la responsable de decidir sobre la gesti\u00f3n de la prevenci\u00f3n de los riesgos laborales, sin perjuicio de los derechos de consulta, participaci\u00f3n y representaci\u00f3n de los trabajadores en esta<\/p>\n","protected":false},"author":129,"featured_media":23561,"comment_status":"open","ping_status":"closed","sticky":false,"template":"","format":"standard","meta":[],"categories":[330],"tags":[780],"_links":{"self":[{"href":"https:\/\/www.pimealdia.org\/es\/wp-json\/wp\/v2\/posts\/23568"}],"collection":[{"href":"https:\/\/www.pimealdia.org\/es\/wp-json\/wp\/v2\/posts"}],"about":[{"href":"https:\/\/www.pimealdia.org\/es\/wp-json\/wp\/v2\/types\/post"}],"author":[{"embeddable":true,"href":"https:\/\/www.pimealdia.org\/es\/wp-json\/wp\/v2\/users\/129"}],"replies":[{"embeddable":true,"href":"https:\/\/www.pimealdia.org\/es\/wp-json\/wp\/v2\/comments?post=23568"}],"version-history":[{"count":1,"href":"https:\/\/www.pimealdia.org\/es\/wp-json\/wp\/v2\/posts\/23568\/revisions"}],"predecessor-version":[{"id":23569,"href":"https:\/\/www.pimealdia.org\/es\/wp-json\/wp\/v2\/posts\/23568\/revisions\/23569"}],"wp:featuredmedia":[{"embeddable":true,"href":"https:\/\/www.pimealdia.org\/es\/wp-json\/wp\/v2\/media\/23561"}],"wp:attachment":[{"href":"https:\/\/www.pimealdia.org\/es\/wp-json\/wp\/v2\/media?parent=23568"}],"wp:term":[{"taxonomy":"category","embeddable":true,"href":"https:\/\/www.pimealdia.org\/es\/wp-json\/wp\/v2\/categories?post=23568"},{"taxonomy":"post_tag","embeddable":true,"href":"https:\/\/www.pimealdia.org\/es\/wp-json\/wp\/v2\/tags?post=23568"}],"curies":[{"name":"wp","href":"https:\/\/api.w.org\/{rel}","templated":true}]}}