{"id":23617,"date":"2020-04-27T12:41:03","date_gmt":"2020-04-27T10:41:03","guid":{"rendered":"https:\/\/www.pimealdia.org\/?p=23617\/"},"modified":"2020-04-27T12:41:37","modified_gmt":"2020-04-27T10:41:37","slug":"prevencion-riesgos-laborales-asignatura-pendiente","status":"publish","type":"post","link":"https:\/\/www.pimealdia.org\/es\/prevencion-riesgos-laborales-asignatura-pendiente\/","title":{"rendered":"La prevenci\u00f3n de riesgos laborales; una asignatura pendiente"},"content":{"rendered":"<p style=\"text-align: justify;\">Quiero empezar con una peque\u00f1a vieja historia: \u201cHab\u00eda una vez cuatro individuos denominados Todos, Alguien, Nadie y Cualquiera. Siempre que hab\u00eda una tarea, Todos estaba seguro de que Alguien la har\u00eda. Cualquiera podr\u00eda haberla hecho y Nadie la hizo. Alguien se puso nervioso porque Todos ten\u00eda el deber de hacerla. Finalmente, Todos culp\u00f3 a Alguien cuando Nadie hizo lo que Cualquiera podr\u00eda haber hecho\u201d.<\/p>\n<p style=\"text-align: justify;\">Despu\u00e9s de esta historia introductoria, quiero destacar que estamos sufriendo una pandemia muy importante y totalmente desconocida. Todos tenemos miedo, no solo por nuestra salud, sino tambi\u00e9n por las p\u00e9rdidas econ\u00f3micas que puede comportar esta crisis.<\/p>\n<p style=\"text-align: justify;\"><strong><img loading=\"lazy\" class=\"size-medium wp-image-23564 alignright\" src=\"https:\/\/www.pimealdia.org\/wp-content\/uploads\/2020\/04\/pexels-photo-3786120-200x300.jpeg\" alt=\"\" width=\"200\" height=\"300\" srcset=\"https:\/\/www.pimealdia.org\/wp-content\/uploads\/2020\/04\/pexels-photo-3786120-200x300.jpeg 200w, https:\/\/www.pimealdia.org\/wp-content\/uploads\/2020\/04\/pexels-photo-3786120-683x1024.jpeg 683w, https:\/\/www.pimealdia.org\/wp-content\/uploads\/2020\/04\/pexels-photo-3786120-534x800.jpeg 534w, https:\/\/www.pimealdia.org\/wp-content\/uploads\/2020\/04\/pexels-photo-3786120-400x600.jpeg 400w, https:\/\/www.pimealdia.org\/wp-content\/uploads\/2020\/04\/pexels-photo-3786120-267x400.jpeg 267w, https:\/\/www.pimealdia.org\/wp-content\/uploads\/2020\/04\/pexels-photo-3786120.jpeg 867w\" sizes=\"(max-width: 200px) 100vw, 200px\" \/>Nos estamos preparando para una reanudaci\u00f3n de la actividad econ\u00f3mica, comercial e industrial<\/strong>. Estos d\u00edas hemos aprendido qu\u00e9 es una\u00a0mascarilla\u00a0FFP2, FFP3, unas gafas de protecci\u00f3n, las pantallas de seguridad, los guantes de nitrilo, l\u00e1tex, etc. Ahora es cuando nos acordamos de la Prevenci\u00f3n de Riesgos Laborales y todos tenemos prisa por aprender y llevar a cabo <strong>medidas preventivas que nos puedan aislar del maldito virus\u00a0SARS-CoV-2\u00a0y para no contraer la enfermedad de la\u00a0Covid-19<\/strong>.<\/p>\n<p style=\"text-align: justify;\">Esta enfermedad es un riesgo m\u00e1s de los que tenemos en nuestro entorno laboral: ahora pensamos en el coste econ\u00f3mico y decimos que no podemos aguantar ni un d\u00eda m\u00e1s; <strong>ahora vemos cu\u00e1l es el coste real de la no prevenci\u00f3n<\/strong>. Decimos que las Administraciones P\u00fablicas no han hecho prevenci\u00f3n y, <strong>de repente, creemos en la prevenci\u00f3n de riesgos laborales<\/strong>. En aquello que cada vez que o\u00edamos, dec\u00edamos que era un gasto y un\u00a0incordio.<\/p>\n<p style=\"text-align: justify;\"><strong>Las empresas, los trabajadores, los aut\u00f3nomos, en resumen, todos debemos tener presente la prevenci\u00f3n en todo momento, todas las empresas tienen que disponer de sus planes de prevenci\u00f3n desde el mismo inicio de la actividad<\/strong>. Ahora haremos unos planes muy r\u00edgidos para empezar de nuevo a trabajar, en un entorno donde existe la probabilidad de infectarnos y enfermar, pero \u00bftendremos el mismo cuidado con los riesgos intr\u00ednsecos de nuestros puestos de trabajo? Las ca\u00eddas, las electrocuciones, los cortes, las posturas forzadas, los sobreesfuerzos, la fatiga mental, el\u00a0acoso laboral&#8230; \u00bfO, por el contrario, solo pensaremos en la\u00a0Covid-19?<\/p>\n<p style=\"text-align: justify;\">Debemos integrar la prevenci\u00f3n de los riesgos laborales y la cultura preventiva en nuestra vida cotidiana, <strong>debemos acostumbrarnos a trabajar teniendo en cuenta la prevenci\u00f3n de riesgos laborales<\/strong>. No dejemos para ma\u00f1ana lo que podr\u00edamos haber hecho ayer.<\/p>\n<p style=\"text-align: justify;\">\nM\u00e0rius Mart\u00ed<br \/>\n\u00c1rea\u00a0de Prevenci\u00f3n de Riesgos Laborales del departamento Jur\u00eddico de\u00a0PIMEC<\/p>\n<p>&nbsp;<\/p>\n","protected":false},"excerpt":{"rendered":"<p>Quiero empezar con una peque\u00f1a vieja historia: \u201cHab\u00eda una vez cuatro individuos denominados Todos, Alguien, Nadie y Cualquiera. Siempre que hab\u00eda una tarea, Todos estaba seguro de que Alguien la har\u00eda. Cualquiera podr\u00eda haberla hecho y Nadie la hizo. Alguien se puso nervioso porque Todos ten\u00eda el deber de hacerla. Finalmente, Todos culp\u00f3 a Alguien cuando Nadie hizo lo que Cualquiera podr\u00eda haber hecho\u201d. Despu\u00e9s de esta historia introductoria, quiero destacar que estamos sufriendo una pandemia muy importante y totalmente desconocida. Todos tenemos miedo, no solo por nuestra salud, sino tambi\u00e9n por las p\u00e9rdidas econ\u00f3micas que puede comportar esta crisis.<\/p>\n","protected":false},"author":134,"featured_media":23614,"comment_status":"open","ping_status":"closed","sticky":false,"template":"","format":"standard","meta":[],"categories":[342],"tags":[780],"_links":{"self":[{"href":"https:\/\/www.pimealdia.org\/es\/wp-json\/wp\/v2\/posts\/23617"}],"collection":[{"href":"https:\/\/www.pimealdia.org\/es\/wp-json\/wp\/v2\/posts"}],"about":[{"href":"https:\/\/www.pimealdia.org\/es\/wp-json\/wp\/v2\/types\/post"}],"author":[{"embeddable":true,"href":"https:\/\/www.pimealdia.org\/es\/wp-json\/wp\/v2\/users\/134"}],"replies":[{"embeddable":true,"href":"https:\/\/www.pimealdia.org\/es\/wp-json\/wp\/v2\/comments?post=23617"}],"version-history":[{"count":1,"href":"https:\/\/www.pimealdia.org\/es\/wp-json\/wp\/v2\/posts\/23617\/revisions"}],"predecessor-version":[{"id":23618,"href":"https:\/\/www.pimealdia.org\/es\/wp-json\/wp\/v2\/posts\/23617\/revisions\/23618"}],"wp:featuredmedia":[{"embeddable":true,"href":"https:\/\/www.pimealdia.org\/es\/wp-json\/wp\/v2\/media\/23614"}],"wp:attachment":[{"href":"https:\/\/www.pimealdia.org\/es\/wp-json\/wp\/v2\/media?parent=23617"}],"wp:term":[{"taxonomy":"category","embeddable":true,"href":"https:\/\/www.pimealdia.org\/es\/wp-json\/wp\/v2\/categories?post=23617"},{"taxonomy":"post_tag","embeddable":true,"href":"https:\/\/www.pimealdia.org\/es\/wp-json\/wp\/v2\/tags?post=23617"}],"curies":[{"name":"wp","href":"https:\/\/api.w.org\/{rel}","templated":true}]}}