{"id":23713,"date":"2020-05-13T11:39:51","date_gmt":"2020-05-13T09:39:51","guid":{"rendered":"https:\/\/www.pimealdia.org\/?p=23713\/"},"modified":"2020-05-13T11:41:41","modified_gmt":"2020-05-13T09:41:41","slug":"cierre-total-conca-odena-y-las-afectaciones-economicas-las-pymes-zona","status":"publish","type":"post","link":"https:\/\/www.pimealdia.org\/es\/cierre-total-conca-odena-y-las-afectaciones-economicas-las-pymes-zona\/","title":{"rendered":"El cierre total de la Conca de \u00d3dena y las afectaciones econ\u00f3micas a las pymes de la zona"},"content":{"rendered":"<p style=\"text-align: justify;\">La situaci\u00f3n de confinamiento derivada del estado de alarma decretado a ra\u00edz de la crisis sanitaria del\u00a0coronavirus\u00a0ha afectado econ\u00f3micamente a muchas pymes y aut\u00f3nomos. En concreto, la Conca de \u00d3dena ha sido uno de los territorios de Catalu\u00f1a m\u00e1s perjudicados, puesto que se estableci\u00f3 un confinamiento perimetral en virtud del cual no pod\u00edan ni entrar ni salir personas, y tampoco se permit\u00eda la circulaci\u00f3n de veh\u00edculos en esta \u00e1rea geogr\u00e1fica a consecuencia del elevado n\u00famero de contagiados por Covid-19.<\/p>\n<p style=\"text-align: justify;\"><strong>Las empresas de la Conca de \u00d3dena, en especial las pymes y tambi\u00e9n los negocios de muchos profesionales que forman parte del colectivo de aut\u00f3nomos, se han visto afectadas por el cierre, dejando de generar ingresos y manteniendo algunos gastos cotidianos.<\/strong> Estas empresas intentan sobrevivir adapt\u00e1ndose a estas nuevas circunstancias y trabajando para poder recuperarse econ\u00f3micamente lo antes posible. Algunas de ellas han impulsado medidas paliativas de todo tipo: implantaci\u00f3n del teletrabajo, cambios en sus modelos productivos,\u00a0ERTE, entre otras.<\/p>\n<p style=\"text-align: justify;\">Cristina L\u00f3pez es socia administradora de\u00a0Emicontrol, gestiona la econom\u00eda y tambi\u00e9n las finanzas, a la vez que desarrolla tareas de administraci\u00f3n y de apoyo al departamento t\u00e9cnico comercial de esta pyme dedicada al control de las emisiones contaminantes de la industria. Esta empresa tiene sus inicios en 2010 y, con los a\u00f1os y siguiendo las exigencias del mercado, ha ido evolucionando y ha pasado por la figura de sociedad civil privada hasta acontecer una sociedad limitada en 2017. Con el inicio del estado de alarma y ante la situaci\u00f3n de confinamiento total de la zona, la empresa\u00a0sufri\u00f3 un par\u00f3n de parte de su actividad\u00a0a causa del positivo por Covid-19\u00a0de\u00a0uno de los miembros del equipo, en situaci\u00f3n de baja laboral.<\/p>\n<p style=\"text-align: justify;\">Ubicada en el pol\u00edgono Las Comas de Igualada, cuenta con tres trabajadores, a pesar de que antes del confinamiento hab\u00edan iniciado un proceso de selecci\u00f3n para la contrataci\u00f3n de nuevo personal. \u201cLo que m\u00e1s nos ha perjudicado de momento es que en el momento del confinamiento\u00a0 nos encontr\u00e1bamos a punto de finalizar el proceso de producci\u00f3n de dos equipos nuevos que ten\u00edamos previsto instalar en las plantas de los clientes a partir de la semana del 15 de marzo\u201d, explica Cristina L\u00f3pez antes de lamentar que este hecho ha producido\u00a0la cancelaci\u00f3n\u00a0de estos trabajos, puesto que no han podido facturarlos. \u201cEsto hace que no podamos pagar dentro de plazo a los componentes de estos equipos y, de momento, no sabemos cu\u00e1ndo lo podremos hacer\u201d, asegura.<\/p>\n<p style=\"text-align: justify;\">As\u00ed mismo,\u00a0Emicontrol\u00a0se ha encontrado con la situaci\u00f3n de que algunos clientes les han solicitado una rebaja en las cuotas mensuales de mantenimiento de los meses de abril y mayo para ayudarles a evitar posibles cierres indefinidos. Por otro lado, Cristina comenta que han solicitado un pr\u00e9stamo ICO para prevenir la bajada de las ventas de aqu\u00ed a finales de a\u00f1o: \u201cEsto no nos ha gustado, puesto que no ten\u00edamos previsto endeudarnos en los pr\u00f3ximos a\u00f1os\u201d. \u201cCreo que podremos volver a nuestra actividad en las instalaciones de nuestros clientes a medida que se vaya abriendo el confinamiento; por lo tanto, tenemos incertidumbre en cuanto al momento en que esto pasar\u00e1 y hay la posibilidad de que perdamos alg\u00fan cliente. Nuestro principal reto ahora mismo es acabar las nuevas instalaciones pendientes para poder empezar a dar cabida a nuevos proyectos y rehacernos de la bajada de ingresos tan pronto como sea posible\u201d, concluye.<\/p>\n<p style=\"text-align: justify;\"><img loading=\"lazy\" class=\"size-medium wp-image-23708 alignright\" src=\"https:\/\/www.pimealdia.org\/wp-content\/uploads\/2020\/05\/Damascotex-1-300x225.jpg\" alt=\"\" width=\"300\" height=\"225\" srcset=\"https:\/\/www.pimealdia.org\/wp-content\/uploads\/2020\/05\/Damascotex-1-300x225.jpg 300w, https:\/\/www.pimealdia.org\/wp-content\/uploads\/2020\/05\/Damascotex-1.jpg 320w\" sizes=\"(max-width: 300px) 100vw, 300px\" \/>Joan\u00a0Vaquer\u00a0es gerente de otra empresa de la zona,\u00a0Damascotex, situada en Igualada y que desarrolla una actividad centrada en la producci\u00f3n de textil: colchones, tapicer\u00eda para automoci\u00f3n, manteler\u00edas y moda. Con 27 a\u00f1os de historia, este negocio familiar cuenta con 7 trabajadores que hacen trabajo en 3 turnos diferentes. \u201cCon el confinamiento tuvimos que parar la producci\u00f3n mientras hemos seguido pagando gastos como los\u00a0r\u00e8ntings\u00a0y los leasings\u201d, dice el gerente de la empresa.<\/p>\n<p style=\"text-align: justify;\">Adem\u00e1s de solicitar un cr\u00e9dito ICO, que les han concedido,\u00a0Damascotex\u00a0inici\u00f3 un expediente de regulaci\u00f3n temporal de\u00a0empleo (ERTE)\u00a0el 12 de marzo, como medida paliativa de los efectos econ\u00f3micos de la crisis del\u00a0coronavirus. \u201cEn nuestro caso, no tendremos trabajo hasta que nuestros clientes no reactiven de nuevo su actividad. Cuando el momento llegue, estamos preparados para garantizar la seguridad y la salud de nuestros trabajadores porque ya hemos adquirido\u00a0mascarillas, guantes y geles desinfectantes\u201d, manifiesta Joan\u00a0Vaquer.<\/p>\n<p style=\"text-align: justify;\">Jordi Torra es gerente de Frutos Secos Torra, ubicada en Jorba. Explica que la empresa estuvo una semana cerrada, a pesar de prestar un servicio considerado esencial, puesto que forma parte del sector de la alimentaci\u00f3n, y dice que \u201cesto afect\u00f3 a la actividad porque se dej\u00f3 de ingresar dinero de muchos pedidos perdidos\u201d. Por otro lado, comenta que Frutos Secos Torra hizo un\u00a0ERTE inicial de toda la plantilla, despu\u00e9s de los 26 trabajadores confinados en Igualada, y que lo han ido reduciendo de forma gradual con el levantamiento del confinamiento de la zona.<\/p>\n<p style=\"text-align: justify;\"><img loading=\"lazy\" class=\"size-medium wp-image-23710 alignleft\" src=\"https:\/\/www.pimealdia.org\/wp-content\/uploads\/2020\/05\/Fruits-secs-Torra-1-300x169.jpeg\" alt=\"\" width=\"300\" height=\"169\" srcset=\"https:\/\/www.pimealdia.org\/wp-content\/uploads\/2020\/05\/Fruits-secs-Torra-1-300x169.jpeg 300w, https:\/\/www.pimealdia.org\/wp-content\/uploads\/2020\/05\/Fruits-secs-Torra-1-1024x576.jpeg 1024w, https:\/\/www.pimealdia.org\/wp-content\/uploads\/2020\/05\/Fruits-secs-Torra-1-1000x563.jpeg 1000w, https:\/\/www.pimealdia.org\/wp-content\/uploads\/2020\/05\/Fruits-secs-Torra-1-800x450.jpeg 800w, https:\/\/www.pimealdia.org\/wp-content\/uploads\/2020\/05\/Fruits-secs-Torra-1-600x338.jpeg 600w, https:\/\/www.pimealdia.org\/wp-content\/uploads\/2020\/05\/Fruits-secs-Torra-1-400x225.jpeg 400w\" sizes=\"(max-width: 300px) 100vw, 300px\" \/>\u201cLo que m\u00e1s nos ha afectado ha sido la desinformaci\u00f3n. Hemos garantizado los\u00a0EPIs\u00a0a nuestros trabajadores con\u00a0mascarillas, guantes, protectores faciales y\u00a0geles desinfectantes, y estamos ante un panorama incierto\u201d, afirma, mientras alerta que parte de su facturaci\u00f3n es hosteler\u00eda, sector muy afectado. \u201cTenemos el reto de buscar nuevas fuentes de ingresos y estamos explorando alternativas como la venta online para no perder la campa\u00f1a de Navidad o la de los\u00a0panellets\u201d, asegura.<\/p>\n<p style=\"text-align: justify;\"><strong>Los miembros de estas tres empresas de la\u00a0Conca coinciden en que las medidas impulsadas por parte de los gobiernos, tanto el catal\u00e1n como el espa\u00f1ol, no son suficientes.<\/strong> \u201cCreemos que todas las empresas ubicadas en la Conca de \u00d3dena nos hemos visto muy perjudicadas, puesto que se nos hizo un confinamiento y no hay ayudas espec\u00edficas por este motivo. Nos han obligado a cerrar y no nos han tenido en cuenta en las medidas de ayuda\u201d, critica Cristina L\u00f3pez de\u00a0Emicontrol. Por su parte, Joan\u00a0Vaquer\u00a0de\u00a0Damascotex\u00a0cree que \u201cla Administraci\u00f3n P\u00fablica tendr\u00eda que haber suprimido o reducido los elevados impuestos que pagan las empresas\u201d.<\/p>\n<p style=\"text-align: justify;\">Finalmente, Jordi Torra pone en valor la\u00a0labor de las administraciones a nivel sanitario, pero cree que el cierre de la Conca \u201cfue repentino e improvisado\u201d,\u00a0algo por lo que no pudo acceder a su empresa,y perdi\u00f3 toda la producci\u00f3n que ten\u00eda en curso. \u201cSe tendr\u00eda que haber hecho un cierre de forma escalonada. Adem\u00e1s, nos hemos encontrado con contradicciones entre la administraci\u00f3n y las fuerzas de seguridad a la hora de gestionar y de coordinar los movimientos por carretera de los miembros de las empresas consideradas como servicios esenciales\u201d. \u201cDespu\u00e9s de la crisis de 2008 ahora nos encontramos con esto y costar\u00e1 rehacerse\u201d, a\u00f1ade el gerente de Frutos Secos Torra.<\/p>\n","protected":false},"excerpt":{"rendered":"<p>La situaci\u00f3n de confinamiento derivada del estado de alarma decretado a ra\u00edz de la crisis sanitaria del\u00a0coronavirus\u00a0ha afectado econ\u00f3micamente a muchas pymes y aut\u00f3nomos. En concreto, la Conca de \u00d3dena ha sido uno de los territorios de Catalu\u00f1a m\u00e1s perjudicados, puesto que se estableci\u00f3 un confinamiento perimetral en virtud del cual no pod\u00edan ni entrar ni salir personas, y tampoco se permit\u00eda la circulaci\u00f3n de veh\u00edculos en esta \u00e1rea geogr\u00e1fica a consecuencia del elevado n\u00famero de contagiados por Covid-19. Las empresas de la Conca de \u00d3dena, en especial las pymes y tambi\u00e9n los negocios de muchos profesionales que forman parte<\/p>\n","protected":false},"author":83,"featured_media":23707,"comment_status":"open","ping_status":"closed","sticky":false,"template":"","format":"standard","meta":[],"categories":[342],"tags":[781],"_links":{"self":[{"href":"https:\/\/www.pimealdia.org\/es\/wp-json\/wp\/v2\/posts\/23713"}],"collection":[{"href":"https:\/\/www.pimealdia.org\/es\/wp-json\/wp\/v2\/posts"}],"about":[{"href":"https:\/\/www.pimealdia.org\/es\/wp-json\/wp\/v2\/types\/post"}],"author":[{"embeddable":true,"href":"https:\/\/www.pimealdia.org\/es\/wp-json\/wp\/v2\/users\/83"}],"replies":[{"embeddable":true,"href":"https:\/\/www.pimealdia.org\/es\/wp-json\/wp\/v2\/comments?post=23713"}],"version-history":[{"count":3,"href":"https:\/\/www.pimealdia.org\/es\/wp-json\/wp\/v2\/posts\/23713\/revisions"}],"predecessor-version":[{"id":23716,"href":"https:\/\/www.pimealdia.org\/es\/wp-json\/wp\/v2\/posts\/23713\/revisions\/23716"}],"wp:featuredmedia":[{"embeddable":true,"href":"https:\/\/www.pimealdia.org\/es\/wp-json\/wp\/v2\/media\/23707"}],"wp:attachment":[{"href":"https:\/\/www.pimealdia.org\/es\/wp-json\/wp\/v2\/media?parent=23713"}],"wp:term":[{"taxonomy":"category","embeddable":true,"href":"https:\/\/www.pimealdia.org\/es\/wp-json\/wp\/v2\/categories?post=23713"},{"taxonomy":"post_tag","embeddable":true,"href":"https:\/\/www.pimealdia.org\/es\/wp-json\/wp\/v2\/tags?post=23713"}],"curies":[{"name":"wp","href":"https:\/\/api.w.org\/{rel}","templated":true}]}}