{"id":23732,"date":"2020-05-13T12:55:10","date_gmt":"2020-05-13T10:55:10","guid":{"rendered":"https:\/\/www.pimealdia.org\/?p=23732\/"},"modified":"2020-05-14T09:14:10","modified_gmt":"2020-05-14T07:14:10","slug":"programa-emppersona-tres-casos-exito-tiempos-crisis","status":"publish","type":"post","link":"https:\/\/www.pimealdia.org\/es\/programa-emppersona-tres-casos-exito-tiempos-crisis\/","title":{"rendered":"Programa emppersona: tres casos de \u00e9xito en tiempos de crisis"},"content":{"rendered":"<p style=\"text-align: justify;\">Ya hace dos meses que la crisis sanitaria de la covid-19 est\u00e1 golpeando con fuerza a los aut\u00f3nomos y las pymes de Catalunya, que se topan con numerosas dificultades a la hora de poder desarrollar sus actividades. En este contexto, la <strong>Fundaci\u00f3 PIMEC<\/strong> est\u00e1 ampliando de manera considerable el n\u00famero de actuaciones de apoyo a las personas empresarias que hay detr\u00e1s de los proyectos empresariales. Lo ha hecho especialmente con una campa\u00f1a solidaria de donaci\u00f3n de mascarillas y term\u00f3metros, pero sobre todo lo hace en el d\u00eda a d\u00eda a trav\u00e9s del <strong>programa emppersona<\/strong>, que ayuda a las personas empresarias a conseguir una segunda oportunidad, ya sea a trav\u00e9s de reflotar sus empresas, de recolocarlas en un nuevo trabajo o de integrarlas en el mercado laboral mediante el autoempleo.<\/p>\n<p style=\"text-align: justify;\">En tiempos de crisis, la solidaridad empresarial y el asesoramiento profesional hacen tambalear las barreras, y los casos de Myriam, Marta y Aitor as\u00ed lo confirman:<\/p>\n<ol style=\"text-align: justify;\">\n<li><strong>Abrir un negocio en pleno impacto del coronavirus (Myriam)<\/strong><\/li>\n<\/ol>\n<p style=\"text-align: justify;\">Desde principios de este a\u00f1o, la Fundaci\u00f3 PIMEC, a trav\u00e9s del programa emppersona, est\u00e1 acompa\u00f1ando a <strong>Myriam<\/strong>, una mujer de m\u00e1s de 45 a\u00f1os decidida a tener su propio negocio, tal como ten\u00eda hace unos 20 a\u00f1os en Paraguay. Lleg\u00f3 a Espa\u00f1a cuando sus hijos eran peque\u00f1os en busca de nuevas oportunidades, y desde entonces no ha parado de trabajar haciendo lo que m\u00e1s le gusta y lo que mejor hace: trabajar de cara al p\u00fablico en un <strong>supermercado<\/strong> en la secci\u00f3n de charcuter\u00eda y carnicer\u00eda.<\/p>\n<p style=\"text-align: justify;\">Hace un tiempo la Myriam decidi\u00f3 que quer\u00eda tener su propio negocio y se puso a trabajar en el proyecto. Primero, buscando locales que se traspasaran y, despu\u00e9s, elaborando un plan de negocio. Durante muchos meses estuvo mirando muchos locales y al final encontr\u00f3 un establecimiento en el barrio de <strong>Valldaura<\/strong>, de Barcelona, cuyos due\u00f1os se quer\u00edan jubilar.<\/p>\n<p style=\"text-align: justify;\"><img loading=\"lazy\" class=\" wp-image-23724 aligncenter\" src=\"https:\/\/www.pimealdia.org\/wp-content\/uploads\/2020\/05\/carnisseria-300x193.jpg\" alt=\"\" width=\"464\" height=\"298\" srcset=\"https:\/\/www.pimealdia.org\/wp-content\/uploads\/2020\/05\/carnisseria-300x193.jpg 300w, https:\/\/www.pimealdia.org\/wp-content\/uploads\/2020\/05\/carnisseria-1024x660.jpg 1024w, https:\/\/www.pimealdia.org\/wp-content\/uploads\/2020\/05\/carnisseria-1000x645.jpg 1000w, https:\/\/www.pimealdia.org\/wp-content\/uploads\/2020\/05\/carnisseria-800x516.jpg 800w, https:\/\/www.pimealdia.org\/wp-content\/uploads\/2020\/05\/carnisseria-600x387.jpg 600w, https:\/\/www.pimealdia.org\/wp-content\/uploads\/2020\/05\/carnisseria-400x258.jpg 400w, https:\/\/www.pimealdia.org\/wp-content\/uploads\/2020\/05\/carnisseria.jpg 1585w\" sizes=\"(max-width: 464px) 100vw, 464px\" \/><\/p>\n<p style=\"text-align: justify;\">Desde la Fundaci\u00f3 PIMEC, y con la ayuda de nuestros voluntarios y colaboradores, la hemos asesorado principalmente en el \u00e1mbito financiero y el \u00e1mbito jur\u00eddico, y la hemos ayudado a elaborar un plan de empresa, con la finalidad de conseguir un peque\u00f1o microcr\u00e9dito.<\/p>\n<p style=\"text-align: justify;\">Esta semana Myriam abrir\u00e1 las puertas, ya que los propietarios anteriores, como eran personas de riesgo, tuvieron que cerrar durante el estado de alarma, aunque se trata de una tienda de alimentos, consideradas de primera necesidad. Desde la Fundaci\u00f3 nos consta que los clientes del barrio est\u00e1n deseando que Myriam abra su peque\u00f1o supermercado, que adem\u00e1s impulsar\u00e1 las entregas a domicilio, con lo cual har\u00e1 m\u00e1s f\u00e1cil la compra para aquellas <strong>personas vulnerables<\/strong> del entorno y potenciar\u00e1 las <strong>compras de proximidad<\/strong> en la zona.<\/p>\n<p style=\"text-align: justify;\">Nos encontramos ante una persona con mucha pasi\u00f3n y con muchas ganas de sacar adelante su negocio, siempre con las medidas de seguridad pertinentes garantizadas.<\/p>\n<ol style=\"text-align: justify;\" start=\"2\">\n<li><strong>Una crisis superada, y camino de la segunda (Marta)<\/strong><\/li>\n<\/ol>\n<p style=\"text-align: justify;\"><strong>Maybrina S.L. <\/strong>es una empresa socia de PIMEC que est\u00e1 ubicada en Barcelona ciudad. Desde 1994 se dedica a la cosm\u00e9tica decorativa profesional y actualmente fabrica y comercializa exclusivamente la marca de maquillaje <strong>Jorge de la Garza<\/strong> a nivel nacional. Es una empresa B2B y sus clientes principales son empresas mayoristas del sector de las peluquer\u00edas y los centros de est\u00e9tica.<\/p>\n<p style=\"text-align: justify;\">En 2015, <strong>Marta<\/strong>, socia de Maybrina, pidi\u00f3 ayuda a la Fundaci\u00f3 PIMEC y a su programa emppersona porque necesitaba profesionales con perspectiva empresarial para reconstruir la nueva visi\u00f3n de la empresa y superar la crisis por la que estaba pasando. En este sentido, el <strong>programa emppersona<\/strong> le ha facilitado formaci\u00f3n, asesoramiento legal, ayuda en la b\u00fasqueda de personal, apoyo emocional&#8230; Y ahora, una vez superadas las dificultades iniciales de luchar para no cerrar Maybrina, para reflotarla, entra en el programa de consolidaci\u00f3n, y adem\u00e1s incorpora un nuevo socio a la empresa, <strong>Miguel<\/strong>. &#8220;La Fundaci\u00f3 PIMEC nos ha acompa\u00f1ado durante tres a\u00f1os y nos sigue acompa\u00f1ando con la asignaci\u00f3n de un mentor con el que estamos trabajando un plan de actuaci\u00f3n acordado y consensuado que tiene unos objetivos marcados. Conjuntamente, hacemos un seguimiento de las acciones desarrolladas e intentamos aportar mejoras valorando los resultados\u201d, explica Marta.<\/p>\n<p style=\"text-align: justify;\"><img loading=\"lazy\" class=\" wp-image-23726 aligncenter\" src=\"https:\/\/www.pimealdia.org\/wp-content\/uploads\/2020\/05\/maybrina-300x234.jpg\" alt=\"\" width=\"426\" height=\"332\" srcset=\"https:\/\/www.pimealdia.org\/wp-content\/uploads\/2020\/05\/maybrina-300x234.jpg 300w, https:\/\/www.pimealdia.org\/wp-content\/uploads\/2020\/05\/maybrina-1024x799.jpg 1024w, https:\/\/www.pimealdia.org\/wp-content\/uploads\/2020\/05\/maybrina-1000x781.jpg 1000w, https:\/\/www.pimealdia.org\/wp-content\/uploads\/2020\/05\/maybrina-800x624.jpg 800w, https:\/\/www.pimealdia.org\/wp-content\/uploads\/2020\/05\/maybrina-600x468.jpg 600w, https:\/\/www.pimealdia.org\/wp-content\/uploads\/2020\/05\/maybrina-400x312.jpg 400w\" sizes=\"(max-width: 426px) 100vw, 426px\" \/><\/p>\n<p style=\"text-align: justify;\">Lo que m\u00e1s valora Maybrina de la Fundaci\u00f3 PIMEC es el acompa\u00f1amiento y el <strong>apoyo profesional y emocional<\/strong> que ofrece dentro del programa emppersona. &#8220;Cuando llegas a la Fundaci\u00f3 PIMEC, llegas agotada y confusa, y aqu\u00ed hemos encontrado un espacio donde resolver dudas, superar dificultades&#8230;, pero sobre todo un espacio donde empoderarnos como personas que desarrollan una actividad empresarial. Nos ha abierto los ojos hacia una nueva visi\u00f3n de empresa. Es bueno escucharlos&#8221;, a\u00f1ade Marta.<\/p>\n<p style=\"text-align: justify;\">Con todo, Maybrina sufri\u00f3 la crisis econ\u00f3mica del 2008, pero la super\u00f3, como ahora est\u00e1 superando la crisis de la <strong>covid-19<\/strong>. Actualmente la Fundaci\u00f3 PIMEC le est\u00e1 ayudando sobre todo en el proceso de digitalizaci\u00f3n de la empresa, as\u00ed como en la consolidaci\u00f3n como proyecto empresarial.<\/p>\n<ol style=\"text-align: justify;\" start=\"3\">\n<li><strong>Iniciativa emprendedora y solidaria (Aitor)<\/strong><\/li>\n<\/ol>\n<p style=\"text-align: justify;\"><strong>Accudo Express SL<\/strong> es una empresa ubicada en la provincia de Girona que nace gracias a la inquietud de dos j\u00f3venes empresarios decididos a crear un negocio de <strong>transporte urgente<\/strong> que satisficiera las necesidades de la sociedad, aplicando los \u00faltimos avances tecnol\u00f3gicos.<\/p>\n<p style=\"text-align: justify;\"><strong>Aitor D\u00edaz<\/strong>, hijo del fundador de una de las empresas l\u00edderes en el sector del transporte durante m\u00e1s de 20 a\u00f1os, crea la empresa en mayo de 2018. Comienzan con s\u00f3lo una furgoneta e instal\u00e1ndose en una nave de 300 metros cuadrados en Aiguaviva (Giron\u00e8s), pero a los pocos meses ya se trasladan a una nave de 900 metros cuadrados en <strong>Vilabreix<\/strong> (tambi\u00e9n Giron\u00e8s) y cuentan con un parque de 20 veh\u00edculos.<\/p>\n<p style=\"text-align: justify;\"><img loading=\"lazy\" class=\" wp-image-23728 aligncenter\" src=\"https:\/\/www.pimealdia.org\/wp-content\/uploads\/2020\/05\/accudo-local-300x200.jpg\" alt=\"\" width=\"425\" height=\"283\" srcset=\"https:\/\/www.pimealdia.org\/wp-content\/uploads\/2020\/05\/accudo-local-300x200.jpg 300w, https:\/\/www.pimealdia.org\/wp-content\/uploads\/2020\/05\/accudo-local-1024x682.jpg 1024w, https:\/\/www.pimealdia.org\/wp-content\/uploads\/2020\/05\/accudo-local-1000x666.jpg 1000w, https:\/\/www.pimealdia.org\/wp-content\/uploads\/2020\/05\/accudo-local-800x533.jpg 800w, https:\/\/www.pimealdia.org\/wp-content\/uploads\/2020\/05\/accudo-local-600x400.jpg 600w, https:\/\/www.pimealdia.org\/wp-content\/uploads\/2020\/05\/accudo-local-400x266.jpg 400w, https:\/\/www.pimealdia.org\/wp-content\/uploads\/2020\/05\/accudo-local.jpg 1300w\" sizes=\"(max-width: 425px) 100vw, 425px\" \/><\/p>\n<p style=\"text-align: justify;\">Ofrecen un servicio de entrega de mercanc\u00edas en <strong>24 horas<\/strong>, realizando la ruta de Girona a Barcelona y viceversa. Actualmente reparten productos de pymes de Girona, y tambi\u00e9n trabajan para grandes empresas como Zalando, Amazon, Herbalife, Games, etc. Su estructura est\u00e1 compuesta por 4 personas en oficina, un mozo de almac\u00e9n y 20 ch\u00f3feres, y cada mes reparten una media de 45.000 paquetes.<\/p>\n<p style=\"text-align: justify;\">Debido a la pandemia originada por la <strong>covid-19<\/strong>, pusieron sus servicios a disposici\u00f3n del Ayuntamiento y la Diputaci\u00f3n de Girona y durante estas semanas han recogido y entregado varios productos m\u00e9dicos y equipos de protecci\u00f3n individual (EPIs) en las empresas de manera <strong>totalmente gratuita<\/strong>. Esta acci\u00f3n altruista les ha supuesto ganar en visibilidad en el entorno gerundense y al mismo tiempo les ha provocado un volumen de trabajo que ha duplicado el que tienen en un mes normal. En este sentido, desde la Fundaci\u00f3 PIMEC creemos que hay que agradecer al sector del transporte en general el trabajo que est\u00e1 desarrollando con la intenci\u00f3n de ayudar a los ciudadanos.<\/p>\n<p style=\"text-align: justify;\">La clave del \u00e9xito de Accudo Express es <strong>el rigor, la profesionalidad y la amabilidad<\/strong> del personal que forma la empresa, que ofrece un servicio de proximidad y de calidad a los clientes.<\/p>\n<p style=\"text-align: justify;\">Accudo Express cont\u00f3 (y a\u00fan cuenta) con la ayuda del <strong>programa Autoocupaci\u00f3 Incorpora<\/strong>, que la Fundaci\u00f3 PIMEC desarrolla en colaboraci\u00f3n con la Obra Social &#8220;la Caixa&#8221;. A trav\u00e9s de este programa, las personas emprendedoras que hay detr\u00e1s de Accudo Express han recibido un servicio de acompa\u00f1amiento en el proceso de creaci\u00f3n, con un an\u00e1lisis de la viabilidad del negocio y con la ayuda de las personas voluntarias que colaboran con la Fundaci\u00f3. Conjuntamente, se buscan soluciones de financiaci\u00f3n mediante microcr\u00e9ditos sociales, se confeccionan memorias de capitalizaci\u00f3n de paro, se agilizan los tr\u00e1mites de alta de aut\u00f3nomo desde el Punto de Ayuda al Emprendedor (PAE) de PIMEC, entre otras acciones.<\/p>\n<p style=\"text-align: justify;\"><a href=\"https:\/\/www.pimec.org\/ca\/fundacio-pimec\/collabora\/fer-una-donacio?utm_source=newsletter&amp;utm_medium=email&amp;utm_campaign=especial_fundacio_mascaretes_21-4-2020\"><strong>Hacer una donaci\u00f3n a la Fundaci\u00f3 PIMEC<\/strong><\/a><\/p>\n<p style=\"text-align: justify;\">Si quieres ayudar a las personas empresarias que est\u00e1n teniendo dificultades por el impacto de la <strong>covid-19<\/strong>, puedes hacer una donaci\u00f3n a la Fundaci\u00f3 PIMEC y a su programa emppersona a trav\u00e9s de <a href=\"https:\/\/www.pimec.org\/ca\/fundacio-pimec\/collabora\/fer-una-donacio?utm_source=newsletter&amp;utm_medium=email&amp;utm_campaign=especial_fundacio_mascaretes_21-4-2020\">este enlace<\/a>.<\/p>\n<p style=\"text-align: justify;\"><em>El programa emppersona de la Fundaci\u00f3 PIMEC trabaja en l\u00ednea con los objetivos de desarrollo sostenible (ODS) 8 (trabajo decente y crecimiento econ\u00f3mico), 10 (reducci\u00f3n de las desigualdades) y 17 (alianzas para lograr los objetivos).<\/em><\/p>\n","protected":false},"excerpt":{"rendered":"<p>Ya hace dos meses que la crisis sanitaria de la covid-19 est\u00e1 golpeando con fuerza a los aut\u00f3nomos y las pymes de Catalunya, que se topan con numerosas dificultades a la hora de poder desarrollar sus actividades. En este contexto, la Fundaci\u00f3 PIMEC est\u00e1 ampliando de manera considerable el n\u00famero de actuaciones de apoyo a las personas empresarias que hay detr\u00e1s de los proyectos empresariales. Lo ha hecho especialmente con una campa\u00f1a solidaria de donaci\u00f3n de mascarillas y term\u00f3metros, pero sobre todo lo hace en el d\u00eda a d\u00eda a trav\u00e9s del programa emppersona, que ayuda a las personas empresarias<\/p>\n","protected":false},"author":140,"featured_media":23723,"comment_status":"open","ping_status":"closed","sticky":false,"template":"","format":"standard","meta":[],"categories":[330,338],"tags":[755,754],"_links":{"self":[{"href":"https:\/\/www.pimealdia.org\/es\/wp-json\/wp\/v2\/posts\/23732"}],"collection":[{"href":"https:\/\/www.pimealdia.org\/es\/wp-json\/wp\/v2\/posts"}],"about":[{"href":"https:\/\/www.pimealdia.org\/es\/wp-json\/wp\/v2\/types\/post"}],"author":[{"embeddable":true,"href":"https:\/\/www.pimealdia.org\/es\/wp-json\/wp\/v2\/users\/140"}],"replies":[{"embeddable":true,"href":"https:\/\/www.pimealdia.org\/es\/wp-json\/wp\/v2\/comments?post=23732"}],"version-history":[{"count":3,"href":"https:\/\/www.pimealdia.org\/es\/wp-json\/wp\/v2\/posts\/23732\/revisions"}],"predecessor-version":[{"id":23742,"href":"https:\/\/www.pimealdia.org\/es\/wp-json\/wp\/v2\/posts\/23732\/revisions\/23742"}],"wp:featuredmedia":[{"embeddable":true,"href":"https:\/\/www.pimealdia.org\/es\/wp-json\/wp\/v2\/media\/23723"}],"wp:attachment":[{"href":"https:\/\/www.pimealdia.org\/es\/wp-json\/wp\/v2\/media?parent=23732"}],"wp:term":[{"taxonomy":"category","embeddable":true,"href":"https:\/\/www.pimealdia.org\/es\/wp-json\/wp\/v2\/categories?post=23732"},{"taxonomy":"post_tag","embeddable":true,"href":"https:\/\/www.pimealdia.org\/es\/wp-json\/wp\/v2\/tags?post=23732"}],"curies":[{"name":"wp","href":"https:\/\/api.w.org\/{rel}","templated":true}]}}