{"id":23775,"date":"2020-05-19T16:48:43","date_gmt":"2020-05-19T14:48:43","guid":{"rendered":"https:\/\/www.pimealdia.org\/?p=23775\/"},"modified":"2020-05-19T16:49:10","modified_gmt":"2020-05-19T14:49:10","slug":"recupera-12-las-mejoras-producto-y-proceso-que-hayas-realizado-2019","status":"publish","type":"post","link":"https:\/\/www.pimealdia.org\/es\/recupera-12-las-mejoras-producto-y-proceso-que-hayas-realizado-2019\/","title":{"rendered":"Recupera el 12% de las mejoras de producto y proceso que hayas realizado en 2019"},"content":{"rendered":"<p style=\"text-align: justify;\">La situaci\u00f3n actual tendr\u00e1 sobre la econom\u00eda efectos muy graves, especialmente para las peque\u00f1as empresas y sectores como el comercio, el turismo, el transporte y los servicios a personas y a empresas.<\/p>\n<p>Tanto es as\u00ed que, leyendo los resultados de la \u00faltima encuesta dirigida a pymes y aut\u00f3nomos de\u00a0PIMEC, se puede plasmar esta situaci\u00f3n. Se observa que un 93,6% de las peque\u00f1as y medianas empresas y de los aut\u00f3nomos afirma sufrir una bajada de las ventas o anulaciones de reservas, porcentaje superiore al 89,8% que registraba este efecto en la anterior encuesta que se hab\u00eda realizado.<\/p>\n<p>En un momento empresarial en el que\u00a0cada vez cuesta m\u00e1s ser competitivo, pymes con proyectos de mejora de producto o de procesos industriales realizados en 2019 tienen que poder <strong>recuperar una parte a trav\u00e9s de las deducciones fiscales<\/strong>.<\/p>\n<p><img loading=\"lazy\" class=\"size-medium wp-image-23772 alignright\" src=\"https:\/\/www.pimealdia.org\/wp-content\/uploads\/2020\/05\/pexels-photo-373543-300x200.jpeg\" alt=\"\" width=\"300\" height=\"200\" srcset=\"https:\/\/www.pimealdia.org\/wp-content\/uploads\/2020\/05\/pexels-photo-373543-300x200.jpeg 300w, https:\/\/www.pimealdia.org\/wp-content\/uploads\/2020\/05\/pexels-photo-373543-1024x682.jpeg 1024w, https:\/\/www.pimealdia.org\/wp-content\/uploads\/2020\/05\/pexels-photo-373543-1000x666.jpeg 1000w, https:\/\/www.pimealdia.org\/wp-content\/uploads\/2020\/05\/pexels-photo-373543-800x533.jpeg 800w, https:\/\/www.pimealdia.org\/wp-content\/uploads\/2020\/05\/pexels-photo-373543-600x400.jpeg 600w, https:\/\/www.pimealdia.org\/wp-content\/uploads\/2020\/05\/pexels-photo-373543-400x267.jpeg 400w, https:\/\/www.pimealdia.org\/wp-content\/uploads\/2020\/05\/pexels-photo-373543.jpeg 1880w\" sizes=\"(max-width: 300px) 100vw, 300px\" \/>Las deducciones fiscales por <strong>actividades de investigaci\u00f3n y desarrollo e innovaci\u00f3n tecnol\u00f3gica<\/strong>, reflejadas en el Art\u00edculo 35 del\u00a0TRLIS, son las ayudas m\u00e1s potentes en el marco fiscal de la OCDE. La empresa puede decidir si despu\u00e9s utiliza o no estas deducciones, pero\u00a0lo m\u00e1s importante es que las conozca para as\u00ed poder tomar la decisi\u00f3n de poder beneficiarse.<\/p>\n<p>Es muy importante que las empresas puedan tener esta informaci\u00f3n de primera mano, puesto que muchas ya lo est\u00e1n haciendo y en consecuencia ya se han beneficiado en los ejercicios anteriores. Aun as\u00ed, hay otras muchas que lo desconocen, y no se est\u00e1n beneficiando de este <strong>12% que les corresponder\u00eda por su propia actividad de innovaci\u00f3n empresarial,<\/strong> ya sea en la mejora de productos, en la realizaci\u00f3n de un nuevo producto o en la mejora de su proceso productivo.<\/p>\n<p>Es aqu\u00ed donde esta mejora realizada y todas las horas aplicadas a la mejora, ya sean propias o externas, y de los materiales utilizados para la realizaci\u00f3n de pruebas o prototipos tienen el derecho de ser deducidos con el 12%, <strong>recuperando este importe en el pago m\u00e1s reducido del impuesto sobre sociedades, o acumulado en cr\u00e9dito fiscal en empresas sin beneficios<\/strong>.<\/p>\n<p>Desde\u00a0PIMEC\u00a0gestionamos \u00edntegramente estas <a href=\"https:\/\/www.pimec.org\/es\/pymes-autonomos\/servicios\/finanzas\/deducciones-fiscales-investigacion-desarrollo\">desgravaciones fiscales<\/a> de actividades relacionadas con la I+D+i y la innovaci\u00f3n tecnol\u00f3gica, dando la m\u00e1xima seguridad jur\u00eddica gracias a la experiencia de nuestros especialistas. Y vosotros, \u00bfya os est\u00e1is aplicando las deducciones fiscales en I+D+i?<\/p>\n","protected":false},"excerpt":{"rendered":"<p>La situaci\u00f3n actual tendr\u00e1 sobre la econom\u00eda efectos muy graves, especialmente para las peque\u00f1as empresas y sectores como el comercio, el turismo, el transporte y los servicios a personas y a empresas. Tanto es as\u00ed que, leyendo los resultados de la \u00faltima encuesta dirigida a pymes y aut\u00f3nomos de\u00a0PIMEC, se puede plasmar esta situaci\u00f3n. Se observa que un 93,6% de las peque\u00f1as y medianas empresas y de los aut\u00f3nomos afirma sufrir una bajada de las ventas o anulaciones de reservas, porcentaje superiore al 89,8% que registraba este efecto en la anterior encuesta que se hab\u00eda realizado. En un momento empresarial<\/p>\n","protected":false},"author":49,"featured_media":23771,"comment_status":"open","ping_status":"closed","sticky":false,"template":"","format":"standard","meta":[],"categories":[330],"tags":[],"_links":{"self":[{"href":"https:\/\/www.pimealdia.org\/es\/wp-json\/wp\/v2\/posts\/23775"}],"collection":[{"href":"https:\/\/www.pimealdia.org\/es\/wp-json\/wp\/v2\/posts"}],"about":[{"href":"https:\/\/www.pimealdia.org\/es\/wp-json\/wp\/v2\/types\/post"}],"author":[{"embeddable":true,"href":"https:\/\/www.pimealdia.org\/es\/wp-json\/wp\/v2\/users\/49"}],"replies":[{"embeddable":true,"href":"https:\/\/www.pimealdia.org\/es\/wp-json\/wp\/v2\/comments?post=23775"}],"version-history":[{"count":1,"href":"https:\/\/www.pimealdia.org\/es\/wp-json\/wp\/v2\/posts\/23775\/revisions"}],"predecessor-version":[{"id":23776,"href":"https:\/\/www.pimealdia.org\/es\/wp-json\/wp\/v2\/posts\/23775\/revisions\/23776"}],"wp:featuredmedia":[{"embeddable":true,"href":"https:\/\/www.pimealdia.org\/es\/wp-json\/wp\/v2\/media\/23771"}],"wp:attachment":[{"href":"https:\/\/www.pimealdia.org\/es\/wp-json\/wp\/v2\/media?parent=23775"}],"wp:term":[{"taxonomy":"category","embeddable":true,"href":"https:\/\/www.pimealdia.org\/es\/wp-json\/wp\/v2\/categories?post=23775"},{"taxonomy":"post_tag","embeddable":true,"href":"https:\/\/www.pimealdia.org\/es\/wp-json\/wp\/v2\/tags?post=23775"}],"curies":[{"name":"wp","href":"https:\/\/api.w.org\/{rel}","templated":true}]}}