{"id":23790,"date":"2020-05-20T19:22:52","date_gmt":"2020-05-20T17:22:52","guid":{"rendered":"https:\/\/www.pimealdia.org\/?p=23790\/"},"modified":"2020-05-20T19:23:15","modified_gmt":"2020-05-20T17:23:15","slug":"tiempos-crisis-crea-protege-defiende","status":"publish","type":"post","link":"https:\/\/www.pimealdia.org\/es\/tiempos-crisis-crea-protege-defiende\/","title":{"rendered":"En tiempos de crisis: \u00a1Crea! \u00a1Protege! \u00a1Defiende!"},"content":{"rendered":"<p style=\"text-align: justify;\"><span lang=\"ES\" style=\"color: black;\">Ahora m\u00e1s que nunca, nuestra capacidad de adaptaci\u00f3n, creatividad y estrategia ser\u00e1n determinantes en la superaci\u00f3n de esta crisis. Las pymes y aut\u00f3nomos, quienes seguramente sufriremos el mayor impacto econ\u00f3mico, podemos aprovechar este escenario complicado y prepararnos para un futuro incierto.<\/span><\/p>\n<p style=\"text-align: justify;\"><b><span lang=\"ES\" style=\"color: black;\">Marcar la diferencia, sea cual sea el sector empresarial, el tama\u00f1o de la empresa o su \u00e1mbito de extensi\u00f3n, ya era, y si cabe se revelar\u00e1 a\u00fan m\u00e1s importante en los pr\u00f3ximos meses\/a\u00f1os.<\/span><\/b><\/p>\n<p style=\"text-align: justify;\"><span lang=\"ES\" style=\"color: black;\">En un momento en el que la I+D+i se est\u00e1 demostrando fundamental (\u00bfc\u00f3mo no haberlo previsto antes?), los aut\u00f3nomos y empresas no podemos dejar pasar la oportunidad de reflexionar sobre el valor de nuestros intangibles, presentes o futuros.<\/span><\/p>\n<p style=\"text-align: justify;\"><span lang=\"ES\" style=\"color: black;\">En mayor o menor medida, todas las empresas generan derechos de exclusiva. Lo fundamental es identificarlos, y otorgarles la importancia que merecen. En ello puede radicar el \u00e9xito de nuestra empresa. Puede tratarse, por ejemplo, de una patente sobre un nuevo procedimiento o producto, o quiz\u00e1 de una marca que nos diferencie de la competencia, o de un dise\u00f1o particular.<\/span><\/p>\n<p style=\"text-align: justify;\"><span lang=\"ES\" style=\"color: black;\"><img loading=\"lazy\" class=\"size-medium wp-image-23784 alignright\" src=\"https:\/\/www.pimealdia.org\/wp-content\/uploads\/2020\/05\/hands-people-woman-working-300x200.jpg\" alt=\"\" width=\"300\" height=\"200\" srcset=\"https:\/\/www.pimealdia.org\/wp-content\/uploads\/2020\/05\/hands-people-woman-working-300x200.jpg 300w, https:\/\/www.pimealdia.org\/wp-content\/uploads\/2020\/05\/hands-people-woman-working-1024x682.jpg 1024w, https:\/\/www.pimealdia.org\/wp-content\/uploads\/2020\/05\/hands-people-woman-working-1000x666.jpg 1000w, https:\/\/www.pimealdia.org\/wp-content\/uploads\/2020\/05\/hands-people-woman-working-800x533.jpg 800w, https:\/\/www.pimealdia.org\/wp-content\/uploads\/2020\/05\/hands-people-woman-working-600x400.jpg 600w, https:\/\/www.pimealdia.org\/wp-content\/uploads\/2020\/05\/hands-people-woman-working-400x267.jpg 400w, https:\/\/www.pimealdia.org\/wp-content\/uploads\/2020\/05\/hands-people-woman-working.jpg 1880w\" sizes=\"(max-width: 300px) 100vw, 300px\" \/>Las posibilidades son amplias, existen numerosas formas de protecci\u00f3n y defensa posterior de nuestras creaciones, y a distintos niveles. Y lo que es m\u00e1s importante en este momento: <b>invirtiendo pocos recursos econ\u00f3micos podemos revalorizar nuestra empresa.<\/b><\/span><\/p>\n<p style=\"text-align: justify;\"><span lang=\"ES\" style=\"color: black;\">Los derechos de propiedad industrial e intelectual (marcas, dise\u00f1os industriales, patentes, modelos de utilidad, derechos de autor, etc.) o el <i>know-how<\/i> y los secretos comerciales, est\u00e1n a nuestro alcance. <b>Ser\u00eda un error dejarlos, \u00fanicamente, en manos de las compa\u00f1\u00edas con grandes recursos para invertir en ellos.<\/b><\/span><\/p>\n<p style=\"text-align: justify;\"><span lang=\"ES\" style=\"color: black;\">Epicteto dec\u00eda:<span class=\"apple-converted-space\">\u00a0<\/span><em>\u201cNo esperes que el mundo sea como deseas, sino como es realmente\u201d.<\/em><span class=\"apple-converted-space\">\u00a0<\/span>Si ahora no podemos cambiar algunas de las circunstancias que nos rodean, s\u00ed podemos adaptarnos a ellas y ver la oportunidad en beneficio de nuestras empresas.<\/span><\/p>\n<p style=\"text-align: justify;\"><span lang=\"ES\" style=\"color: black;\"><strong>Ana Palao Bernabeu<\/strong><br \/>\n<\/span><span lang=\"ES\" style=\"font-family: 'Calibri',sans-serif; color: black; background: white;\">Directora del \u00e1rea de propiedad industrial e intelectual y cofundadora de\u00a0Palao Bernabeu Abogados<\/span><\/p>\n","protected":false},"excerpt":{"rendered":"<p>Ahora m\u00e1s que nunca, nuestra capacidad de adaptaci\u00f3n, creatividad y estrategia ser\u00e1n determinantes en la superaci\u00f3n de esta crisis. Las pymes y aut\u00f3nomos, quienes seguramente sufriremos el mayor impacto econ\u00f3mico, podemos aprovechar este escenario complicado y prepararnos para un futuro incierto. Marcar la diferencia, sea cual sea el sector empresarial, el tama\u00f1o de la empresa o su \u00e1mbito de extensi\u00f3n, ya era, y si cabe se revelar\u00e1 a\u00fan m\u00e1s importante en los pr\u00f3ximos meses\/a\u00f1os. En un momento en el que la I+D+i se est\u00e1 demostrando fundamental (\u00bfc\u00f3mo no haberlo previsto antes?), los aut\u00f3nomos y empresas no podemos dejar pasar la<\/p>\n","protected":false},"author":142,"featured_media":23783,"comment_status":"open","ping_status":"closed","sticky":false,"template":"","format":"standard","meta":[],"categories":[330],"tags":[],"_links":{"self":[{"href":"https:\/\/www.pimealdia.org\/es\/wp-json\/wp\/v2\/posts\/23790"}],"collection":[{"href":"https:\/\/www.pimealdia.org\/es\/wp-json\/wp\/v2\/posts"}],"about":[{"href":"https:\/\/www.pimealdia.org\/es\/wp-json\/wp\/v2\/types\/post"}],"author":[{"embeddable":true,"href":"https:\/\/www.pimealdia.org\/es\/wp-json\/wp\/v2\/users\/142"}],"replies":[{"embeddable":true,"href":"https:\/\/www.pimealdia.org\/es\/wp-json\/wp\/v2\/comments?post=23790"}],"version-history":[{"count":1,"href":"https:\/\/www.pimealdia.org\/es\/wp-json\/wp\/v2\/posts\/23790\/revisions"}],"predecessor-version":[{"id":23791,"href":"https:\/\/www.pimealdia.org\/es\/wp-json\/wp\/v2\/posts\/23790\/revisions\/23791"}],"wp:featuredmedia":[{"embeddable":true,"href":"https:\/\/www.pimealdia.org\/es\/wp-json\/wp\/v2\/media\/23783"}],"wp:attachment":[{"href":"https:\/\/www.pimealdia.org\/es\/wp-json\/wp\/v2\/media?parent=23790"}],"wp:term":[{"taxonomy":"category","embeddable":true,"href":"https:\/\/www.pimealdia.org\/es\/wp-json\/wp\/v2\/categories?post=23790"},{"taxonomy":"post_tag","embeddable":true,"href":"https:\/\/www.pimealdia.org\/es\/wp-json\/wp\/v2\/tags?post=23790"}],"curies":[{"name":"wp","href":"https:\/\/api.w.org\/{rel}","templated":true}]}}